{"id":1152,"date":"2025-05-08T16:13:01","date_gmt":"2025-05-08T16:13:01","guid":{"rendered":"https:\/\/avrupatv.eu\/?p=1152"},"modified":"2025-05-08T16:13:01","modified_gmt":"2025-05-08T16:13:01","slug":"belcikada-egitim-goruyor-turkiyede-cezaevinde-esila-ayikin-tutukluluguna-devam-karari","status":"publish","type":"post","link":"https:\/\/avrupatv.eu\/index.php\/2025\/05\/08\/belcikada-egitim-goruyor-turkiyede-cezaevinde-esila-ayikin-tutukluluguna-devam-karari\/","title":{"rendered":"Bel\u00e7ika&#8217;da E\u011fitim G\u00f6r\u00fcyor, T\u00fcrkiye&#8217;de Cezaevinde: Esila Ay\u0131k\u2019\u0131n Tutuklulu\u011funa Devam Karar\u0131"},"content":{"rendered":"\n<p>8 Nisan 2025 tarihinde Kad\u0131k\u00f6y Dayan\u0131\u015fma Sahnesi&#8217;nde ta\u015f\u0131d\u0131\u011f\u0131 &#8220;Diktat\u00f6r Erdo\u011fan&#8221; yaz\u0131l\u0131 d\u00f6viz nedeniyle tutuklanan Esila Ay\u0131k&#8217;\u0131n tutukluluk incelemesi bug\u00fcn ger\u00e7ekle\u015ftirildi.  <\/p>\n\n\n\n<p>Mahkeme, Ay\u0131k&#8217;\u0131n tutukluluk halinin devam\u0131na karar verdi. Ay\u0131k&#8217;\u0131n avukat\u0131 G\u00f6ksun Canberk Ulu\u011f, sosyal medya hesab\u0131ndan yapt\u0131\u011f\u0131 a\u00e7\u0131klamada, m\u00fcvekkilinin sa\u011fl\u0131k durumuna ili\u015fkin 135 sayfal\u0131k e-nab\u0131z ve epikriz raporlar\u0131n\u0131n yan\u0131 s\u0131ra \u0130stanbul Tabip Odas\u0131&#8217;n\u0131n &#8220;cezaevinde kalmaya elveri\u015fli de\u011fildir&#8221; y\u00f6n\u00fcndeki g\u00f6r\u00fc\u015f\u00fcn\u00fcn dikkate al\u0131nmad\u0131\u011f\u0131n\u0131 belirtti.  <\/p>\n\n\n\n<p>Ulu\u011f, ayr\u0131ca Ceza Genel Kurulu ve Yarg\u0131tay kararlar\u0131n\u0131n da g\u00f6z ard\u0131 edildi\u011fini ifade etti. Avukat Ulu\u011f, Ay\u0131k&#8217;\u0131n dosyas\u0131n\u0131n halen Adalet Bakanl\u0131\u011f\u0131&#8217;nda oldu\u011funu ve &#8220;kovu\u015fturma izni&#8221; dahi \u00e7\u0131kmad\u0131\u011f\u0131n\u0131 belirterek, &#8220;Kovu\u015fturma izni verilmemi\u015f bir su\u00e7 i\u00e7in 1 ayd\u0131r cezaevinde hasta bir \u015fekilde tutuklu&#8221; dedi. <\/p>\n","protected":false},"excerpt":{"rendered":"<p>8 Nisan 2025 tarihinde Kad\u0131k\u00f6y Dayan\u0131\u015fma Sahnesi&#8217;nde ta\u015f\u0131d\u0131\u011f\u0131 &#8220;Diktat\u00f6r Erdo\u011fan&#8221; yaz\u0131l\u0131 d\u00f6viz nedeniyle tutuklanan Esila Ay\u0131k&#8217;\u0131n tutukluluk incelemesi bug\u00fcn ger\u00e7ekle\u015ftirildi. Mahkeme, Ay\u0131k&#8217;\u0131n tutukluluk halinin devam\u0131na karar verdi. Ay\u0131k&#8217;\u0131n avukat\u0131 G\u00f6ksun Canberk Ulu\u011f, sosyal medya hesab\u0131ndan yapt\u0131\u011f\u0131 a\u00e7\u0131klamada, m\u00fcvekkilinin sa\u011fl\u0131k durumuna ili\u015fkin 135 sayfal\u0131k e-nab\u0131z ve epikriz raporlar\u0131n\u0131n yan\u0131 s\u0131ra \u0130stanbul Tabip Odas\u0131&#8217;n\u0131n &#8220;cezaevinde kalmaya elveri\u015fli [&hellip;]<\/p>\n","protected":false},"author":2,"featured_media":1153,"comment_status":"open","ping_status":"open","sticky":false,"template":"","format":"standard","meta":{"footnotes":""},"categories":[21,11],"tags":[],"class_list":["post-1152","post","type-post","status-publish","format-standard","has-post-thumbnail","hentry","category-belcika","category-turkiye"],"yoast_head":"<!-- This site is optimized with the Yoast SEO plugin v27.4 - https:\/\/yoast.com\/product\/yoast-seo-wordpress\/ -->\n<title>Bel\u00e7ika&#039;da E\u011fitim G\u00f6r\u00fcyor, T\u00fcrkiye&#039;de Cezaevinde: Esila Ay\u0131k\u2019\u0131n Tutuklulu\u011funa Devam Karar\u0131 - Avrupal\u0131 T\u00fcrklerin en Yeni Haber Portal\u0131<\/title>\n<meta name=\"robots\" content=\"index, follow, max-snippet:-1, max-image-preview:large, max-video-preview:-1\" \/>\n<link rel=\"canonical\" href=\"https:\/\/avrupatv.eu\/index.php\/2025\/05\/08\/belcikada-egitim-goruyor-turkiyede-cezaevinde-esila-ayikin-tutukluluguna-devam-karari\/\" \/>\n<meta property=\"og:locale\" content=\"tr_TR\" \/>\n<meta property=\"og:type\" content=\"article\" \/>\n<meta property=\"og:title\" content=\"Bel\u00e7ika&#039;da E\u011fitim G\u00f6r\u00fcyor, T\u00fcrkiye&#039;de Cezaevinde: Esila Ay\u0131k\u2019\u0131n Tutuklulu\u011funa Devam Karar\u0131 - Avrupal\u0131 T\u00fcrklerin en Yeni Haber Portal\u0131\" \/>\n<meta property=\"og:description\" content=\"8 Nisan 2025 tarihinde Kad\u0131k\u00f6y Dayan\u0131\u015fma Sahnesi&#8217;nde ta\u015f\u0131d\u0131\u011f\u0131 &#8220;Diktat\u00f6r Erdo\u011fan&#8221; yaz\u0131l\u0131 d\u00f6viz nedeniyle tutuklanan Esila Ay\u0131k&#8217;\u0131n tutukluluk incelemesi bug\u00fcn ger\u00e7ekle\u015ftirildi. Mahkeme, Ay\u0131k&#8217;\u0131n tutukluluk halinin devam\u0131na karar verdi. Ay\u0131k&#8217;\u0131n avukat\u0131 G\u00f6ksun Canberk Ulu\u011f, sosyal medya hesab\u0131ndan yapt\u0131\u011f\u0131 a\u00e7\u0131klamada, m\u00fcvekkilinin sa\u011fl\u0131k durumuna ili\u015fkin 135 sayfal\u0131k e-nab\u0131z ve epikriz raporlar\u0131n\u0131n yan\u0131 s\u0131ra \u0130stanbul Tabip Odas\u0131&#8217;n\u0131n &#8220;cezaevinde kalmaya elveri\u015fli [&hellip;]\" \/>\n<meta property=\"og:url\" content=\"https:\/\/avrupatv.eu\/index.php\/2025\/05\/08\/belcikada-egitim-goruyor-turkiyede-cezaevinde-esila-ayikin-tutukluluguna-devam-karari\/\" \/>\n<meta property=\"og:site_name\" content=\"Avrupal\u0131 T\u00fcrklerin en Yeni Haber Portal\u0131\" \/>\n<meta property=\"article:published_time\" content=\"2025-05-08T16:13:01+00:00\" \/>\n<meta property=\"og:image\" content=\"https:\/\/avrupatv.eu\/wp-content\/uploads\/2025\/05\/istanbul-esila-ayik-hakkindaki-yaniltic-683425-202369.jpg\" \/>\n\t<meta property=\"og:image:width\" content=\"425\" \/>\n\t<meta property=\"og:image:height\" content=\"619\" \/>\n\t<meta property=\"og:image:type\" content=\"image\/jpeg\" \/>\n<meta name=\"author\" content=\"Onur Akpinar\" \/>\n<meta name=\"twitter:card\" content=\"summary_large_image\" \/>\n<meta name=\"twitter:label1\" content=\"Yazan:\" \/>\n\t<meta name=\"twitter:data1\" content=\"Onur Akpinar\" \/>\n\t<meta name=\"twitter:label2\" content=\"Tahmini okuma s\u00fcresi\" \/>\n\t<meta name=\"twitter:data2\" content=\"1 dakika\" \/>\n<script type=\"application\/ld+json\" class=\"yoast-schema-graph\">{\"@context\":\"https:\\\/\\\/schema.org\",\"@graph\":[{\"@type\":\"Article\",\"@id\":\"https:\\\/\\\/avrupatv.eu\\\/index.php\\\/2025\\\/05\\\/08\\\/belcikada-egitim-goruyor-turkiyede-cezaevinde-esila-ayikin-tutukluluguna-devam-karari\\\/#article\",\"isPartOf\":{\"@id\":\"https:\\\/\\\/avrupatv.eu\\\/index.php\\\/2025\\\/05\\\/08\\\/belcikada-egitim-goruyor-turkiyede-cezaevinde-esila-ayikin-tutukluluguna-devam-karari\\\/\"},\"author\":{\"name\":\"Onur Akpinar\",\"@id\":\"https:\\\/\\\/avrupatv.eu\\\/#\\\/schema\\\/person\\\/d56afa5d5569da4029d483da36c0c17d\"},\"headline\":\"Bel\u00e7ika&#8217;da E\u011fitim G\u00f6r\u00fcyor, T\u00fcrkiye&#8217;de Cezaevinde: Esila Ay\u0131k\u2019\u0131n Tutuklulu\u011funa Devam Karar\u0131\",\"datePublished\":\"2025-05-08T16:13:01+00:00\",\"mainEntityOfPage\":{\"@id\":\"https:\\\/\\\/avrupatv.eu\\\/index.php\\\/2025\\\/05\\\/08\\\/belcikada-egitim-goruyor-turkiyede-cezaevinde-esila-ayikin-tutukluluguna-devam-karari\\\/\"},\"wordCount\":178,\"commentCount\":0,\"publisher\":{\"@id\":\"https:\\\/\\\/avrupatv.eu\\\/#organization\"},\"image\":{\"@id\":\"https:\\\/\\\/avrupatv.eu\\\/index.php\\\/2025\\\/05\\\/08\\\/belcikada-egitim-goruyor-turkiyede-cezaevinde-esila-ayikin-tutukluluguna-devam-karari\\\/#primaryimage\"},\"thumbnailUrl\":\"https:\\\/\\\/avrupatv.eu\\\/wp-content\\\/uploads\\\/2025\\\/05\\\/istanbul-esila-ayik-hakkindaki-yaniltic-683425-202369.jpg\",\"articleSection\":[\"Bel\u00e7ika\",\"T\u00fcrkiye\"],\"inLanguage\":\"tr\",\"potentialAction\":[{\"@type\":\"CommentAction\",\"name\":\"Comment\",\"target\":[\"https:\\\/\\\/avrupatv.eu\\\/index.php\\\/2025\\\/05\\\/08\\\/belcikada-egitim-goruyor-turkiyede-cezaevinde-esila-ayikin-tutukluluguna-devam-karari\\\/#respond\"]}]},{\"@type\":\"WebPage\",\"@id\":\"https:\\\/\\\/avrupatv.eu\\\/index.php\\\/2025\\\/05\\\/08\\\/belcikada-egitim-goruyor-turkiyede-cezaevinde-esila-ayikin-tutukluluguna-devam-karari\\\/\",\"url\":\"https:\\\/\\\/avrupatv.eu\\\/index.php\\\/2025\\\/05\\\/08\\\/belcikada-egitim-goruyor-turkiyede-cezaevinde-esila-ayikin-tutukluluguna-devam-karari\\\/\",\"name\":\"Bel\u00e7ika'da E\u011fitim G\u00f6r\u00fcyor, T\u00fcrkiye'de Cezaevinde: Esila Ay\u0131k\u2019\u0131n Tutuklulu\u011funa Devam Karar\u0131 - Avrupal\u0131 T\u00fcrklerin en Yeni Haber Portal\u0131\",\"isPartOf\":{\"@id\":\"https:\\\/\\\/avrupatv.eu\\\/#website\"},\"primaryImageOfPage\":{\"@id\":\"https:\\\/\\\/avrupatv.eu\\\/index.php\\\/2025\\\/05\\\/08\\\/belcikada-egitim-goruyor-turkiyede-cezaevinde-esila-ayikin-tutukluluguna-devam-karari\\\/#primaryimage\"},\"image\":{\"@id\":\"https:\\\/\\\/avrupatv.eu\\\/index.php\\\/2025\\\/05\\\/08\\\/belcikada-egitim-goruyor-turkiyede-cezaevinde-esila-ayikin-tutukluluguna-devam-karari\\\/#primaryimage\"},\"thumbnailUrl\":\"https:\\\/\\\/avrupatv.eu\\\/wp-content\\\/uploads\\\/2025\\\/05\\\/istanbul-esila-ayik-hakkindaki-yaniltic-683425-202369.jpg\",\"datePublished\":\"2025-05-08T16:13:01+00:00\",\"breadcrumb\":{\"@id\":\"https:\\\/\\\/avrupatv.eu\\\/index.php\\\/2025\\\/05\\\/08\\\/belcikada-egitim-goruyor-turkiyede-cezaevinde-esila-ayikin-tutukluluguna-devam-karari\\\/#breadcrumb\"},\"inLanguage\":\"tr\",\"potentialAction\":[{\"@type\":\"ReadAction\",\"target\":[\"https:\\\/\\\/avrupatv.eu\\\/index.php\\\/2025\\\/05\\\/08\\\/belcikada-egitim-goruyor-turkiyede-cezaevinde-esila-ayikin-tutukluluguna-devam-karari\\\/\"]}]},{\"@type\":\"ImageObject\",\"inLanguage\":\"tr\",\"@id\":\"https:\\\/\\\/avrupatv.eu\\\/index.php\\\/2025\\\/05\\\/08\\\/belcikada-egitim-goruyor-turkiyede-cezaevinde-esila-ayikin-tutukluluguna-devam-karari\\\/#primaryimage\",\"url\":\"https:\\\/\\\/avrupatv.eu\\\/wp-content\\\/uploads\\\/2025\\\/05\\\/istanbul-esila-ayik-hakkindaki-yaniltic-683425-202369.jpg\",\"contentUrl\":\"https:\\\/\\\/avrupatv.eu\\\/wp-content\\\/uploads\\\/2025\\\/05\\\/istanbul-esila-ayik-hakkindaki-yaniltic-683425-202369.jpg\",\"width\":425,\"height\":619,\"caption\":\"Esila Ay\u0131k hakk\u0131ndaki payla\u015f\u0131mlar i\u00e7in soru\u015fturma ba\u015flat\u0131ld\u0131. (DHA)\"},{\"@type\":\"BreadcrumbList\",\"@id\":\"https:\\\/\\\/avrupatv.eu\\\/index.php\\\/2025\\\/05\\\/08\\\/belcikada-egitim-goruyor-turkiyede-cezaevinde-esila-ayikin-tutukluluguna-devam-karari\\\/#breadcrumb\",\"itemListElement\":[{\"@type\":\"ListItem\",\"position\":1,\"name\":\"Anasayfa\",\"item\":\"https:\\\/\\\/avrupatv.eu\\\/\"},{\"@type\":\"ListItem\",\"position\":2,\"name\":\"Bel\u00e7ika&#8217;da E\u011fitim G\u00f6r\u00fcyor, T\u00fcrkiye&#8217;de Cezaevinde: Esila Ay\u0131k\u2019\u0131n Tutuklulu\u011funa Devam Karar\u0131\"}]},{\"@type\":\"WebSite\",\"@id\":\"https:\\\/\\\/avrupatv.eu\\\/#website\",\"url\":\"https:\\\/\\\/avrupatv.eu\\\/\",\"name\":\"Avrupal\u0131 T\u00fcrklerin en Yeni Haber Portal\u0131\",\"description\":\"\",\"publisher\":{\"@id\":\"https:\\\/\\\/avrupatv.eu\\\/#organization\"},\"alternateName\":\"Avrupa tv\",\"potentialAction\":[{\"@type\":\"SearchAction\",\"target\":{\"@type\":\"EntryPoint\",\"urlTemplate\":\"https:\\\/\\\/avrupatv.eu\\\/?s={search_term_string}\"},\"query-input\":{\"@type\":\"PropertyValueSpecification\",\"valueRequired\":true,\"valueName\":\"search_term_string\"}}],\"inLanguage\":\"tr\"},{\"@type\":\"Organization\",\"@id\":\"https:\\\/\\\/avrupatv.eu\\\/#organization\",\"name\":\"Avrupa Haber\",\"url\":\"https:\\\/\\\/avrupatv.eu\\\/\",\"logo\":{\"@type\":\"ImageObject\",\"inLanguage\":\"tr\",\"@id\":\"https:\\\/\\\/avrupatv.eu\\\/#\\\/schema\\\/logo\\\/image\\\/\",\"url\":\"https:\\\/\\\/avrupatv.eu\\\/wp-content\\\/uploads\\\/2023\\\/10\\\/cropped-thumbnail_logo.png\",\"contentUrl\":\"https:\\\/\\\/avrupatv.eu\\\/wp-content\\\/uploads\\\/2023\\\/10\\\/cropped-thumbnail_logo.png\",\"width\":1025,\"height\":302,\"caption\":\"Avrupa Haber\"},\"image\":{\"@id\":\"https:\\\/\\\/avrupatv.eu\\\/#\\\/schema\\\/logo\\\/image\\\/\"}},{\"@type\":\"Person\",\"@id\":\"https:\\\/\\\/avrupatv.eu\\\/#\\\/schema\\\/person\\\/d56afa5d5569da4029d483da36c0c17d\",\"name\":\"Onur Akpinar\",\"image\":{\"@type\":\"ImageObject\",\"inLanguage\":\"tr\",\"@id\":\"https:\\\/\\\/secure.gravatar.com\\\/avatar\\\/67a1a0bdf34f82da209334e4684b7e7171a58a5a2b0a8f836b61044f5c1f5d6a?s=96&d=mm&r=g\",\"url\":\"https:\\\/\\\/secure.gravatar.com\\\/avatar\\\/67a1a0bdf34f82da209334e4684b7e7171a58a5a2b0a8f836b61044f5c1f5d6a?s=96&d=mm&r=g\",\"contentUrl\":\"https:\\\/\\\/secure.gravatar.com\\\/avatar\\\/67a1a0bdf34f82da209334e4684b7e7171a58a5a2b0a8f836b61044f5c1f5d6a?s=96&d=mm&r=g\",\"caption\":\"Onur Akpinar\"},\"url\":\"https:\\\/\\\/avrupatv.eu\\\/index.php\\\/author\\\/onur-akpinar\\\/\"}]}<\/script>\n<!-- \/ Yoast SEO plugin. -->","yoast_head_json":{"title":"Bel\u00e7ika'da E\u011fitim G\u00f6r\u00fcyor, T\u00fcrkiye'de Cezaevinde: Esila Ay\u0131k\u2019\u0131n Tutuklulu\u011funa Devam Karar\u0131 - Avrupal\u0131 T\u00fcrklerin en Yeni Haber Portal\u0131","robots":{"index":"index","follow":"follow","max-snippet":"max-snippet:-1","max-image-preview":"max-image-preview:large","max-video-preview":"max-video-preview:-1"},"canonical":"https:\/\/avrupatv.eu\/index.php\/2025\/05\/08\/belcikada-egitim-goruyor-turkiyede-cezaevinde-esila-ayikin-tutukluluguna-devam-karari\/","og_locale":"tr_TR","og_type":"article","og_title":"Bel\u00e7ika'da E\u011fitim G\u00f6r\u00fcyor, T\u00fcrkiye'de Cezaevinde: Esila Ay\u0131k\u2019\u0131n Tutuklulu\u011funa Devam Karar\u0131 - Avrupal\u0131 T\u00fcrklerin en Yeni Haber Portal\u0131","og_description":"8 Nisan 2025 tarihinde Kad\u0131k\u00f6y Dayan\u0131\u015fma Sahnesi&#8217;nde ta\u015f\u0131d\u0131\u011f\u0131 &#8220;Diktat\u00f6r Erdo\u011fan&#8221; yaz\u0131l\u0131 d\u00f6viz nedeniyle tutuklanan Esila Ay\u0131k&#8217;\u0131n tutukluluk incelemesi bug\u00fcn ger\u00e7ekle\u015ftirildi. Mahkeme, Ay\u0131k&#8217;\u0131n tutukluluk halinin devam\u0131na karar verdi. Ay\u0131k&#8217;\u0131n avukat\u0131 G\u00f6ksun Canberk Ulu\u011f, sosyal medya hesab\u0131ndan yapt\u0131\u011f\u0131 a\u00e7\u0131klamada, m\u00fcvekkilinin sa\u011fl\u0131k durumuna ili\u015fkin 135 sayfal\u0131k e-nab\u0131z ve epikriz raporlar\u0131n\u0131n yan\u0131 s\u0131ra \u0130stanbul Tabip Odas\u0131&#8217;n\u0131n &#8220;cezaevinde kalmaya elveri\u015fli [&hellip;]","og_url":"https:\/\/avrupatv.eu\/index.php\/2025\/05\/08\/belcikada-egitim-goruyor-turkiyede-cezaevinde-esila-ayikin-tutukluluguna-devam-karari\/","og_site_name":"Avrupal\u0131 T\u00fcrklerin en Yeni Haber Portal\u0131","article_published_time":"2025-05-08T16:13:01+00:00","og_image":[{"width":425,"height":619,"url":"https:\/\/avrupatv.eu\/wp-content\/uploads\/2025\/05\/istanbul-esila-ayik-hakkindaki-yaniltic-683425-202369.jpg","type":"image\/jpeg"}],"author":"Onur Akpinar","twitter_card":"summary_large_image","twitter_misc":{"Yazan:":"Onur Akpinar","Tahmini okuma s\u00fcresi":"1 dakika"},"schema":{"@context":"https:\/\/schema.org","@graph":[{"@type":"Article","@id":"https:\/\/avrupatv.eu\/index.php\/2025\/05\/08\/belcikada-egitim-goruyor-turkiyede-cezaevinde-esila-ayikin-tutukluluguna-devam-karari\/#article","isPartOf":{"@id":"https:\/\/avrupatv.eu\/index.php\/2025\/05\/08\/belcikada-egitim-goruyor-turkiyede-cezaevinde-esila-ayikin-tutukluluguna-devam-karari\/"},"author":{"name":"Onur Akpinar","@id":"https:\/\/avrupatv.eu\/#\/schema\/person\/d56afa5d5569da4029d483da36c0c17d"},"headline":"Bel\u00e7ika&#8217;da E\u011fitim G\u00f6r\u00fcyor, T\u00fcrkiye&#8217;de Cezaevinde: Esila Ay\u0131k\u2019\u0131n Tutuklulu\u011funa Devam Karar\u0131","datePublished":"2025-05-08T16:13:01+00:00","mainEntityOfPage":{"@id":"https:\/\/avrupatv.eu\/index.php\/2025\/05\/08\/belcikada-egitim-goruyor-turkiyede-cezaevinde-esila-ayikin-tutukluluguna-devam-karari\/"},"wordCount":178,"commentCount":0,"publisher":{"@id":"https:\/\/avrupatv.eu\/#organization"},"image":{"@id":"https:\/\/avrupatv.eu\/index.php\/2025\/05\/08\/belcikada-egitim-goruyor-turkiyede-cezaevinde-esila-ayikin-tutukluluguna-devam-karari\/#primaryimage"},"thumbnailUrl":"https:\/\/avrupatv.eu\/wp-content\/uploads\/2025\/05\/istanbul-esila-ayik-hakkindaki-yaniltic-683425-202369.jpg","articleSection":["Bel\u00e7ika","T\u00fcrkiye"],"inLanguage":"tr","potentialAction":[{"@type":"CommentAction","name":"Comment","target":["https:\/\/avrupatv.eu\/index.php\/2025\/05\/08\/belcikada-egitim-goruyor-turkiyede-cezaevinde-esila-ayikin-tutukluluguna-devam-karari\/#respond"]}]},{"@type":"WebPage","@id":"https:\/\/avrupatv.eu\/index.php\/2025\/05\/08\/belcikada-egitim-goruyor-turkiyede-cezaevinde-esila-ayikin-tutukluluguna-devam-karari\/","url":"https:\/\/avrupatv.eu\/index.php\/2025\/05\/08\/belcikada-egitim-goruyor-turkiyede-cezaevinde-esila-ayikin-tutukluluguna-devam-karari\/","name":"Bel\u00e7ika'da E\u011fitim G\u00f6r\u00fcyor, T\u00fcrkiye'de Cezaevinde: Esila Ay\u0131k\u2019\u0131n Tutuklulu\u011funa Devam Karar\u0131 - Avrupal\u0131 T\u00fcrklerin en Yeni Haber Portal\u0131","isPartOf":{"@id":"https:\/\/avrupatv.eu\/#website"},"primaryImageOfPage":{"@id":"https:\/\/avrupatv.eu\/index.php\/2025\/05\/08\/belcikada-egitim-goruyor-turkiyede-cezaevinde-esila-ayikin-tutukluluguna-devam-karari\/#primaryimage"},"image":{"@id":"https:\/\/avrupatv.eu\/index.php\/2025\/05\/08\/belcikada-egitim-goruyor-turkiyede-cezaevinde-esila-ayikin-tutukluluguna-devam-karari\/#primaryimage"},"thumbnailUrl":"https:\/\/avrupatv.eu\/wp-content\/uploads\/2025\/05\/istanbul-esila-ayik-hakkindaki-yaniltic-683425-202369.jpg","datePublished":"2025-05-08T16:13:01+00:00","breadcrumb":{"@id":"https:\/\/avrupatv.eu\/index.php\/2025\/05\/08\/belcikada-egitim-goruyor-turkiyede-cezaevinde-esila-ayikin-tutukluluguna-devam-karari\/#breadcrumb"},"inLanguage":"tr","potentialAction":[{"@type":"ReadAction","target":["https:\/\/avrupatv.eu\/index.php\/2025\/05\/08\/belcikada-egitim-goruyor-turkiyede-cezaevinde-esila-ayikin-tutukluluguna-devam-karari\/"]}]},{"@type":"ImageObject","inLanguage":"tr","@id":"https:\/\/avrupatv.eu\/index.php\/2025\/05\/08\/belcikada-egitim-goruyor-turkiyede-cezaevinde-esila-ayikin-tutukluluguna-devam-karari\/#primaryimage","url":"https:\/\/avrupatv.eu\/wp-content\/uploads\/2025\/05\/istanbul-esila-ayik-hakkindaki-yaniltic-683425-202369.jpg","contentUrl":"https:\/\/avrupatv.eu\/wp-content\/uploads\/2025\/05\/istanbul-esila-ayik-hakkindaki-yaniltic-683425-202369.jpg","width":425,"height":619,"caption":"Esila Ay\u0131k hakk\u0131ndaki payla\u015f\u0131mlar i\u00e7in soru\u015fturma ba\u015flat\u0131ld\u0131. (DHA)"},{"@type":"BreadcrumbList","@id":"https:\/\/avrupatv.eu\/index.php\/2025\/05\/08\/belcikada-egitim-goruyor-turkiyede-cezaevinde-esila-ayikin-tutukluluguna-devam-karari\/#breadcrumb","itemListElement":[{"@type":"ListItem","position":1,"name":"Anasayfa","item":"https:\/\/avrupatv.eu\/"},{"@type":"ListItem","position":2,"name":"Bel\u00e7ika&#8217;da E\u011fitim G\u00f6r\u00fcyor, T\u00fcrkiye&#8217;de Cezaevinde: Esila Ay\u0131k\u2019\u0131n Tutuklulu\u011funa Devam Karar\u0131"}]},{"@type":"WebSite","@id":"https:\/\/avrupatv.eu\/#website","url":"https:\/\/avrupatv.eu\/","name":"Avrupal\u0131 T\u00fcrklerin en Yeni Haber Portal\u0131","description":"","publisher":{"@id":"https:\/\/avrupatv.eu\/#organization"},"alternateName":"Avrupa tv","potentialAction":[{"@type":"SearchAction","target":{"@type":"EntryPoint","urlTemplate":"https:\/\/avrupatv.eu\/?s={search_term_string}"},"query-input":{"@type":"PropertyValueSpecification","valueRequired":true,"valueName":"search_term_string"}}],"inLanguage":"tr"},{"@type":"Organization","@id":"https:\/\/avrupatv.eu\/#organization","name":"Avrupa Haber","url":"https:\/\/avrupatv.eu\/","logo":{"@type":"ImageObject","inLanguage":"tr","@id":"https:\/\/avrupatv.eu\/#\/schema\/logo\/image\/","url":"https:\/\/avrupatv.eu\/wp-content\/uploads\/2023\/10\/cropped-thumbnail_logo.png","contentUrl":"https:\/\/avrupatv.eu\/wp-content\/uploads\/2023\/10\/cropped-thumbnail_logo.png","width":1025,"height":302,"caption":"Avrupa Haber"},"image":{"@id":"https:\/\/avrupatv.eu\/#\/schema\/logo\/image\/"}},{"@type":"Person","@id":"https:\/\/avrupatv.eu\/#\/schema\/person\/d56afa5d5569da4029d483da36c0c17d","name":"Onur Akpinar","image":{"@type":"ImageObject","inLanguage":"tr","@id":"https:\/\/secure.gravatar.com\/avatar\/67a1a0bdf34f82da209334e4684b7e7171a58a5a2b0a8f836b61044f5c1f5d6a?s=96&d=mm&r=g","url":"https:\/\/secure.gravatar.com\/avatar\/67a1a0bdf34f82da209334e4684b7e7171a58a5a2b0a8f836b61044f5c1f5d6a?s=96&d=mm&r=g","contentUrl":"https:\/\/secure.gravatar.com\/avatar\/67a1a0bdf34f82da209334e4684b7e7171a58a5a2b0a8f836b61044f5c1f5d6a?s=96&d=mm&r=g","caption":"Onur Akpinar"},"url":"https:\/\/avrupatv.eu\/index.php\/author\/onur-akpinar\/"}]}},"_links":{"self":[{"href":"https:\/\/avrupatv.eu\/index.php\/wp-json\/wp\/v2\/posts\/1152","targetHints":{"allow":["GET"]}}],"collection":[{"href":"https:\/\/avrupatv.eu\/index.php\/wp-json\/wp\/v2\/posts"}],"about":[{"href":"https:\/\/avrupatv.eu\/index.php\/wp-json\/wp\/v2\/types\/post"}],"author":[{"embeddable":true,"href":"https:\/\/avrupatv.eu\/index.php\/wp-json\/wp\/v2\/users\/2"}],"replies":[{"embeddable":true,"href":"https:\/\/avrupatv.eu\/index.php\/wp-json\/wp\/v2\/comments?post=1152"}],"version-history":[{"count":1,"href":"https:\/\/avrupatv.eu\/index.php\/wp-json\/wp\/v2\/posts\/1152\/revisions"}],"predecessor-version":[{"id":1154,"href":"https:\/\/avrupatv.eu\/index.php\/wp-json\/wp\/v2\/posts\/1152\/revisions\/1154"}],"wp:featuredmedia":[{"embeddable":true,"href":"https:\/\/avrupatv.eu\/index.php\/wp-json\/wp\/v2\/media\/1153"}],"wp:attachment":[{"href":"https:\/\/avrupatv.eu\/index.php\/wp-json\/wp\/v2\/media?parent=1152"}],"wp:term":[{"taxonomy":"category","embeddable":true,"href":"https:\/\/avrupatv.eu\/index.php\/wp-json\/wp\/v2\/categories?post=1152"},{"taxonomy":"post_tag","embeddable":true,"href":"https:\/\/avrupatv.eu\/index.php\/wp-json\/wp\/v2\/tags?post=1152"}],"curies":[{"name":"wp","href":"https:\/\/api.w.org\/{rel}","templated":true}]}}