{"id":1149,"date":"2025-05-07T07:11:50","date_gmt":"2025-05-07T07:11:50","guid":{"rendered":"https:\/\/avrupatv.eu\/?p=1149"},"modified":"2025-05-07T07:11:51","modified_gmt":"2025-05-07T07:11:51","slug":"gazze-icin-siyasi-bomba-belcikanin-en-guclu-partisinden-surpriz-hamle","status":"publish","type":"post","link":"https:\/\/avrupatv.eu\/index.php\/2025\/05\/07\/gazze-icin-siyasi-bomba-belcikanin-en-guclu-partisinden-surpriz-hamle\/","title":{"rendered":"Gazze \u0130\u00e7in Siyasi Bomba: Bel\u00e7ika\u2019n\u0131n En G\u00fc\u00e7l\u00fc Partisinden S\u00fcrpriz Hamle!"},"content":{"rendered":"\n<p>Bel\u00e7ika&#8217;n\u0131n en b\u00fcy\u00fck siyasi partilerinden biri olan Yeni Flaman \u0130ttifak\u0131 (N-VA), tarihinde ilk kez Filistin konusunda a\u00e7\u0131k bir tutum ald\u0131. Partinin yeni ba\u015fkan\u0131 Valerie Van Peel, Fransa Cumhurba\u015fkan\u0131 Emmanuel Macron\u2019un Filistin Devleti\u2019ni tan\u0131ma plan\u0131na destek verdiklerini duyurdu.<\/p>\n\n\n\n<p>Van Peel, Radio 1\u2019e verdi\u011fi r\u00f6portajda, Ba\u015fbakan Bart De Wever\u2019in Macron ile g\u00f6r\u00fc\u015ft\u00fc\u011f\u00fcn\u00fc ve N-VA&#8217;n\u0131n iki devletli \u00e7\u00f6z\u00fcm\u00fc destekledi\u011fini a\u00e7\u0131klad\u0131. Bu a\u00e7\u0131klama, N-VA\u2019n\u0131n d\u0131\u015f politikada \u00e7izdi\u011fi geleneksel \u00e7izginin d\u0131\u015f\u0131na \u00e7\u0131kmas\u0131 a\u00e7\u0131s\u0131ndan dikkat \u00e7ekiyor.<\/p>\n\n\n\n<p>Ayn\u0131 g\u00fcn De Wever, Hollanda Ba\u015fbakan\u0131 Dick Schoof ile yapt\u0131\u011f\u0131 g\u00f6r\u00fc\u015fmede Gazze\u2019deki insani trajediye dikkat \u00e7ekerek, \u201cBu durum art\u0131k dayan\u0131lmaz hale geldi. Bir an \u00f6nce sona ermeli,\u201d dedi.<\/p>\n\n\n\n<p>\u0130ki devletli \u00e7\u00f6z\u00fcm plan\u0131, \u0130srail ve Filistin\u2019in bar\u0131\u015f i\u00e7inde yan yana iki ba\u011f\u0131ms\u0131z devlet olarak varl\u0131k g\u00f6stermesini \u00f6ng\u00f6r\u00fcyor. Bug\u00fcne kadar 147 \u00fclke Filistin\u2019i tan\u0131d\u0131. Ancak ABD, \u0130ngiltere, Almanya ve Fransa gibi b\u00fcy\u00fck Bat\u0131l\u0131 \u00fclkeler hen\u00fcz bu ad\u0131m\u0131 atmad\u0131. Fransa Cumhurba\u015fkan\u0131 Macron, Filistin\u2019i tan\u0131ma karar\u0131n\u0131n haziran ay\u0131nda New York\u2019taki BM konferans\u0131nda al\u0131nabilece\u011fini duyurmu\u015ftu.<\/p>\n\n\n\n<p>N-VA\u2019n\u0131n bu yeni pozisyonu, Bel\u00e7ika\u2019da Orta Do\u011fu politikalar\u0131nda \u00f6nemli tart\u0131\u015fmalar\u0131 tetikleyebilir. \u00d6zellikle federal h\u00fck\u00fcmet i\u00e7indeki dengeler bu a\u00e7\u0131klamayla yeniden \u015fekillenebilir.<\/p>\n","protected":false},"excerpt":{"rendered":"<p>Bel\u00e7ika&#8217;n\u0131n en b\u00fcy\u00fck siyasi partilerinden biri olan Yeni Flaman \u0130ttifak\u0131 (N-VA), tarihinde ilk kez Filistin konusunda a\u00e7\u0131k bir tutum ald\u0131. Partinin yeni ba\u015fkan\u0131 Valerie Van Peel, Fransa Cumhurba\u015fkan\u0131 Emmanuel Macron\u2019un Filistin Devleti\u2019ni tan\u0131ma plan\u0131na destek verdiklerini duyurdu. Van Peel, Radio 1\u2019e verdi\u011fi r\u00f6portajda, Ba\u015fbakan Bart De Wever\u2019in Macron ile g\u00f6r\u00fc\u015ft\u00fc\u011f\u00fcn\u00fc ve N-VA&#8217;n\u0131n iki devletli \u00e7\u00f6z\u00fcm\u00fc [&hellip;]<\/p>\n","protected":false},"author":2,"featured_media":1150,"comment_status":"open","ping_status":"open","sticky":false,"template":"","format":"standard","meta":{"footnotes":""},"categories":[21,6],"tags":[],"class_list":["post-1149","post","type-post","status-publish","format-standard","has-post-thumbnail","hentry","category-belcika","category-dunya"],"yoast_head":"<!-- This site is optimized with the Yoast SEO plugin v27.4 - https:\/\/yoast.com\/product\/yoast-seo-wordpress\/ -->\n<title>Gazze \u0130\u00e7in Siyasi Bomba: Bel\u00e7ika\u2019n\u0131n En G\u00fc\u00e7l\u00fc Partisinden S\u00fcrpriz Hamle! - Avrupal\u0131 T\u00fcrklerin en Yeni Haber Portal\u0131<\/title>\n<meta name=\"robots\" content=\"index, follow, max-snippet:-1, max-image-preview:large, max-video-preview:-1\" \/>\n<link rel=\"canonical\" href=\"https:\/\/avrupatv.eu\/index.php\/2025\/05\/07\/gazze-icin-siyasi-bomba-belcikanin-en-guclu-partisinden-surpriz-hamle\/\" \/>\n<meta property=\"og:locale\" content=\"tr_TR\" \/>\n<meta property=\"og:type\" content=\"article\" \/>\n<meta property=\"og:title\" content=\"Gazze \u0130\u00e7in Siyasi Bomba: Bel\u00e7ika\u2019n\u0131n En G\u00fc\u00e7l\u00fc Partisinden S\u00fcrpriz Hamle! - Avrupal\u0131 T\u00fcrklerin en Yeni Haber Portal\u0131\" \/>\n<meta property=\"og:description\" content=\"Bel\u00e7ika&#8217;n\u0131n en b\u00fcy\u00fck siyasi partilerinden biri olan Yeni Flaman \u0130ttifak\u0131 (N-VA), tarihinde ilk kez Filistin konusunda a\u00e7\u0131k bir tutum ald\u0131. Partinin yeni ba\u015fkan\u0131 Valerie Van Peel, Fransa Cumhurba\u015fkan\u0131 Emmanuel Macron\u2019un Filistin Devleti\u2019ni tan\u0131ma plan\u0131na destek verdiklerini duyurdu. Van Peel, Radio 1\u2019e verdi\u011fi r\u00f6portajda, Ba\u015fbakan Bart De Wever\u2019in Macron ile g\u00f6r\u00fc\u015ft\u00fc\u011f\u00fcn\u00fc ve N-VA&#8217;n\u0131n iki devletli \u00e7\u00f6z\u00fcm\u00fc [&hellip;]\" \/>\n<meta property=\"og:url\" content=\"https:\/\/avrupatv.eu\/index.php\/2025\/05\/07\/gazze-icin-siyasi-bomba-belcikanin-en-guclu-partisinden-surpriz-hamle\/\" \/>\n<meta property=\"og:site_name\" content=\"Avrupal\u0131 T\u00fcrklerin en Yeni Haber Portal\u0131\" \/>\n<meta property=\"article:published_time\" content=\"2025-05-07T07:11:50+00:00\" \/>\n<meta property=\"article:modified_time\" content=\"2025-05-07T07:11:51+00:00\" \/>\n<meta property=\"og:image\" content=\"https:\/\/avrupatv.eu\/wp-content\/uploads\/2025\/05\/thumbs-b-c-75acc6f9ceacff220f74cb09df2671fa.jpg\" \/>\n\t<meta property=\"og:image:width\" content=\"1024\" \/>\n\t<meta property=\"og:image:height\" content=\"576\" \/>\n\t<meta property=\"og:image:type\" content=\"image\/jpeg\" \/>\n<meta name=\"author\" content=\"Onur Akpinar\" \/>\n<meta name=\"twitter:card\" content=\"summary_large_image\" \/>\n<meta name=\"twitter:label1\" content=\"Yazan:\" \/>\n\t<meta name=\"twitter:data1\" content=\"Onur Akpinar\" \/>\n\t<meta name=\"twitter:label2\" content=\"Tahmini okuma s\u00fcresi\" \/>\n\t<meta name=\"twitter:data2\" content=\"2 dakika\" \/>\n<script type=\"application\/ld+json\" class=\"yoast-schema-graph\">{\"@context\":\"https:\\\/\\\/schema.org\",\"@graph\":[{\"@type\":\"Article\",\"@id\":\"https:\\\/\\\/avrupatv.eu\\\/index.php\\\/2025\\\/05\\\/07\\\/gazze-icin-siyasi-bomba-belcikanin-en-guclu-partisinden-surpriz-hamle\\\/#article\",\"isPartOf\":{\"@id\":\"https:\\\/\\\/avrupatv.eu\\\/index.php\\\/2025\\\/05\\\/07\\\/gazze-icin-siyasi-bomba-belcikanin-en-guclu-partisinden-surpriz-hamle\\\/\"},\"author\":{\"name\":\"Onur Akpinar\",\"@id\":\"https:\\\/\\\/avrupatv.eu\\\/#\\\/schema\\\/person\\\/d56afa5d5569da4029d483da36c0c17d\"},\"headline\":\"Gazze \u0130\u00e7in Siyasi Bomba: Bel\u00e7ika\u2019n\u0131n En G\u00fc\u00e7l\u00fc Partisinden S\u00fcrpriz Hamle!\",\"datePublished\":\"2025-05-07T07:11:50+00:00\",\"dateModified\":\"2025-05-07T07:11:51+00:00\",\"mainEntityOfPage\":{\"@id\":\"https:\\\/\\\/avrupatv.eu\\\/index.php\\\/2025\\\/05\\\/07\\\/gazze-icin-siyasi-bomba-belcikanin-en-guclu-partisinden-surpriz-hamle\\\/\"},\"wordCount\":261,\"commentCount\":0,\"publisher\":{\"@id\":\"https:\\\/\\\/avrupatv.eu\\\/#organization\"},\"image\":{\"@id\":\"https:\\\/\\\/avrupatv.eu\\\/index.php\\\/2025\\\/05\\\/07\\\/gazze-icin-siyasi-bomba-belcikanin-en-guclu-partisinden-surpriz-hamle\\\/#primaryimage\"},\"thumbnailUrl\":\"https:\\\/\\\/avrupatv.eu\\\/wp-content\\\/uploads\\\/2025\\\/05\\\/thumbs-b-c-75acc6f9ceacff220f74cb09df2671fa.jpg\",\"articleSection\":[\"Bel\u00e7ika\",\"D\u00fcnya\"],\"inLanguage\":\"tr\",\"potentialAction\":[{\"@type\":\"CommentAction\",\"name\":\"Comment\",\"target\":[\"https:\\\/\\\/avrupatv.eu\\\/index.php\\\/2025\\\/05\\\/07\\\/gazze-icin-siyasi-bomba-belcikanin-en-guclu-partisinden-surpriz-hamle\\\/#respond\"]}]},{\"@type\":\"WebPage\",\"@id\":\"https:\\\/\\\/avrupatv.eu\\\/index.php\\\/2025\\\/05\\\/07\\\/gazze-icin-siyasi-bomba-belcikanin-en-guclu-partisinden-surpriz-hamle\\\/\",\"url\":\"https:\\\/\\\/avrupatv.eu\\\/index.php\\\/2025\\\/05\\\/07\\\/gazze-icin-siyasi-bomba-belcikanin-en-guclu-partisinden-surpriz-hamle\\\/\",\"name\":\"Gazze \u0130\u00e7in Siyasi Bomba: Bel\u00e7ika\u2019n\u0131n En G\u00fc\u00e7l\u00fc Partisinden S\u00fcrpriz Hamle! - Avrupal\u0131 T\u00fcrklerin en Yeni Haber Portal\u0131\",\"isPartOf\":{\"@id\":\"https:\\\/\\\/avrupatv.eu\\\/#website\"},\"primaryImageOfPage\":{\"@id\":\"https:\\\/\\\/avrupatv.eu\\\/index.php\\\/2025\\\/05\\\/07\\\/gazze-icin-siyasi-bomba-belcikanin-en-guclu-partisinden-surpriz-hamle\\\/#primaryimage\"},\"image\":{\"@id\":\"https:\\\/\\\/avrupatv.eu\\\/index.php\\\/2025\\\/05\\\/07\\\/gazze-icin-siyasi-bomba-belcikanin-en-guclu-partisinden-surpriz-hamle\\\/#primaryimage\"},\"thumbnailUrl\":\"https:\\\/\\\/avrupatv.eu\\\/wp-content\\\/uploads\\\/2025\\\/05\\\/thumbs-b-c-75acc6f9ceacff220f74cb09df2671fa.jpg\",\"datePublished\":\"2025-05-07T07:11:50+00:00\",\"dateModified\":\"2025-05-07T07:11:51+00:00\",\"breadcrumb\":{\"@id\":\"https:\\\/\\\/avrupatv.eu\\\/index.php\\\/2025\\\/05\\\/07\\\/gazze-icin-siyasi-bomba-belcikanin-en-guclu-partisinden-surpriz-hamle\\\/#breadcrumb\"},\"inLanguage\":\"tr\",\"potentialAction\":[{\"@type\":\"ReadAction\",\"target\":[\"https:\\\/\\\/avrupatv.eu\\\/index.php\\\/2025\\\/05\\\/07\\\/gazze-icin-siyasi-bomba-belcikanin-en-guclu-partisinden-surpriz-hamle\\\/\"]}]},{\"@type\":\"ImageObject\",\"inLanguage\":\"tr\",\"@id\":\"https:\\\/\\\/avrupatv.eu\\\/index.php\\\/2025\\\/05\\\/07\\\/gazze-icin-siyasi-bomba-belcikanin-en-guclu-partisinden-surpriz-hamle\\\/#primaryimage\",\"url\":\"https:\\\/\\\/avrupatv.eu\\\/wp-content\\\/uploads\\\/2025\\\/05\\\/thumbs-b-c-75acc6f9ceacff220f74cb09df2671fa.jpg\",\"contentUrl\":\"https:\\\/\\\/avrupatv.eu\\\/wp-content\\\/uploads\\\/2025\\\/05\\\/thumbs-b-c-75acc6f9ceacff220f74cb09df2671fa.jpg\",\"width\":1024,\"height\":576},{\"@type\":\"BreadcrumbList\",\"@id\":\"https:\\\/\\\/avrupatv.eu\\\/index.php\\\/2025\\\/05\\\/07\\\/gazze-icin-siyasi-bomba-belcikanin-en-guclu-partisinden-surpriz-hamle\\\/#breadcrumb\",\"itemListElement\":[{\"@type\":\"ListItem\",\"position\":1,\"name\":\"Anasayfa\",\"item\":\"https:\\\/\\\/avrupatv.eu\\\/\"},{\"@type\":\"ListItem\",\"position\":2,\"name\":\"Gazze \u0130\u00e7in Siyasi Bomba: Bel\u00e7ika\u2019n\u0131n En G\u00fc\u00e7l\u00fc Partisinden S\u00fcrpriz Hamle!\"}]},{\"@type\":\"WebSite\",\"@id\":\"https:\\\/\\\/avrupatv.eu\\\/#website\",\"url\":\"https:\\\/\\\/avrupatv.eu\\\/\",\"name\":\"Avrupal\u0131 T\u00fcrklerin en Yeni Haber Portal\u0131\",\"description\":\"\",\"publisher\":{\"@id\":\"https:\\\/\\\/avrupatv.eu\\\/#organization\"},\"alternateName\":\"Avrupa tv\",\"potentialAction\":[{\"@type\":\"SearchAction\",\"target\":{\"@type\":\"EntryPoint\",\"urlTemplate\":\"https:\\\/\\\/avrupatv.eu\\\/?s={search_term_string}\"},\"query-input\":{\"@type\":\"PropertyValueSpecification\",\"valueRequired\":true,\"valueName\":\"search_term_string\"}}],\"inLanguage\":\"tr\"},{\"@type\":\"Organization\",\"@id\":\"https:\\\/\\\/avrupatv.eu\\\/#organization\",\"name\":\"Avrupa Haber\",\"url\":\"https:\\\/\\\/avrupatv.eu\\\/\",\"logo\":{\"@type\":\"ImageObject\",\"inLanguage\":\"tr\",\"@id\":\"https:\\\/\\\/avrupatv.eu\\\/#\\\/schema\\\/logo\\\/image\\\/\",\"url\":\"https:\\\/\\\/avrupatv.eu\\\/wp-content\\\/uploads\\\/2023\\\/10\\\/cropped-thumbnail_logo.png\",\"contentUrl\":\"https:\\\/\\\/avrupatv.eu\\\/wp-content\\\/uploads\\\/2023\\\/10\\\/cropped-thumbnail_logo.png\",\"width\":1025,\"height\":302,\"caption\":\"Avrupa Haber\"},\"image\":{\"@id\":\"https:\\\/\\\/avrupatv.eu\\\/#\\\/schema\\\/logo\\\/image\\\/\"}},{\"@type\":\"Person\",\"@id\":\"https:\\\/\\\/avrupatv.eu\\\/#\\\/schema\\\/person\\\/d56afa5d5569da4029d483da36c0c17d\",\"name\":\"Onur Akpinar\",\"image\":{\"@type\":\"ImageObject\",\"inLanguage\":\"tr\",\"@id\":\"https:\\\/\\\/secure.gravatar.com\\\/avatar\\\/67a1a0bdf34f82da209334e4684b7e7171a58a5a2b0a8f836b61044f5c1f5d6a?s=96&d=mm&r=g\",\"url\":\"https:\\\/\\\/secure.gravatar.com\\\/avatar\\\/67a1a0bdf34f82da209334e4684b7e7171a58a5a2b0a8f836b61044f5c1f5d6a?s=96&d=mm&r=g\",\"contentUrl\":\"https:\\\/\\\/secure.gravatar.com\\\/avatar\\\/67a1a0bdf34f82da209334e4684b7e7171a58a5a2b0a8f836b61044f5c1f5d6a?s=96&d=mm&r=g\",\"caption\":\"Onur Akpinar\"},\"url\":\"https:\\\/\\\/avrupatv.eu\\\/index.php\\\/author\\\/onur-akpinar\\\/\"}]}<\/script>\n<!-- \/ Yoast SEO plugin. -->","yoast_head_json":{"title":"Gazze \u0130\u00e7in Siyasi Bomba: Bel\u00e7ika\u2019n\u0131n En G\u00fc\u00e7l\u00fc Partisinden S\u00fcrpriz Hamle! - Avrupal\u0131 T\u00fcrklerin en Yeni Haber Portal\u0131","robots":{"index":"index","follow":"follow","max-snippet":"max-snippet:-1","max-image-preview":"max-image-preview:large","max-video-preview":"max-video-preview:-1"},"canonical":"https:\/\/avrupatv.eu\/index.php\/2025\/05\/07\/gazze-icin-siyasi-bomba-belcikanin-en-guclu-partisinden-surpriz-hamle\/","og_locale":"tr_TR","og_type":"article","og_title":"Gazze \u0130\u00e7in Siyasi Bomba: Bel\u00e7ika\u2019n\u0131n En G\u00fc\u00e7l\u00fc Partisinden S\u00fcrpriz Hamle! - Avrupal\u0131 T\u00fcrklerin en Yeni Haber Portal\u0131","og_description":"Bel\u00e7ika&#8217;n\u0131n en b\u00fcy\u00fck siyasi partilerinden biri olan Yeni Flaman \u0130ttifak\u0131 (N-VA), tarihinde ilk kez Filistin konusunda a\u00e7\u0131k bir tutum ald\u0131. Partinin yeni ba\u015fkan\u0131 Valerie Van Peel, Fransa Cumhurba\u015fkan\u0131 Emmanuel Macron\u2019un Filistin Devleti\u2019ni tan\u0131ma plan\u0131na destek verdiklerini duyurdu. Van Peel, Radio 1\u2019e verdi\u011fi r\u00f6portajda, Ba\u015fbakan Bart De Wever\u2019in Macron ile g\u00f6r\u00fc\u015ft\u00fc\u011f\u00fcn\u00fc ve N-VA&#8217;n\u0131n iki devletli \u00e7\u00f6z\u00fcm\u00fc [&hellip;]","og_url":"https:\/\/avrupatv.eu\/index.php\/2025\/05\/07\/gazze-icin-siyasi-bomba-belcikanin-en-guclu-partisinden-surpriz-hamle\/","og_site_name":"Avrupal\u0131 T\u00fcrklerin en Yeni Haber Portal\u0131","article_published_time":"2025-05-07T07:11:50+00:00","article_modified_time":"2025-05-07T07:11:51+00:00","og_image":[{"width":1024,"height":576,"url":"https:\/\/avrupatv.eu\/wp-content\/uploads\/2025\/05\/thumbs-b-c-75acc6f9ceacff220f74cb09df2671fa.jpg","type":"image\/jpeg"}],"author":"Onur Akpinar","twitter_card":"summary_large_image","twitter_misc":{"Yazan:":"Onur Akpinar","Tahmini okuma s\u00fcresi":"2 dakika"},"schema":{"@context":"https:\/\/schema.org","@graph":[{"@type":"Article","@id":"https:\/\/avrupatv.eu\/index.php\/2025\/05\/07\/gazze-icin-siyasi-bomba-belcikanin-en-guclu-partisinden-surpriz-hamle\/#article","isPartOf":{"@id":"https:\/\/avrupatv.eu\/index.php\/2025\/05\/07\/gazze-icin-siyasi-bomba-belcikanin-en-guclu-partisinden-surpriz-hamle\/"},"author":{"name":"Onur Akpinar","@id":"https:\/\/avrupatv.eu\/#\/schema\/person\/d56afa5d5569da4029d483da36c0c17d"},"headline":"Gazze \u0130\u00e7in Siyasi Bomba: Bel\u00e7ika\u2019n\u0131n En G\u00fc\u00e7l\u00fc Partisinden S\u00fcrpriz Hamle!","datePublished":"2025-05-07T07:11:50+00:00","dateModified":"2025-05-07T07:11:51+00:00","mainEntityOfPage":{"@id":"https:\/\/avrupatv.eu\/index.php\/2025\/05\/07\/gazze-icin-siyasi-bomba-belcikanin-en-guclu-partisinden-surpriz-hamle\/"},"wordCount":261,"commentCount":0,"publisher":{"@id":"https:\/\/avrupatv.eu\/#organization"},"image":{"@id":"https:\/\/avrupatv.eu\/index.php\/2025\/05\/07\/gazze-icin-siyasi-bomba-belcikanin-en-guclu-partisinden-surpriz-hamle\/#primaryimage"},"thumbnailUrl":"https:\/\/avrupatv.eu\/wp-content\/uploads\/2025\/05\/thumbs-b-c-75acc6f9ceacff220f74cb09df2671fa.jpg","articleSection":["Bel\u00e7ika","D\u00fcnya"],"inLanguage":"tr","potentialAction":[{"@type":"CommentAction","name":"Comment","target":["https:\/\/avrupatv.eu\/index.php\/2025\/05\/07\/gazze-icin-siyasi-bomba-belcikanin-en-guclu-partisinden-surpriz-hamle\/#respond"]}]},{"@type":"WebPage","@id":"https:\/\/avrupatv.eu\/index.php\/2025\/05\/07\/gazze-icin-siyasi-bomba-belcikanin-en-guclu-partisinden-surpriz-hamle\/","url":"https:\/\/avrupatv.eu\/index.php\/2025\/05\/07\/gazze-icin-siyasi-bomba-belcikanin-en-guclu-partisinden-surpriz-hamle\/","name":"Gazze \u0130\u00e7in Siyasi Bomba: Bel\u00e7ika\u2019n\u0131n En G\u00fc\u00e7l\u00fc Partisinden S\u00fcrpriz Hamle! - Avrupal\u0131 T\u00fcrklerin en Yeni Haber Portal\u0131","isPartOf":{"@id":"https:\/\/avrupatv.eu\/#website"},"primaryImageOfPage":{"@id":"https:\/\/avrupatv.eu\/index.php\/2025\/05\/07\/gazze-icin-siyasi-bomba-belcikanin-en-guclu-partisinden-surpriz-hamle\/#primaryimage"},"image":{"@id":"https:\/\/avrupatv.eu\/index.php\/2025\/05\/07\/gazze-icin-siyasi-bomba-belcikanin-en-guclu-partisinden-surpriz-hamle\/#primaryimage"},"thumbnailUrl":"https:\/\/avrupatv.eu\/wp-content\/uploads\/2025\/05\/thumbs-b-c-75acc6f9ceacff220f74cb09df2671fa.jpg","datePublished":"2025-05-07T07:11:50+00:00","dateModified":"2025-05-07T07:11:51+00:00","breadcrumb":{"@id":"https:\/\/avrupatv.eu\/index.php\/2025\/05\/07\/gazze-icin-siyasi-bomba-belcikanin-en-guclu-partisinden-surpriz-hamle\/#breadcrumb"},"inLanguage":"tr","potentialAction":[{"@type":"ReadAction","target":["https:\/\/avrupatv.eu\/index.php\/2025\/05\/07\/gazze-icin-siyasi-bomba-belcikanin-en-guclu-partisinden-surpriz-hamle\/"]}]},{"@type":"ImageObject","inLanguage":"tr","@id":"https:\/\/avrupatv.eu\/index.php\/2025\/05\/07\/gazze-icin-siyasi-bomba-belcikanin-en-guclu-partisinden-surpriz-hamle\/#primaryimage","url":"https:\/\/avrupatv.eu\/wp-content\/uploads\/2025\/05\/thumbs-b-c-75acc6f9ceacff220f74cb09df2671fa.jpg","contentUrl":"https:\/\/avrupatv.eu\/wp-content\/uploads\/2025\/05\/thumbs-b-c-75acc6f9ceacff220f74cb09df2671fa.jpg","width":1024,"height":576},{"@type":"BreadcrumbList","@id":"https:\/\/avrupatv.eu\/index.php\/2025\/05\/07\/gazze-icin-siyasi-bomba-belcikanin-en-guclu-partisinden-surpriz-hamle\/#breadcrumb","itemListElement":[{"@type":"ListItem","position":1,"name":"Anasayfa","item":"https:\/\/avrupatv.eu\/"},{"@type":"ListItem","position":2,"name":"Gazze \u0130\u00e7in Siyasi Bomba: Bel\u00e7ika\u2019n\u0131n En G\u00fc\u00e7l\u00fc Partisinden S\u00fcrpriz Hamle!"}]},{"@type":"WebSite","@id":"https:\/\/avrupatv.eu\/#website","url":"https:\/\/avrupatv.eu\/","name":"Avrupal\u0131 T\u00fcrklerin en Yeni Haber Portal\u0131","description":"","publisher":{"@id":"https:\/\/avrupatv.eu\/#organization"},"alternateName":"Avrupa tv","potentialAction":[{"@type":"SearchAction","target":{"@type":"EntryPoint","urlTemplate":"https:\/\/avrupatv.eu\/?s={search_term_string}"},"query-input":{"@type":"PropertyValueSpecification","valueRequired":true,"valueName":"search_term_string"}}],"inLanguage":"tr"},{"@type":"Organization","@id":"https:\/\/avrupatv.eu\/#organization","name":"Avrupa Haber","url":"https:\/\/avrupatv.eu\/","logo":{"@type":"ImageObject","inLanguage":"tr","@id":"https:\/\/avrupatv.eu\/#\/schema\/logo\/image\/","url":"https:\/\/avrupatv.eu\/wp-content\/uploads\/2023\/10\/cropped-thumbnail_logo.png","contentUrl":"https:\/\/avrupatv.eu\/wp-content\/uploads\/2023\/10\/cropped-thumbnail_logo.png","width":1025,"height":302,"caption":"Avrupa Haber"},"image":{"@id":"https:\/\/avrupatv.eu\/#\/schema\/logo\/image\/"}},{"@type":"Person","@id":"https:\/\/avrupatv.eu\/#\/schema\/person\/d56afa5d5569da4029d483da36c0c17d","name":"Onur Akpinar","image":{"@type":"ImageObject","inLanguage":"tr","@id":"https:\/\/secure.gravatar.com\/avatar\/67a1a0bdf34f82da209334e4684b7e7171a58a5a2b0a8f836b61044f5c1f5d6a?s=96&d=mm&r=g","url":"https:\/\/secure.gravatar.com\/avatar\/67a1a0bdf34f82da209334e4684b7e7171a58a5a2b0a8f836b61044f5c1f5d6a?s=96&d=mm&r=g","contentUrl":"https:\/\/secure.gravatar.com\/avatar\/67a1a0bdf34f82da209334e4684b7e7171a58a5a2b0a8f836b61044f5c1f5d6a?s=96&d=mm&r=g","caption":"Onur Akpinar"},"url":"https:\/\/avrupatv.eu\/index.php\/author\/onur-akpinar\/"}]}},"_links":{"self":[{"href":"https:\/\/avrupatv.eu\/index.php\/wp-json\/wp\/v2\/posts\/1149","targetHints":{"allow":["GET"]}}],"collection":[{"href":"https:\/\/avrupatv.eu\/index.php\/wp-json\/wp\/v2\/posts"}],"about":[{"href":"https:\/\/avrupatv.eu\/index.php\/wp-json\/wp\/v2\/types\/post"}],"author":[{"embeddable":true,"href":"https:\/\/avrupatv.eu\/index.php\/wp-json\/wp\/v2\/users\/2"}],"replies":[{"embeddable":true,"href":"https:\/\/avrupatv.eu\/index.php\/wp-json\/wp\/v2\/comments?post=1149"}],"version-history":[{"count":1,"href":"https:\/\/avrupatv.eu\/index.php\/wp-json\/wp\/v2\/posts\/1149\/revisions"}],"predecessor-version":[{"id":1151,"href":"https:\/\/avrupatv.eu\/index.php\/wp-json\/wp\/v2\/posts\/1149\/revisions\/1151"}],"wp:featuredmedia":[{"embeddable":true,"href":"https:\/\/avrupatv.eu\/index.php\/wp-json\/wp\/v2\/media\/1150"}],"wp:attachment":[{"href":"https:\/\/avrupatv.eu\/index.php\/wp-json\/wp\/v2\/media?parent=1149"}],"wp:term":[{"taxonomy":"category","embeddable":true,"href":"https:\/\/avrupatv.eu\/index.php\/wp-json\/wp\/v2\/categories?post=1149"},{"taxonomy":"post_tag","embeddable":true,"href":"https:\/\/avrupatv.eu\/index.php\/wp-json\/wp\/v2\/tags?post=1149"}],"curies":[{"name":"wp","href":"https:\/\/api.w.org\/{rel}","templated":true}]}}