{"id":1144,"date":"2025-05-06T12:15:15","date_gmt":"2025-05-06T12:15:15","guid":{"rendered":"https:\/\/avrupatv.eu\/?p=1144"},"modified":"2025-05-06T12:15:16","modified_gmt":"2025-05-06T12:15:16","slug":"chp-lideri-bombayi-patlatti-bana-saldiran-imamogluna-suikasti-biliyordu","status":"publish","type":"post","link":"https:\/\/avrupatv.eu\/index.php\/2025\/05\/06\/chp-lideri-bombayi-patlatti-bana-saldiran-imamogluna-suikasti-biliyordu\/","title":{"rendered":"CHP Lideri Bombay\u0131 Patlatt\u0131: \u201cBana Sald\u0131ran, \u0130mamo\u011flu\u2019na Suikast\u0131 Biliyordu!\u201d"},"content":{"rendered":"\n<p>CHP Genel Ba\u015fkan\u0131 \u00d6zg\u00fcr \u00d6zel, partisinin 6 May\u0131s 2025 tarihli TBMM Grup Toplant\u0131s\u0131\u2019nda dikkat \u00e7ekici bir a\u00e7\u0131klama yapt\u0131. \u00d6zel, ge\u00e7ti\u011fimiz g\u00fcnlerde kendisine sald\u0131ran Sel\u00e7uk Tengio\u011flu\u2019nun, Ocak ay\u0131nda \u0130stanbul B\u00fcy\u00fck\u015fehir Belediyesi\u2019ne giderek Ekrem \u0130mamo\u011flu\u2019na y\u00f6nelik bir suikast plan\u0131 hakk\u0131nda ihbarda bulundu\u011funu s\u00f6yledi.<\/p>\n\n\n\n<p>\u00d6zel\u2019in iddias\u0131na g\u00f6re Tengio\u011flu, \u0130BB\u2019ye gelerek \u201cCezaevinde ko\u011fu\u015fta birlikte kald\u0131\u011f\u0131m ki\u015filere \u0130mamo\u011flu\u2019na suikast d\u00fczenlemeleri i\u00e7in talimat verildi\u201d dedi ve bu bilgiyi yetkililerle payla\u015ft\u0131. \u0130BB yetkilileri ise hemen polisi arayarak Tengio\u011flu\u2019nu emniyet birimlerine teslim etti.<\/p>\n\n\n\n<p>Bu geli\u015fme, \u00d6zg\u00fcr \u00d6zel\u2019e sald\u0131r\u0131 ile daha \u00f6nceki suikast ihbar\u0131 aras\u0131nda bir ba\u011flant\u0131 olabilece\u011fi \u015f\u00fcphesini g\u00fcndeme getirdi. \u00d6zel, savc\u0131l\u0131\u011fa seslenerek Tengio\u011flu\u2019nun cezaevindeki ko\u011fu\u015f arkada\u015flar\u0131n\u0131n kimler oldu\u011funu ve suikast iddias\u0131n\u0131n detaylar\u0131n\u0131n ara\u015ft\u0131r\u0131lmas\u0131 gerekti\u011fini vurgulad\u0131.<\/p>\n\n\n\n<p>Olay kamuoyunda b\u00fcy\u00fck yank\u0131 uyand\u0131r\u0131rken, g\u00fcvenlik birimlerinin ve yarg\u0131 makamlar\u0131n\u0131n a\u00e7\u0131klama yapmas\u0131 bekleniyor.<\/p>\n","protected":false},"excerpt":{"rendered":"<p>CHP Genel Ba\u015fkan\u0131 \u00d6zg\u00fcr \u00d6zel, partisinin 6 May\u0131s 2025 tarihli TBMM Grup Toplant\u0131s\u0131\u2019nda dikkat \u00e7ekici bir a\u00e7\u0131klama yapt\u0131. \u00d6zel, ge\u00e7ti\u011fimiz g\u00fcnlerde kendisine sald\u0131ran Sel\u00e7uk Tengio\u011flu\u2019nun, Ocak ay\u0131nda \u0130stanbul B\u00fcy\u00fck\u015fehir Belediyesi\u2019ne giderek Ekrem \u0130mamo\u011flu\u2019na y\u00f6nelik bir suikast plan\u0131 hakk\u0131nda ihbarda bulundu\u011funu s\u00f6yledi. \u00d6zel\u2019in iddias\u0131na g\u00f6re Tengio\u011flu, \u0130BB\u2019ye gelerek \u201cCezaevinde ko\u011fu\u015fta birlikte kald\u0131\u011f\u0131m ki\u015filere \u0130mamo\u011flu\u2019na suikast d\u00fczenlemeleri [&hellip;]<\/p>\n","protected":false},"author":2,"featured_media":1145,"comment_status":"open","ping_status":"open","sticky":false,"template":"","format":"standard","meta":{"footnotes":""},"categories":[11],"tags":[],"class_list":["post-1144","post","type-post","status-publish","format-standard","has-post-thumbnail","hentry","category-turkiye"],"yoast_head":"<!-- This site is optimized with the Yoast SEO plugin v27.4 - https:\/\/yoast.com\/product\/yoast-seo-wordpress\/ -->\n<title>CHP Lideri Bombay\u0131 Patlatt\u0131: \u201cBana Sald\u0131ran, \u0130mamo\u011flu\u2019na Suikast\u0131 Biliyordu!\u201d - Avrupal\u0131 T\u00fcrklerin en Yeni Haber Portal\u0131<\/title>\n<meta name=\"robots\" content=\"index, follow, max-snippet:-1, max-image-preview:large, max-video-preview:-1\" \/>\n<link rel=\"canonical\" href=\"https:\/\/avrupatv.eu\/index.php\/2025\/05\/06\/chp-lideri-bombayi-patlatti-bana-saldiran-imamogluna-suikasti-biliyordu\/\" \/>\n<meta property=\"og:locale\" content=\"tr_TR\" \/>\n<meta property=\"og:type\" content=\"article\" \/>\n<meta property=\"og:title\" content=\"CHP Lideri Bombay\u0131 Patlatt\u0131: \u201cBana Sald\u0131ran, \u0130mamo\u011flu\u2019na Suikast\u0131 Biliyordu!\u201d - Avrupal\u0131 T\u00fcrklerin en Yeni Haber Portal\u0131\" \/>\n<meta property=\"og:description\" content=\"CHP Genel Ba\u015fkan\u0131 \u00d6zg\u00fcr \u00d6zel, partisinin 6 May\u0131s 2025 tarihli TBMM Grup Toplant\u0131s\u0131\u2019nda dikkat \u00e7ekici bir a\u00e7\u0131klama yapt\u0131. \u00d6zel, ge\u00e7ti\u011fimiz g\u00fcnlerde kendisine sald\u0131ran Sel\u00e7uk Tengio\u011flu\u2019nun, Ocak ay\u0131nda \u0130stanbul B\u00fcy\u00fck\u015fehir Belediyesi\u2019ne giderek Ekrem \u0130mamo\u011flu\u2019na y\u00f6nelik bir suikast plan\u0131 hakk\u0131nda ihbarda bulundu\u011funu s\u00f6yledi. \u00d6zel\u2019in iddias\u0131na g\u00f6re Tengio\u011flu, \u0130BB\u2019ye gelerek \u201cCezaevinde ko\u011fu\u015fta birlikte kald\u0131\u011f\u0131m ki\u015filere \u0130mamo\u011flu\u2019na suikast d\u00fczenlemeleri [&hellip;]\" \/>\n<meta property=\"og:url\" content=\"https:\/\/avrupatv.eu\/index.php\/2025\/05\/06\/chp-lideri-bombayi-patlatti-bana-saldiran-imamogluna-suikasti-biliyordu\/\" \/>\n<meta property=\"og:site_name\" content=\"Avrupal\u0131 T\u00fcrklerin en Yeni Haber Portal\u0131\" \/>\n<meta property=\"article:published_time\" content=\"2025-05-06T12:15:15+00:00\" \/>\n<meta property=\"article:modified_time\" content=\"2025-05-06T12:15:16+00:00\" \/>\n<meta property=\"og:image\" content=\"https:\/\/avrupatv.eu\/wp-content\/uploads\/2025\/05\/images-2.jpeg\" \/>\n\t<meta property=\"og:image:width\" content=\"275\" \/>\n\t<meta property=\"og:image:height\" content=\"183\" \/>\n\t<meta property=\"og:image:type\" content=\"image\/jpeg\" \/>\n<meta name=\"author\" content=\"Onur Akpinar\" \/>\n<meta name=\"twitter:card\" content=\"summary_large_image\" \/>\n<meta name=\"twitter:label1\" content=\"Yazan:\" \/>\n\t<meta name=\"twitter:data1\" content=\"Onur Akpinar\" \/>\n\t<meta name=\"twitter:label2\" content=\"Tahmini okuma s\u00fcresi\" \/>\n\t<meta name=\"twitter:data2\" content=\"1 dakika\" \/>\n<script type=\"application\/ld+json\" class=\"yoast-schema-graph\">{\"@context\":\"https:\\\/\\\/schema.org\",\"@graph\":[{\"@type\":\"Article\",\"@id\":\"https:\\\/\\\/avrupatv.eu\\\/index.php\\\/2025\\\/05\\\/06\\\/chp-lideri-bombayi-patlatti-bana-saldiran-imamogluna-suikasti-biliyordu\\\/#article\",\"isPartOf\":{\"@id\":\"https:\\\/\\\/avrupatv.eu\\\/index.php\\\/2025\\\/05\\\/06\\\/chp-lideri-bombayi-patlatti-bana-saldiran-imamogluna-suikasti-biliyordu\\\/\"},\"author\":{\"name\":\"Onur Akpinar\",\"@id\":\"https:\\\/\\\/avrupatv.eu\\\/#\\\/schema\\\/person\\\/d56afa5d5569da4029d483da36c0c17d\"},\"headline\":\"CHP Lideri Bombay\u0131 Patlatt\u0131: \u201cBana Sald\u0131ran, \u0130mamo\u011flu\u2019na Suikast\u0131 Biliyordu!\u201d\",\"datePublished\":\"2025-05-06T12:15:15+00:00\",\"dateModified\":\"2025-05-06T12:15:16+00:00\",\"mainEntityOfPage\":{\"@id\":\"https:\\\/\\\/avrupatv.eu\\\/index.php\\\/2025\\\/05\\\/06\\\/chp-lideri-bombayi-patlatti-bana-saldiran-imamogluna-suikasti-biliyordu\\\/\"},\"wordCount\":204,\"commentCount\":0,\"publisher\":{\"@id\":\"https:\\\/\\\/avrupatv.eu\\\/#organization\"},\"image\":{\"@id\":\"https:\\\/\\\/avrupatv.eu\\\/index.php\\\/2025\\\/05\\\/06\\\/chp-lideri-bombayi-patlatti-bana-saldiran-imamogluna-suikasti-biliyordu\\\/#primaryimage\"},\"thumbnailUrl\":\"https:\\\/\\\/avrupatv.eu\\\/wp-content\\\/uploads\\\/2025\\\/05\\\/images-2.jpeg\",\"articleSection\":[\"T\u00fcrkiye\"],\"inLanguage\":\"tr\",\"potentialAction\":[{\"@type\":\"CommentAction\",\"name\":\"Comment\",\"target\":[\"https:\\\/\\\/avrupatv.eu\\\/index.php\\\/2025\\\/05\\\/06\\\/chp-lideri-bombayi-patlatti-bana-saldiran-imamogluna-suikasti-biliyordu\\\/#respond\"]}]},{\"@type\":\"WebPage\",\"@id\":\"https:\\\/\\\/avrupatv.eu\\\/index.php\\\/2025\\\/05\\\/06\\\/chp-lideri-bombayi-patlatti-bana-saldiran-imamogluna-suikasti-biliyordu\\\/\",\"url\":\"https:\\\/\\\/avrupatv.eu\\\/index.php\\\/2025\\\/05\\\/06\\\/chp-lideri-bombayi-patlatti-bana-saldiran-imamogluna-suikasti-biliyordu\\\/\",\"name\":\"CHP Lideri Bombay\u0131 Patlatt\u0131: \u201cBana Sald\u0131ran, \u0130mamo\u011flu\u2019na Suikast\u0131 Biliyordu!\u201d - Avrupal\u0131 T\u00fcrklerin en Yeni Haber Portal\u0131\",\"isPartOf\":{\"@id\":\"https:\\\/\\\/avrupatv.eu\\\/#website\"},\"primaryImageOfPage\":{\"@id\":\"https:\\\/\\\/avrupatv.eu\\\/index.php\\\/2025\\\/05\\\/06\\\/chp-lideri-bombayi-patlatti-bana-saldiran-imamogluna-suikasti-biliyordu\\\/#primaryimage\"},\"image\":{\"@id\":\"https:\\\/\\\/avrupatv.eu\\\/index.php\\\/2025\\\/05\\\/06\\\/chp-lideri-bombayi-patlatti-bana-saldiran-imamogluna-suikasti-biliyordu\\\/#primaryimage\"},\"thumbnailUrl\":\"https:\\\/\\\/avrupatv.eu\\\/wp-content\\\/uploads\\\/2025\\\/05\\\/images-2.jpeg\",\"datePublished\":\"2025-05-06T12:15:15+00:00\",\"dateModified\":\"2025-05-06T12:15:16+00:00\",\"breadcrumb\":{\"@id\":\"https:\\\/\\\/avrupatv.eu\\\/index.php\\\/2025\\\/05\\\/06\\\/chp-lideri-bombayi-patlatti-bana-saldiran-imamogluna-suikasti-biliyordu\\\/#breadcrumb\"},\"inLanguage\":\"tr\",\"potentialAction\":[{\"@type\":\"ReadAction\",\"target\":[\"https:\\\/\\\/avrupatv.eu\\\/index.php\\\/2025\\\/05\\\/06\\\/chp-lideri-bombayi-patlatti-bana-saldiran-imamogluna-suikasti-biliyordu\\\/\"]}]},{\"@type\":\"ImageObject\",\"inLanguage\":\"tr\",\"@id\":\"https:\\\/\\\/avrupatv.eu\\\/index.php\\\/2025\\\/05\\\/06\\\/chp-lideri-bombayi-patlatti-bana-saldiran-imamogluna-suikasti-biliyordu\\\/#primaryimage\",\"url\":\"https:\\\/\\\/avrupatv.eu\\\/wp-content\\\/uploads\\\/2025\\\/05\\\/images-2.jpeg\",\"contentUrl\":\"https:\\\/\\\/avrupatv.eu\\\/wp-content\\\/uploads\\\/2025\\\/05\\\/images-2.jpeg\",\"width\":275,\"height\":183},{\"@type\":\"BreadcrumbList\",\"@id\":\"https:\\\/\\\/avrupatv.eu\\\/index.php\\\/2025\\\/05\\\/06\\\/chp-lideri-bombayi-patlatti-bana-saldiran-imamogluna-suikasti-biliyordu\\\/#breadcrumb\",\"itemListElement\":[{\"@type\":\"ListItem\",\"position\":1,\"name\":\"Anasayfa\",\"item\":\"https:\\\/\\\/avrupatv.eu\\\/\"},{\"@type\":\"ListItem\",\"position\":2,\"name\":\"CHP Lideri Bombay\u0131 Patlatt\u0131: \u201cBana Sald\u0131ran, \u0130mamo\u011flu\u2019na Suikast\u0131 Biliyordu!\u201d\"}]},{\"@type\":\"WebSite\",\"@id\":\"https:\\\/\\\/avrupatv.eu\\\/#website\",\"url\":\"https:\\\/\\\/avrupatv.eu\\\/\",\"name\":\"Avrupal\u0131 T\u00fcrklerin en Yeni Haber Portal\u0131\",\"description\":\"\",\"publisher\":{\"@id\":\"https:\\\/\\\/avrupatv.eu\\\/#organization\"},\"alternateName\":\"Avrupa tv\",\"potentialAction\":[{\"@type\":\"SearchAction\",\"target\":{\"@type\":\"EntryPoint\",\"urlTemplate\":\"https:\\\/\\\/avrupatv.eu\\\/?s={search_term_string}\"},\"query-input\":{\"@type\":\"PropertyValueSpecification\",\"valueRequired\":true,\"valueName\":\"search_term_string\"}}],\"inLanguage\":\"tr\"},{\"@type\":\"Organization\",\"@id\":\"https:\\\/\\\/avrupatv.eu\\\/#organization\",\"name\":\"Avrupa Haber\",\"url\":\"https:\\\/\\\/avrupatv.eu\\\/\",\"logo\":{\"@type\":\"ImageObject\",\"inLanguage\":\"tr\",\"@id\":\"https:\\\/\\\/avrupatv.eu\\\/#\\\/schema\\\/logo\\\/image\\\/\",\"url\":\"https:\\\/\\\/avrupatv.eu\\\/wp-content\\\/uploads\\\/2023\\\/10\\\/cropped-thumbnail_logo.png\",\"contentUrl\":\"https:\\\/\\\/avrupatv.eu\\\/wp-content\\\/uploads\\\/2023\\\/10\\\/cropped-thumbnail_logo.png\",\"width\":1025,\"height\":302,\"caption\":\"Avrupa Haber\"},\"image\":{\"@id\":\"https:\\\/\\\/avrupatv.eu\\\/#\\\/schema\\\/logo\\\/image\\\/\"}},{\"@type\":\"Person\",\"@id\":\"https:\\\/\\\/avrupatv.eu\\\/#\\\/schema\\\/person\\\/d56afa5d5569da4029d483da36c0c17d\",\"name\":\"Onur Akpinar\",\"image\":{\"@type\":\"ImageObject\",\"inLanguage\":\"tr\",\"@id\":\"https:\\\/\\\/secure.gravatar.com\\\/avatar\\\/67a1a0bdf34f82da209334e4684b7e7171a58a5a2b0a8f836b61044f5c1f5d6a?s=96&d=mm&r=g\",\"url\":\"https:\\\/\\\/secure.gravatar.com\\\/avatar\\\/67a1a0bdf34f82da209334e4684b7e7171a58a5a2b0a8f836b61044f5c1f5d6a?s=96&d=mm&r=g\",\"contentUrl\":\"https:\\\/\\\/secure.gravatar.com\\\/avatar\\\/67a1a0bdf34f82da209334e4684b7e7171a58a5a2b0a8f836b61044f5c1f5d6a?s=96&d=mm&r=g\",\"caption\":\"Onur Akpinar\"},\"url\":\"https:\\\/\\\/avrupatv.eu\\\/index.php\\\/author\\\/onur-akpinar\\\/\"}]}<\/script>\n<!-- \/ Yoast SEO plugin. -->","yoast_head_json":{"title":"CHP Lideri Bombay\u0131 Patlatt\u0131: \u201cBana Sald\u0131ran, \u0130mamo\u011flu\u2019na Suikast\u0131 Biliyordu!\u201d - Avrupal\u0131 T\u00fcrklerin en Yeni Haber Portal\u0131","robots":{"index":"index","follow":"follow","max-snippet":"max-snippet:-1","max-image-preview":"max-image-preview:large","max-video-preview":"max-video-preview:-1"},"canonical":"https:\/\/avrupatv.eu\/index.php\/2025\/05\/06\/chp-lideri-bombayi-patlatti-bana-saldiran-imamogluna-suikasti-biliyordu\/","og_locale":"tr_TR","og_type":"article","og_title":"CHP Lideri Bombay\u0131 Patlatt\u0131: \u201cBana Sald\u0131ran, \u0130mamo\u011flu\u2019na Suikast\u0131 Biliyordu!\u201d - Avrupal\u0131 T\u00fcrklerin en Yeni Haber Portal\u0131","og_description":"CHP Genel Ba\u015fkan\u0131 \u00d6zg\u00fcr \u00d6zel, partisinin 6 May\u0131s 2025 tarihli TBMM Grup Toplant\u0131s\u0131\u2019nda dikkat \u00e7ekici bir a\u00e7\u0131klama yapt\u0131. \u00d6zel, ge\u00e7ti\u011fimiz g\u00fcnlerde kendisine sald\u0131ran Sel\u00e7uk Tengio\u011flu\u2019nun, Ocak ay\u0131nda \u0130stanbul B\u00fcy\u00fck\u015fehir Belediyesi\u2019ne giderek Ekrem \u0130mamo\u011flu\u2019na y\u00f6nelik bir suikast plan\u0131 hakk\u0131nda ihbarda bulundu\u011funu s\u00f6yledi. \u00d6zel\u2019in iddias\u0131na g\u00f6re Tengio\u011flu, \u0130BB\u2019ye gelerek \u201cCezaevinde ko\u011fu\u015fta birlikte kald\u0131\u011f\u0131m ki\u015filere \u0130mamo\u011flu\u2019na suikast d\u00fczenlemeleri [&hellip;]","og_url":"https:\/\/avrupatv.eu\/index.php\/2025\/05\/06\/chp-lideri-bombayi-patlatti-bana-saldiran-imamogluna-suikasti-biliyordu\/","og_site_name":"Avrupal\u0131 T\u00fcrklerin en Yeni Haber Portal\u0131","article_published_time":"2025-05-06T12:15:15+00:00","article_modified_time":"2025-05-06T12:15:16+00:00","og_image":[{"width":275,"height":183,"url":"https:\/\/avrupatv.eu\/wp-content\/uploads\/2025\/05\/images-2.jpeg","type":"image\/jpeg"}],"author":"Onur Akpinar","twitter_card":"summary_large_image","twitter_misc":{"Yazan:":"Onur Akpinar","Tahmini okuma s\u00fcresi":"1 dakika"},"schema":{"@context":"https:\/\/schema.org","@graph":[{"@type":"Article","@id":"https:\/\/avrupatv.eu\/index.php\/2025\/05\/06\/chp-lideri-bombayi-patlatti-bana-saldiran-imamogluna-suikasti-biliyordu\/#article","isPartOf":{"@id":"https:\/\/avrupatv.eu\/index.php\/2025\/05\/06\/chp-lideri-bombayi-patlatti-bana-saldiran-imamogluna-suikasti-biliyordu\/"},"author":{"name":"Onur Akpinar","@id":"https:\/\/avrupatv.eu\/#\/schema\/person\/d56afa5d5569da4029d483da36c0c17d"},"headline":"CHP Lideri Bombay\u0131 Patlatt\u0131: \u201cBana Sald\u0131ran, \u0130mamo\u011flu\u2019na Suikast\u0131 Biliyordu!\u201d","datePublished":"2025-05-06T12:15:15+00:00","dateModified":"2025-05-06T12:15:16+00:00","mainEntityOfPage":{"@id":"https:\/\/avrupatv.eu\/index.php\/2025\/05\/06\/chp-lideri-bombayi-patlatti-bana-saldiran-imamogluna-suikasti-biliyordu\/"},"wordCount":204,"commentCount":0,"publisher":{"@id":"https:\/\/avrupatv.eu\/#organization"},"image":{"@id":"https:\/\/avrupatv.eu\/index.php\/2025\/05\/06\/chp-lideri-bombayi-patlatti-bana-saldiran-imamogluna-suikasti-biliyordu\/#primaryimage"},"thumbnailUrl":"https:\/\/avrupatv.eu\/wp-content\/uploads\/2025\/05\/images-2.jpeg","articleSection":["T\u00fcrkiye"],"inLanguage":"tr","potentialAction":[{"@type":"CommentAction","name":"Comment","target":["https:\/\/avrupatv.eu\/index.php\/2025\/05\/06\/chp-lideri-bombayi-patlatti-bana-saldiran-imamogluna-suikasti-biliyordu\/#respond"]}]},{"@type":"WebPage","@id":"https:\/\/avrupatv.eu\/index.php\/2025\/05\/06\/chp-lideri-bombayi-patlatti-bana-saldiran-imamogluna-suikasti-biliyordu\/","url":"https:\/\/avrupatv.eu\/index.php\/2025\/05\/06\/chp-lideri-bombayi-patlatti-bana-saldiran-imamogluna-suikasti-biliyordu\/","name":"CHP Lideri Bombay\u0131 Patlatt\u0131: \u201cBana Sald\u0131ran, \u0130mamo\u011flu\u2019na Suikast\u0131 Biliyordu!\u201d - Avrupal\u0131 T\u00fcrklerin en Yeni Haber Portal\u0131","isPartOf":{"@id":"https:\/\/avrupatv.eu\/#website"},"primaryImageOfPage":{"@id":"https:\/\/avrupatv.eu\/index.php\/2025\/05\/06\/chp-lideri-bombayi-patlatti-bana-saldiran-imamogluna-suikasti-biliyordu\/#primaryimage"},"image":{"@id":"https:\/\/avrupatv.eu\/index.php\/2025\/05\/06\/chp-lideri-bombayi-patlatti-bana-saldiran-imamogluna-suikasti-biliyordu\/#primaryimage"},"thumbnailUrl":"https:\/\/avrupatv.eu\/wp-content\/uploads\/2025\/05\/images-2.jpeg","datePublished":"2025-05-06T12:15:15+00:00","dateModified":"2025-05-06T12:15:16+00:00","breadcrumb":{"@id":"https:\/\/avrupatv.eu\/index.php\/2025\/05\/06\/chp-lideri-bombayi-patlatti-bana-saldiran-imamogluna-suikasti-biliyordu\/#breadcrumb"},"inLanguage":"tr","potentialAction":[{"@type":"ReadAction","target":["https:\/\/avrupatv.eu\/index.php\/2025\/05\/06\/chp-lideri-bombayi-patlatti-bana-saldiran-imamogluna-suikasti-biliyordu\/"]}]},{"@type":"ImageObject","inLanguage":"tr","@id":"https:\/\/avrupatv.eu\/index.php\/2025\/05\/06\/chp-lideri-bombayi-patlatti-bana-saldiran-imamogluna-suikasti-biliyordu\/#primaryimage","url":"https:\/\/avrupatv.eu\/wp-content\/uploads\/2025\/05\/images-2.jpeg","contentUrl":"https:\/\/avrupatv.eu\/wp-content\/uploads\/2025\/05\/images-2.jpeg","width":275,"height":183},{"@type":"BreadcrumbList","@id":"https:\/\/avrupatv.eu\/index.php\/2025\/05\/06\/chp-lideri-bombayi-patlatti-bana-saldiran-imamogluna-suikasti-biliyordu\/#breadcrumb","itemListElement":[{"@type":"ListItem","position":1,"name":"Anasayfa","item":"https:\/\/avrupatv.eu\/"},{"@type":"ListItem","position":2,"name":"CHP Lideri Bombay\u0131 Patlatt\u0131: \u201cBana Sald\u0131ran, \u0130mamo\u011flu\u2019na Suikast\u0131 Biliyordu!\u201d"}]},{"@type":"WebSite","@id":"https:\/\/avrupatv.eu\/#website","url":"https:\/\/avrupatv.eu\/","name":"Avrupal\u0131 T\u00fcrklerin en Yeni Haber Portal\u0131","description":"","publisher":{"@id":"https:\/\/avrupatv.eu\/#organization"},"alternateName":"Avrupa tv","potentialAction":[{"@type":"SearchAction","target":{"@type":"EntryPoint","urlTemplate":"https:\/\/avrupatv.eu\/?s={search_term_string}"},"query-input":{"@type":"PropertyValueSpecification","valueRequired":true,"valueName":"search_term_string"}}],"inLanguage":"tr"},{"@type":"Organization","@id":"https:\/\/avrupatv.eu\/#organization","name":"Avrupa Haber","url":"https:\/\/avrupatv.eu\/","logo":{"@type":"ImageObject","inLanguage":"tr","@id":"https:\/\/avrupatv.eu\/#\/schema\/logo\/image\/","url":"https:\/\/avrupatv.eu\/wp-content\/uploads\/2023\/10\/cropped-thumbnail_logo.png","contentUrl":"https:\/\/avrupatv.eu\/wp-content\/uploads\/2023\/10\/cropped-thumbnail_logo.png","width":1025,"height":302,"caption":"Avrupa Haber"},"image":{"@id":"https:\/\/avrupatv.eu\/#\/schema\/logo\/image\/"}},{"@type":"Person","@id":"https:\/\/avrupatv.eu\/#\/schema\/person\/d56afa5d5569da4029d483da36c0c17d","name":"Onur Akpinar","image":{"@type":"ImageObject","inLanguage":"tr","@id":"https:\/\/secure.gravatar.com\/avatar\/67a1a0bdf34f82da209334e4684b7e7171a58a5a2b0a8f836b61044f5c1f5d6a?s=96&d=mm&r=g","url":"https:\/\/secure.gravatar.com\/avatar\/67a1a0bdf34f82da209334e4684b7e7171a58a5a2b0a8f836b61044f5c1f5d6a?s=96&d=mm&r=g","contentUrl":"https:\/\/secure.gravatar.com\/avatar\/67a1a0bdf34f82da209334e4684b7e7171a58a5a2b0a8f836b61044f5c1f5d6a?s=96&d=mm&r=g","caption":"Onur Akpinar"},"url":"https:\/\/avrupatv.eu\/index.php\/author\/onur-akpinar\/"}]}},"_links":{"self":[{"href":"https:\/\/avrupatv.eu\/index.php\/wp-json\/wp\/v2\/posts\/1144","targetHints":{"allow":["GET"]}}],"collection":[{"href":"https:\/\/avrupatv.eu\/index.php\/wp-json\/wp\/v2\/posts"}],"about":[{"href":"https:\/\/avrupatv.eu\/index.php\/wp-json\/wp\/v2\/types\/post"}],"author":[{"embeddable":true,"href":"https:\/\/avrupatv.eu\/index.php\/wp-json\/wp\/v2\/users\/2"}],"replies":[{"embeddable":true,"href":"https:\/\/avrupatv.eu\/index.php\/wp-json\/wp\/v2\/comments?post=1144"}],"version-history":[{"count":1,"href":"https:\/\/avrupatv.eu\/index.php\/wp-json\/wp\/v2\/posts\/1144\/revisions"}],"predecessor-version":[{"id":1146,"href":"https:\/\/avrupatv.eu\/index.php\/wp-json\/wp\/v2\/posts\/1144\/revisions\/1146"}],"wp:featuredmedia":[{"embeddable":true,"href":"https:\/\/avrupatv.eu\/index.php\/wp-json\/wp\/v2\/media\/1145"}],"wp:attachment":[{"href":"https:\/\/avrupatv.eu\/index.php\/wp-json\/wp\/v2\/media?parent=1144"}],"wp:term":[{"taxonomy":"category","embeddable":true,"href":"https:\/\/avrupatv.eu\/index.php\/wp-json\/wp\/v2\/categories?post=1144"},{"taxonomy":"post_tag","embeddable":true,"href":"https:\/\/avrupatv.eu\/index.php\/wp-json\/wp\/v2\/tags?post=1144"}],"curies":[{"name":"wp","href":"https:\/\/api.w.org\/{rel}","templated":true}]}}