{"id":1138,"date":"2025-05-03T14:09:09","date_gmt":"2025-05-03T14:09:09","guid":{"rendered":"https:\/\/avrupatv.eu\/?p=1138"},"modified":"2025-05-03T14:09:09","modified_gmt":"2025-05-03T14:09:09","slug":"sirri-sureyya-onder-hayatini-kaybetti","status":"publish","type":"post","link":"https:\/\/avrupatv.eu\/index.php\/2025\/05\/03\/sirri-sureyya-onder-hayatini-kaybetti\/","title":{"rendered":"S\u0131rr\u0131 S\u00fcreyya \u00d6nder Hayat\u0131n\u0131 Kaybetti"},"content":{"rendered":"\n<p>S\u0131rr\u0131 S\u00fcreyya \u00d6nder Hayat\u0131n\u0131 Kaybetti<\/p>\n\n\n\n<p>T\u00fcrk siyasetinin \u00f6nemli isimlerinden, eski HDP milletvekili ve sinemac\u0131 S\u0131rr\u0131 S\u00fcreyya \u00d6nder hayat\u0131n\u0131 kaybetti.<\/p>\n\n\n\n<p>Bir s\u00fcredir sa\u011fl\u0131k sorunlar\u0131 nedeniyle tedavi g\u00f6ren \u00d6nder\u2019in vefat\u0131, sevenleri ve siyasi \u00e7evrelerde b\u00fcy\u00fck \u00fcz\u00fcnt\u00fcye yol a\u00e7t\u0131.<\/p>\n\n\n\n<p>S\u0131rr\u0131 S\u00fcreyya \u00d6nder, 1962 y\u0131l\u0131nda Ad\u0131yaman\u2019da d\u00fcnyaya gelmi\u015f, 12 Eyl\u00fcl sonras\u0131 cezaevi y\u0131llar\u0131n\u0131n ard\u0131ndan gazetecilik ve sinemac\u0131l\u0131kla ad\u0131n\u0131 duyurmu\u015ftu. 2007 y\u0131l\u0131nda y\u00f6netti\u011fi &#8220;Beynelmilel&#8221; filmiyle b\u00fcy\u00fck be\u011feni toplam\u0131\u015f, 2011 se\u00e7imlerinde ba\u011f\u0131ms\u0131z aday olarak girdi\u011fi Meclis&#8217;te BDP ile HDP saflar\u0131nda siyaset yapm\u0131\u015ft\u0131.<\/p>\n\n\n\n<p>2013 y\u0131l\u0131ndaki \u00e7\u00f6z\u00fcm s\u00fcreci g\u00f6r\u00fc\u015fmelerinde aktif rol alan \u00d6nder, bar\u0131\u015f dili ve renkli ki\u015fili\u011fiyle geni\u015f bir kesim taraf\u0131ndan tan\u0131nm\u0131\u015ft\u0131.Cenaze t\u00f6reni ve defin bilgileri ailesi taraf\u0131ndan ilerleyen saatlerde payla\u015f\u0131lacak.<\/p>\n","protected":false},"excerpt":{"rendered":"<p>S\u0131rr\u0131 S\u00fcreyya \u00d6nder Hayat\u0131n\u0131 Kaybetti T\u00fcrk siyasetinin \u00f6nemli isimlerinden, eski HDP milletvekili ve sinemac\u0131 S\u0131rr\u0131 S\u00fcreyya \u00d6nder hayat\u0131n\u0131 kaybetti. Bir s\u00fcredir sa\u011fl\u0131k sorunlar\u0131 nedeniyle tedavi g\u00f6ren \u00d6nder\u2019in vefat\u0131, sevenleri ve siyasi \u00e7evrelerde b\u00fcy\u00fck \u00fcz\u00fcnt\u00fcye yol a\u00e7t\u0131. S\u0131rr\u0131 S\u00fcreyya \u00d6nder, 1962 y\u0131l\u0131nda Ad\u0131yaman\u2019da d\u00fcnyaya gelmi\u015f, 12 Eyl\u00fcl sonras\u0131 cezaevi y\u0131llar\u0131n\u0131n ard\u0131ndan gazetecilik ve sinemac\u0131l\u0131kla ad\u0131n\u0131 duyurmu\u015ftu. [&hellip;]<\/p>\n","protected":false},"author":2,"featured_media":1139,"comment_status":"open","ping_status":"open","sticky":false,"template":"","format":"standard","meta":{"footnotes":""},"categories":[11],"tags":[],"class_list":["post-1138","post","type-post","status-publish","format-standard","has-post-thumbnail","hentry","category-turkiye"],"yoast_head":"<!-- This site is optimized with the Yoast SEO plugin v27.5 - https:\/\/yoast.com\/product\/yoast-seo-wordpress\/ -->\n<title>S\u0131rr\u0131 S\u00fcreyya \u00d6nder Hayat\u0131n\u0131 Kaybetti - Avrupal\u0131 T\u00fcrklerin en Yeni Haber Portal\u0131<\/title>\n<meta name=\"robots\" content=\"index, follow, max-snippet:-1, max-image-preview:large, max-video-preview:-1\" \/>\n<link rel=\"canonical\" href=\"https:\/\/avrupatv.eu\/index.php\/2025\/05\/03\/sirri-sureyya-onder-hayatini-kaybetti\/\" \/>\n<meta property=\"og:locale\" content=\"tr_TR\" \/>\n<meta property=\"og:type\" content=\"article\" \/>\n<meta property=\"og:title\" content=\"S\u0131rr\u0131 S\u00fcreyya \u00d6nder Hayat\u0131n\u0131 Kaybetti - Avrupal\u0131 T\u00fcrklerin en Yeni Haber Portal\u0131\" \/>\n<meta property=\"og:description\" content=\"S\u0131rr\u0131 S\u00fcreyya \u00d6nder Hayat\u0131n\u0131 Kaybetti T\u00fcrk siyasetinin \u00f6nemli isimlerinden, eski HDP milletvekili ve sinemac\u0131 S\u0131rr\u0131 S\u00fcreyya \u00d6nder hayat\u0131n\u0131 kaybetti. Bir s\u00fcredir sa\u011fl\u0131k sorunlar\u0131 nedeniyle tedavi g\u00f6ren \u00d6nder\u2019in vefat\u0131, sevenleri ve siyasi \u00e7evrelerde b\u00fcy\u00fck \u00fcz\u00fcnt\u00fcye yol a\u00e7t\u0131. S\u0131rr\u0131 S\u00fcreyya \u00d6nder, 1962 y\u0131l\u0131nda Ad\u0131yaman\u2019da d\u00fcnyaya gelmi\u015f, 12 Eyl\u00fcl sonras\u0131 cezaevi y\u0131llar\u0131n\u0131n ard\u0131ndan gazetecilik ve sinemac\u0131l\u0131kla ad\u0131n\u0131 duyurmu\u015ftu. [&hellip;]\" \/>\n<meta property=\"og:url\" content=\"https:\/\/avrupatv.eu\/index.php\/2025\/05\/03\/sirri-sureyya-onder-hayatini-kaybetti\/\" \/>\n<meta property=\"og:site_name\" content=\"Avrupal\u0131 T\u00fcrklerin en Yeni Haber Portal\u0131\" \/>\n<meta property=\"article:published_time\" content=\"2025-05-03T14:09:09+00:00\" \/>\n<meta property=\"og:image\" content=\"https:\/\/avrupatv.eu\/wp-content\/uploads\/2025\/05\/sirri-sureyya-onderden-erdogan-ve-bahceliye-tesekkur-qfku.jpg\" \/>\n\t<meta property=\"og:image:width\" content=\"1280\" \/>\n\t<meta property=\"og:image:height\" content=\"720\" \/>\n\t<meta property=\"og:image:type\" content=\"image\/jpeg\" \/>\n<meta name=\"author\" content=\"Onur Akpinar\" \/>\n<meta name=\"twitter:card\" content=\"summary_large_image\" \/>\n<meta name=\"twitter:label1\" content=\"Yazan:\" \/>\n\t<meta name=\"twitter:data1\" content=\"Onur Akpinar\" \/>\n\t<meta name=\"twitter:label2\" content=\"Tahmini okuma s\u00fcresi\" \/>\n\t<meta name=\"twitter:data2\" content=\"1 dakika\" \/>\n<script type=\"application\/ld+json\" class=\"yoast-schema-graph\">{\"@context\":\"https:\\\/\\\/schema.org\",\"@graph\":[{\"@type\":\"Article\",\"@id\":\"https:\\\/\\\/avrupatv.eu\\\/index.php\\\/2025\\\/05\\\/03\\\/sirri-sureyya-onder-hayatini-kaybetti\\\/#article\",\"isPartOf\":{\"@id\":\"https:\\\/\\\/avrupatv.eu\\\/index.php\\\/2025\\\/05\\\/03\\\/sirri-sureyya-onder-hayatini-kaybetti\\\/\"},\"author\":{\"name\":\"Onur Akpinar\",\"@id\":\"https:\\\/\\\/avrupatv.eu\\\/#\\\/schema\\\/person\\\/d56afa5d5569da4029d483da36c0c17d\"},\"headline\":\"S\u0131rr\u0131 S\u00fcreyya \u00d6nder Hayat\u0131n\u0131 Kaybetti\",\"datePublished\":\"2025-05-03T14:09:09+00:00\",\"mainEntityOfPage\":{\"@id\":\"https:\\\/\\\/avrupatv.eu\\\/index.php\\\/2025\\\/05\\\/03\\\/sirri-sureyya-onder-hayatini-kaybetti\\\/\"},\"wordCount\":169,\"commentCount\":0,\"publisher\":{\"@id\":\"https:\\\/\\\/avrupatv.eu\\\/#organization\"},\"image\":{\"@id\":\"https:\\\/\\\/avrupatv.eu\\\/index.php\\\/2025\\\/05\\\/03\\\/sirri-sureyya-onder-hayatini-kaybetti\\\/#primaryimage\"},\"thumbnailUrl\":\"https:\\\/\\\/avrupatv.eu\\\/wp-content\\\/uploads\\\/2025\\\/05\\\/sirri-sureyya-onderden-erdogan-ve-bahceliye-tesekkur-qfku.jpg\",\"articleSection\":[\"T\u00fcrkiye\"],\"inLanguage\":\"tr\",\"potentialAction\":[{\"@type\":\"CommentAction\",\"name\":\"Comment\",\"target\":[\"https:\\\/\\\/avrupatv.eu\\\/index.php\\\/2025\\\/05\\\/03\\\/sirri-sureyya-onder-hayatini-kaybetti\\\/#respond\"]}]},{\"@type\":\"WebPage\",\"@id\":\"https:\\\/\\\/avrupatv.eu\\\/index.php\\\/2025\\\/05\\\/03\\\/sirri-sureyya-onder-hayatini-kaybetti\\\/\",\"url\":\"https:\\\/\\\/avrupatv.eu\\\/index.php\\\/2025\\\/05\\\/03\\\/sirri-sureyya-onder-hayatini-kaybetti\\\/\",\"name\":\"S\u0131rr\u0131 S\u00fcreyya \u00d6nder Hayat\u0131n\u0131 Kaybetti - Avrupal\u0131 T\u00fcrklerin en Yeni Haber Portal\u0131\",\"isPartOf\":{\"@id\":\"https:\\\/\\\/avrupatv.eu\\\/#website\"},\"primaryImageOfPage\":{\"@id\":\"https:\\\/\\\/avrupatv.eu\\\/index.php\\\/2025\\\/05\\\/03\\\/sirri-sureyya-onder-hayatini-kaybetti\\\/#primaryimage\"},\"image\":{\"@id\":\"https:\\\/\\\/avrupatv.eu\\\/index.php\\\/2025\\\/05\\\/03\\\/sirri-sureyya-onder-hayatini-kaybetti\\\/#primaryimage\"},\"thumbnailUrl\":\"https:\\\/\\\/avrupatv.eu\\\/wp-content\\\/uploads\\\/2025\\\/05\\\/sirri-sureyya-onderden-erdogan-ve-bahceliye-tesekkur-qfku.jpg\",\"datePublished\":\"2025-05-03T14:09:09+00:00\",\"breadcrumb\":{\"@id\":\"https:\\\/\\\/avrupatv.eu\\\/index.php\\\/2025\\\/05\\\/03\\\/sirri-sureyya-onder-hayatini-kaybetti\\\/#breadcrumb\"},\"inLanguage\":\"tr\",\"potentialAction\":[{\"@type\":\"ReadAction\",\"target\":[\"https:\\\/\\\/avrupatv.eu\\\/index.php\\\/2025\\\/05\\\/03\\\/sirri-sureyya-onder-hayatini-kaybetti\\\/\"]}]},{\"@type\":\"ImageObject\",\"inLanguage\":\"tr\",\"@id\":\"https:\\\/\\\/avrupatv.eu\\\/index.php\\\/2025\\\/05\\\/03\\\/sirri-sureyya-onder-hayatini-kaybetti\\\/#primaryimage\",\"url\":\"https:\\\/\\\/avrupatv.eu\\\/wp-content\\\/uploads\\\/2025\\\/05\\\/sirri-sureyya-onderden-erdogan-ve-bahceliye-tesekkur-qfku.jpg\",\"contentUrl\":\"https:\\\/\\\/avrupatv.eu\\\/wp-content\\\/uploads\\\/2025\\\/05\\\/sirri-sureyya-onderden-erdogan-ve-bahceliye-tesekkur-qfku.jpg\",\"width\":1280,\"height\":720},{\"@type\":\"BreadcrumbList\",\"@id\":\"https:\\\/\\\/avrupatv.eu\\\/index.php\\\/2025\\\/05\\\/03\\\/sirri-sureyya-onder-hayatini-kaybetti\\\/#breadcrumb\",\"itemListElement\":[{\"@type\":\"ListItem\",\"position\":1,\"name\":\"Anasayfa\",\"item\":\"https:\\\/\\\/avrupatv.eu\\\/\"},{\"@type\":\"ListItem\",\"position\":2,\"name\":\"S\u0131rr\u0131 S\u00fcreyya \u00d6nder Hayat\u0131n\u0131 Kaybetti\"}]},{\"@type\":\"WebSite\",\"@id\":\"https:\\\/\\\/avrupatv.eu\\\/#website\",\"url\":\"https:\\\/\\\/avrupatv.eu\\\/\",\"name\":\"Avrupal\u0131 T\u00fcrklerin en Yeni Haber Portal\u0131\",\"description\":\"\",\"publisher\":{\"@id\":\"https:\\\/\\\/avrupatv.eu\\\/#organization\"},\"alternateName\":\"Avrupa tv\",\"potentialAction\":[{\"@type\":\"SearchAction\",\"target\":{\"@type\":\"EntryPoint\",\"urlTemplate\":\"https:\\\/\\\/avrupatv.eu\\\/?s={search_term_string}\"},\"query-input\":{\"@type\":\"PropertyValueSpecification\",\"valueRequired\":true,\"valueName\":\"search_term_string\"}}],\"inLanguage\":\"tr\"},{\"@type\":\"Organization\",\"@id\":\"https:\\\/\\\/avrupatv.eu\\\/#organization\",\"name\":\"Avrupa Haber\",\"url\":\"https:\\\/\\\/avrupatv.eu\\\/\",\"logo\":{\"@type\":\"ImageObject\",\"inLanguage\":\"tr\",\"@id\":\"https:\\\/\\\/avrupatv.eu\\\/#\\\/schema\\\/logo\\\/image\\\/\",\"url\":\"https:\\\/\\\/avrupatv.eu\\\/wp-content\\\/uploads\\\/2023\\\/10\\\/cropped-thumbnail_logo.png\",\"contentUrl\":\"https:\\\/\\\/avrupatv.eu\\\/wp-content\\\/uploads\\\/2023\\\/10\\\/cropped-thumbnail_logo.png\",\"width\":1025,\"height\":302,\"caption\":\"Avrupa Haber\"},\"image\":{\"@id\":\"https:\\\/\\\/avrupatv.eu\\\/#\\\/schema\\\/logo\\\/image\\\/\"}},{\"@type\":\"Person\",\"@id\":\"https:\\\/\\\/avrupatv.eu\\\/#\\\/schema\\\/person\\\/d56afa5d5569da4029d483da36c0c17d\",\"name\":\"Onur Akpinar\",\"image\":{\"@type\":\"ImageObject\",\"inLanguage\":\"tr\",\"@id\":\"https:\\\/\\\/secure.gravatar.com\\\/avatar\\\/67a1a0bdf34f82da209334e4684b7e7171a58a5a2b0a8f836b61044f5c1f5d6a?s=96&d=mm&r=g\",\"url\":\"https:\\\/\\\/secure.gravatar.com\\\/avatar\\\/67a1a0bdf34f82da209334e4684b7e7171a58a5a2b0a8f836b61044f5c1f5d6a?s=96&d=mm&r=g\",\"contentUrl\":\"https:\\\/\\\/secure.gravatar.com\\\/avatar\\\/67a1a0bdf34f82da209334e4684b7e7171a58a5a2b0a8f836b61044f5c1f5d6a?s=96&d=mm&r=g\",\"caption\":\"Onur Akpinar\"},\"url\":\"https:\\\/\\\/avrupatv.eu\\\/index.php\\\/author\\\/onur-akpinar\\\/\"}]}<\/script>\n<!-- \/ Yoast SEO plugin. -->","yoast_head_json":{"title":"S\u0131rr\u0131 S\u00fcreyya \u00d6nder Hayat\u0131n\u0131 Kaybetti - Avrupal\u0131 T\u00fcrklerin en Yeni Haber Portal\u0131","robots":{"index":"index","follow":"follow","max-snippet":"max-snippet:-1","max-image-preview":"max-image-preview:large","max-video-preview":"max-video-preview:-1"},"canonical":"https:\/\/avrupatv.eu\/index.php\/2025\/05\/03\/sirri-sureyya-onder-hayatini-kaybetti\/","og_locale":"tr_TR","og_type":"article","og_title":"S\u0131rr\u0131 S\u00fcreyya \u00d6nder Hayat\u0131n\u0131 Kaybetti - Avrupal\u0131 T\u00fcrklerin en Yeni Haber Portal\u0131","og_description":"S\u0131rr\u0131 S\u00fcreyya \u00d6nder Hayat\u0131n\u0131 Kaybetti T\u00fcrk siyasetinin \u00f6nemli isimlerinden, eski HDP milletvekili ve sinemac\u0131 S\u0131rr\u0131 S\u00fcreyya \u00d6nder hayat\u0131n\u0131 kaybetti. Bir s\u00fcredir sa\u011fl\u0131k sorunlar\u0131 nedeniyle tedavi g\u00f6ren \u00d6nder\u2019in vefat\u0131, sevenleri ve siyasi \u00e7evrelerde b\u00fcy\u00fck \u00fcz\u00fcnt\u00fcye yol a\u00e7t\u0131. S\u0131rr\u0131 S\u00fcreyya \u00d6nder, 1962 y\u0131l\u0131nda Ad\u0131yaman\u2019da d\u00fcnyaya gelmi\u015f, 12 Eyl\u00fcl sonras\u0131 cezaevi y\u0131llar\u0131n\u0131n ard\u0131ndan gazetecilik ve sinemac\u0131l\u0131kla ad\u0131n\u0131 duyurmu\u015ftu. [&hellip;]","og_url":"https:\/\/avrupatv.eu\/index.php\/2025\/05\/03\/sirri-sureyya-onder-hayatini-kaybetti\/","og_site_name":"Avrupal\u0131 T\u00fcrklerin en Yeni Haber Portal\u0131","article_published_time":"2025-05-03T14:09:09+00:00","og_image":[{"width":1280,"height":720,"url":"https:\/\/avrupatv.eu\/wp-content\/uploads\/2025\/05\/sirri-sureyya-onderden-erdogan-ve-bahceliye-tesekkur-qfku.jpg","type":"image\/jpeg"}],"author":"Onur Akpinar","twitter_card":"summary_large_image","twitter_misc":{"Yazan:":"Onur Akpinar","Tahmini okuma s\u00fcresi":"1 dakika"},"schema":{"@context":"https:\/\/schema.org","@graph":[{"@type":"Article","@id":"https:\/\/avrupatv.eu\/index.php\/2025\/05\/03\/sirri-sureyya-onder-hayatini-kaybetti\/#article","isPartOf":{"@id":"https:\/\/avrupatv.eu\/index.php\/2025\/05\/03\/sirri-sureyya-onder-hayatini-kaybetti\/"},"author":{"name":"Onur Akpinar","@id":"https:\/\/avrupatv.eu\/#\/schema\/person\/d56afa5d5569da4029d483da36c0c17d"},"headline":"S\u0131rr\u0131 S\u00fcreyya \u00d6nder Hayat\u0131n\u0131 Kaybetti","datePublished":"2025-05-03T14:09:09+00:00","mainEntityOfPage":{"@id":"https:\/\/avrupatv.eu\/index.php\/2025\/05\/03\/sirri-sureyya-onder-hayatini-kaybetti\/"},"wordCount":169,"commentCount":0,"publisher":{"@id":"https:\/\/avrupatv.eu\/#organization"},"image":{"@id":"https:\/\/avrupatv.eu\/index.php\/2025\/05\/03\/sirri-sureyya-onder-hayatini-kaybetti\/#primaryimage"},"thumbnailUrl":"https:\/\/avrupatv.eu\/wp-content\/uploads\/2025\/05\/sirri-sureyya-onderden-erdogan-ve-bahceliye-tesekkur-qfku.jpg","articleSection":["T\u00fcrkiye"],"inLanguage":"tr","potentialAction":[{"@type":"CommentAction","name":"Comment","target":["https:\/\/avrupatv.eu\/index.php\/2025\/05\/03\/sirri-sureyya-onder-hayatini-kaybetti\/#respond"]}]},{"@type":"WebPage","@id":"https:\/\/avrupatv.eu\/index.php\/2025\/05\/03\/sirri-sureyya-onder-hayatini-kaybetti\/","url":"https:\/\/avrupatv.eu\/index.php\/2025\/05\/03\/sirri-sureyya-onder-hayatini-kaybetti\/","name":"S\u0131rr\u0131 S\u00fcreyya \u00d6nder Hayat\u0131n\u0131 Kaybetti - Avrupal\u0131 T\u00fcrklerin en Yeni Haber Portal\u0131","isPartOf":{"@id":"https:\/\/avrupatv.eu\/#website"},"primaryImageOfPage":{"@id":"https:\/\/avrupatv.eu\/index.php\/2025\/05\/03\/sirri-sureyya-onder-hayatini-kaybetti\/#primaryimage"},"image":{"@id":"https:\/\/avrupatv.eu\/index.php\/2025\/05\/03\/sirri-sureyya-onder-hayatini-kaybetti\/#primaryimage"},"thumbnailUrl":"https:\/\/avrupatv.eu\/wp-content\/uploads\/2025\/05\/sirri-sureyya-onderden-erdogan-ve-bahceliye-tesekkur-qfku.jpg","datePublished":"2025-05-03T14:09:09+00:00","breadcrumb":{"@id":"https:\/\/avrupatv.eu\/index.php\/2025\/05\/03\/sirri-sureyya-onder-hayatini-kaybetti\/#breadcrumb"},"inLanguage":"tr","potentialAction":[{"@type":"ReadAction","target":["https:\/\/avrupatv.eu\/index.php\/2025\/05\/03\/sirri-sureyya-onder-hayatini-kaybetti\/"]}]},{"@type":"ImageObject","inLanguage":"tr","@id":"https:\/\/avrupatv.eu\/index.php\/2025\/05\/03\/sirri-sureyya-onder-hayatini-kaybetti\/#primaryimage","url":"https:\/\/avrupatv.eu\/wp-content\/uploads\/2025\/05\/sirri-sureyya-onderden-erdogan-ve-bahceliye-tesekkur-qfku.jpg","contentUrl":"https:\/\/avrupatv.eu\/wp-content\/uploads\/2025\/05\/sirri-sureyya-onderden-erdogan-ve-bahceliye-tesekkur-qfku.jpg","width":1280,"height":720},{"@type":"BreadcrumbList","@id":"https:\/\/avrupatv.eu\/index.php\/2025\/05\/03\/sirri-sureyya-onder-hayatini-kaybetti\/#breadcrumb","itemListElement":[{"@type":"ListItem","position":1,"name":"Anasayfa","item":"https:\/\/avrupatv.eu\/"},{"@type":"ListItem","position":2,"name":"S\u0131rr\u0131 S\u00fcreyya \u00d6nder Hayat\u0131n\u0131 Kaybetti"}]},{"@type":"WebSite","@id":"https:\/\/avrupatv.eu\/#website","url":"https:\/\/avrupatv.eu\/","name":"Avrupal\u0131 T\u00fcrklerin en Yeni Haber Portal\u0131","description":"","publisher":{"@id":"https:\/\/avrupatv.eu\/#organization"},"alternateName":"Avrupa tv","potentialAction":[{"@type":"SearchAction","target":{"@type":"EntryPoint","urlTemplate":"https:\/\/avrupatv.eu\/?s={search_term_string}"},"query-input":{"@type":"PropertyValueSpecification","valueRequired":true,"valueName":"search_term_string"}}],"inLanguage":"tr"},{"@type":"Organization","@id":"https:\/\/avrupatv.eu\/#organization","name":"Avrupa Haber","url":"https:\/\/avrupatv.eu\/","logo":{"@type":"ImageObject","inLanguage":"tr","@id":"https:\/\/avrupatv.eu\/#\/schema\/logo\/image\/","url":"https:\/\/avrupatv.eu\/wp-content\/uploads\/2023\/10\/cropped-thumbnail_logo.png","contentUrl":"https:\/\/avrupatv.eu\/wp-content\/uploads\/2023\/10\/cropped-thumbnail_logo.png","width":1025,"height":302,"caption":"Avrupa Haber"},"image":{"@id":"https:\/\/avrupatv.eu\/#\/schema\/logo\/image\/"}},{"@type":"Person","@id":"https:\/\/avrupatv.eu\/#\/schema\/person\/d56afa5d5569da4029d483da36c0c17d","name":"Onur Akpinar","image":{"@type":"ImageObject","inLanguage":"tr","@id":"https:\/\/secure.gravatar.com\/avatar\/67a1a0bdf34f82da209334e4684b7e7171a58a5a2b0a8f836b61044f5c1f5d6a?s=96&d=mm&r=g","url":"https:\/\/secure.gravatar.com\/avatar\/67a1a0bdf34f82da209334e4684b7e7171a58a5a2b0a8f836b61044f5c1f5d6a?s=96&d=mm&r=g","contentUrl":"https:\/\/secure.gravatar.com\/avatar\/67a1a0bdf34f82da209334e4684b7e7171a58a5a2b0a8f836b61044f5c1f5d6a?s=96&d=mm&r=g","caption":"Onur Akpinar"},"url":"https:\/\/avrupatv.eu\/index.php\/author\/onur-akpinar\/"}]}},"_links":{"self":[{"href":"https:\/\/avrupatv.eu\/index.php\/wp-json\/wp\/v2\/posts\/1138","targetHints":{"allow":["GET"]}}],"collection":[{"href":"https:\/\/avrupatv.eu\/index.php\/wp-json\/wp\/v2\/posts"}],"about":[{"href":"https:\/\/avrupatv.eu\/index.php\/wp-json\/wp\/v2\/types\/post"}],"author":[{"embeddable":true,"href":"https:\/\/avrupatv.eu\/index.php\/wp-json\/wp\/v2\/users\/2"}],"replies":[{"embeddable":true,"href":"https:\/\/avrupatv.eu\/index.php\/wp-json\/wp\/v2\/comments?post=1138"}],"version-history":[{"count":1,"href":"https:\/\/avrupatv.eu\/index.php\/wp-json\/wp\/v2\/posts\/1138\/revisions"}],"predecessor-version":[{"id":1140,"href":"https:\/\/avrupatv.eu\/index.php\/wp-json\/wp\/v2\/posts\/1138\/revisions\/1140"}],"wp:featuredmedia":[{"embeddable":true,"href":"https:\/\/avrupatv.eu\/index.php\/wp-json\/wp\/v2\/media\/1139"}],"wp:attachment":[{"href":"https:\/\/avrupatv.eu\/index.php\/wp-json\/wp\/v2\/media?parent=1138"}],"wp:term":[{"taxonomy":"category","embeddable":true,"href":"https:\/\/avrupatv.eu\/index.php\/wp-json\/wp\/v2\/categories?post=1138"},{"taxonomy":"post_tag","embeddable":true,"href":"https:\/\/avrupatv.eu\/index.php\/wp-json\/wp\/v2\/tags?post=1138"}],"curies":[{"name":"wp","href":"https:\/\/api.w.org\/{rel}","templated":true}]}}