{"id":1134,"date":"2025-05-01T12:19:39","date_gmt":"2025-05-01T12:19:39","guid":{"rendered":"https:\/\/avrupatv.eu\/?p=1134"},"modified":"2025-05-01T12:22:37","modified_gmt":"2025-05-01T12:22:37","slug":"terorist-israilde-orman-yanginlari-kontrolden-cikti-4-ulkeden-yardim-talep-edildi","status":"publish","type":"post","link":"https:\/\/avrupatv.eu\/index.php\/2025\/05\/01\/terorist-israilde-orman-yanginlari-kontrolden-cikti-4-ulkeden-yardim-talep-edildi\/","title":{"rendered":"Ter\u00f6rist \u0130srail\u2019de Orman Yang\u0131nlar\u0131 Kontrolden \u00c7\u0131kt\u0131: 4 \u00dclkeden Yard\u0131m Talep Edildi"},"content":{"rendered":"\n<p>Ter\u00f6rist \u0130srail\u2019de Orman Yang\u0131nlar\u0131 Kontrolden \u00c7\u0131kt\u0131: 4 \u00dclkeden Yard\u0131m Talep Edildi<\/p>\n\n\n\n<p>\u0130srail, \u00fclkenin \u00e7e\u015fitli b\u00f6lgelerinde \u00e7\u0131kan ve h\u0131zla yay\u0131lan orman yang\u0131nlar\u0131yla m\u00fccadele ediyor. Y\u00fcksek s\u0131cakl\u0131klar ve kuvvetli r\u00fczgarlar\u0131n etkisiyle kontrol alt\u0131na al\u0131namayan alevler nedeniyle acil durum ilan edilirken, \u0130srail y\u00f6netimi 4 farkl\u0131 \u00fclkeden yard\u0131m talebinde bulundu.(K\u0131br\u0131s,Italya,Bulgaristan ve Yunanistan)<\/p>\n\n\n\n<p>\u0130srail \u0130\u00e7i\u015fleri Bakanl\u0131\u011f\u0131\u2019ndan yap\u0131lan a\u00e7\u0131klamada, yang\u0131n s\u00f6nd\u00fcrme \u00e7al\u0131\u015fmalar\u0131nda yetersiz kal\u0131nd\u0131\u011f\u0131 ve uluslararas\u0131 destek \u00e7a\u011fr\u0131s\u0131 yap\u0131ld\u0131\u011f\u0131 bildirildi. Yard\u0131m istenen \u00fclkelerin isimleri hen\u00fcz net olarak a\u00e7\u0131klanmazken, b\u00f6lgedeki yang\u0131nlar\u0131n yerle\u015fim yerlerine yakla\u015fmas\u0131 nedeniyle \u00e7ok say\u0131da ki\u015fi tahliye edildi.<\/p>\n\n\n\n<p>Yang\u0131nlardan en \u00e7ok etkilenen b\u00f6lgeler aras\u0131nda Kud\u00fcs \u00e7evresi ve \u00fclkenin kuzey kesimleri yer al\u0131yor. \u0130tfaiye ekipleri, ordu ve g\u00f6n\u00fcll\u00fclerin kat\u0131l\u0131m\u0131yla m\u00fcdahale edilen yang\u0131nlarda \u015fu ana kadar herhangi bir can kayb\u0131 bildirilmedi, ancak baz\u0131 evlerin ve tar\u0131m arazilerinin zarar g\u00f6rd\u00fc\u011f\u00fc aktar\u0131ld\u0131.<\/p>\n\n\n\n<p>Yetkililer, yang\u0131nlar\u0131n kontrol alt\u0131na al\u0131nmas\u0131n\u0131n g\u00fcnler s\u00fcrebilece\u011fini belirtirken, halktan dikkatli olmalar\u0131 ve tahliye uyar\u0131lar\u0131na uymalar\u0131 istendi.<\/p>\n","protected":false},"excerpt":{"rendered":"<p>Ter\u00f6rist \u0130srail\u2019de Orman Yang\u0131nlar\u0131 Kontrolden \u00c7\u0131kt\u0131: 4 \u00dclkeden Yard\u0131m Talep Edildi \u0130srail, \u00fclkenin \u00e7e\u015fitli b\u00f6lgelerinde \u00e7\u0131kan ve h\u0131zla yay\u0131lan orman yang\u0131nlar\u0131yla m\u00fccadele ediyor. Y\u00fcksek s\u0131cakl\u0131klar ve kuvvetli r\u00fczgarlar\u0131n etkisiyle kontrol alt\u0131na al\u0131namayan alevler nedeniyle acil durum ilan edilirken, \u0130srail y\u00f6netimi 4 farkl\u0131 \u00fclkeden yard\u0131m talebinde bulundu.(K\u0131br\u0131s,Italya,Bulgaristan ve Yunanistan) \u0130srail \u0130\u00e7i\u015fleri Bakanl\u0131\u011f\u0131\u2019ndan yap\u0131lan a\u00e7\u0131klamada, yang\u0131n s\u00f6nd\u00fcrme [&hellip;]<\/p>\n","protected":false},"author":2,"featured_media":1137,"comment_status":"open","ping_status":"open","sticky":false,"template":"","format":"standard","meta":{"footnotes":""},"categories":[6],"tags":[],"class_list":["post-1134","post","type-post","status-publish","format-standard","has-post-thumbnail","hentry","category-dunya"],"yoast_head":"<!-- This site is optimized with the Yoast SEO plugin v27.4 - https:\/\/yoast.com\/product\/yoast-seo-wordpress\/ -->\n<title>Ter\u00f6rist \u0130srail\u2019de Orman Yang\u0131nlar\u0131 Kontrolden \u00c7\u0131kt\u0131: 4 \u00dclkeden Yard\u0131m Talep Edildi - Avrupal\u0131 T\u00fcrklerin en Yeni Haber Portal\u0131<\/title>\n<meta name=\"robots\" content=\"index, follow, max-snippet:-1, max-image-preview:large, max-video-preview:-1\" \/>\n<link rel=\"canonical\" href=\"https:\/\/avrupatv.eu\/index.php\/2025\/05\/01\/terorist-israilde-orman-yanginlari-kontrolden-cikti-4-ulkeden-yardim-talep-edildi\/\" \/>\n<meta property=\"og:locale\" content=\"tr_TR\" \/>\n<meta property=\"og:type\" content=\"article\" \/>\n<meta property=\"og:title\" content=\"Ter\u00f6rist \u0130srail\u2019de Orman Yang\u0131nlar\u0131 Kontrolden \u00c7\u0131kt\u0131: 4 \u00dclkeden Yard\u0131m Talep Edildi - Avrupal\u0131 T\u00fcrklerin en Yeni Haber Portal\u0131\" \/>\n<meta property=\"og:description\" content=\"Ter\u00f6rist \u0130srail\u2019de Orman Yang\u0131nlar\u0131 Kontrolden \u00c7\u0131kt\u0131: 4 \u00dclkeden Yard\u0131m Talep Edildi \u0130srail, \u00fclkenin \u00e7e\u015fitli b\u00f6lgelerinde \u00e7\u0131kan ve h\u0131zla yay\u0131lan orman yang\u0131nlar\u0131yla m\u00fccadele ediyor. Y\u00fcksek s\u0131cakl\u0131klar ve kuvvetli r\u00fczgarlar\u0131n etkisiyle kontrol alt\u0131na al\u0131namayan alevler nedeniyle acil durum ilan edilirken, \u0130srail y\u00f6netimi 4 farkl\u0131 \u00fclkeden yard\u0131m talebinde bulundu.(K\u0131br\u0131s,Italya,Bulgaristan ve Yunanistan) \u0130srail \u0130\u00e7i\u015fleri Bakanl\u0131\u011f\u0131\u2019ndan yap\u0131lan a\u00e7\u0131klamada, yang\u0131n s\u00f6nd\u00fcrme [&hellip;]\" \/>\n<meta property=\"og:url\" content=\"https:\/\/avrupatv.eu\/index.php\/2025\/05\/01\/terorist-israilde-orman-yanginlari-kontrolden-cikti-4-ulkeden-yardim-talep-edildi\/\" \/>\n<meta property=\"og:site_name\" content=\"Avrupal\u0131 T\u00fcrklerin en Yeni Haber Portal\u0131\" \/>\n<meta property=\"article:published_time\" content=\"2025-05-01T12:19:39+00:00\" \/>\n<meta property=\"article:modified_time\" content=\"2025-05-01T12:22:37+00:00\" \/>\n<meta property=\"og:image\" content=\"https:\/\/avrupatv.eu\/wp-content\/uploads\/2025\/05\/515151.jpg\" \/>\n\t<meta property=\"og:image:width\" content=\"800\" \/>\n\t<meta property=\"og:image:height\" content=\"450\" \/>\n\t<meta property=\"og:image:type\" content=\"image\/jpeg\" \/>\n<meta name=\"author\" content=\"Onur Akpinar\" \/>\n<meta name=\"twitter:card\" content=\"summary_large_image\" \/>\n<meta name=\"twitter:label1\" content=\"Yazan:\" \/>\n\t<meta name=\"twitter:data1\" content=\"Onur Akpinar\" \/>\n\t<meta name=\"twitter:label2\" content=\"Tahmini okuma s\u00fcresi\" \/>\n\t<meta name=\"twitter:data2\" content=\"1 dakika\" \/>\n<script type=\"application\/ld+json\" class=\"yoast-schema-graph\">{\"@context\":\"https:\\\/\\\/schema.org\",\"@graph\":[{\"@type\":\"Article\",\"@id\":\"https:\\\/\\\/avrupatv.eu\\\/index.php\\\/2025\\\/05\\\/01\\\/terorist-israilde-orman-yanginlari-kontrolden-cikti-4-ulkeden-yardim-talep-edildi\\\/#article\",\"isPartOf\":{\"@id\":\"https:\\\/\\\/avrupatv.eu\\\/index.php\\\/2025\\\/05\\\/01\\\/terorist-israilde-orman-yanginlari-kontrolden-cikti-4-ulkeden-yardim-talep-edildi\\\/\"},\"author\":{\"name\":\"Onur Akpinar\",\"@id\":\"https:\\\/\\\/avrupatv.eu\\\/#\\\/schema\\\/person\\\/d56afa5d5569da4029d483da36c0c17d\"},\"headline\":\"Ter\u00f6rist \u0130srail\u2019de Orman Yang\u0131nlar\u0131 Kontrolden \u00c7\u0131kt\u0131: 4 \u00dclkeden Yard\u0131m Talep Edildi\",\"datePublished\":\"2025-05-01T12:19:39+00:00\",\"dateModified\":\"2025-05-01T12:22:37+00:00\",\"mainEntityOfPage\":{\"@id\":\"https:\\\/\\\/avrupatv.eu\\\/index.php\\\/2025\\\/05\\\/01\\\/terorist-israilde-orman-yanginlari-kontrolden-cikti-4-ulkeden-yardim-talep-edildi\\\/\"},\"wordCount\":226,\"commentCount\":0,\"publisher\":{\"@id\":\"https:\\\/\\\/avrupatv.eu\\\/#organization\"},\"image\":{\"@id\":\"https:\\\/\\\/avrupatv.eu\\\/index.php\\\/2025\\\/05\\\/01\\\/terorist-israilde-orman-yanginlari-kontrolden-cikti-4-ulkeden-yardim-talep-edildi\\\/#primaryimage\"},\"thumbnailUrl\":\"https:\\\/\\\/avrupatv.eu\\\/wp-content\\\/uploads\\\/2025\\\/05\\\/515151.jpg\",\"articleSection\":[\"D\u00fcnya\"],\"inLanguage\":\"tr\",\"potentialAction\":[{\"@type\":\"CommentAction\",\"name\":\"Comment\",\"target\":[\"https:\\\/\\\/avrupatv.eu\\\/index.php\\\/2025\\\/05\\\/01\\\/terorist-israilde-orman-yanginlari-kontrolden-cikti-4-ulkeden-yardim-talep-edildi\\\/#respond\"]}]},{\"@type\":\"WebPage\",\"@id\":\"https:\\\/\\\/avrupatv.eu\\\/index.php\\\/2025\\\/05\\\/01\\\/terorist-israilde-orman-yanginlari-kontrolden-cikti-4-ulkeden-yardim-talep-edildi\\\/\",\"url\":\"https:\\\/\\\/avrupatv.eu\\\/index.php\\\/2025\\\/05\\\/01\\\/terorist-israilde-orman-yanginlari-kontrolden-cikti-4-ulkeden-yardim-talep-edildi\\\/\",\"name\":\"Ter\u00f6rist \u0130srail\u2019de Orman Yang\u0131nlar\u0131 Kontrolden \u00c7\u0131kt\u0131: 4 \u00dclkeden Yard\u0131m Talep Edildi - Avrupal\u0131 T\u00fcrklerin en Yeni Haber Portal\u0131\",\"isPartOf\":{\"@id\":\"https:\\\/\\\/avrupatv.eu\\\/#website\"},\"primaryImageOfPage\":{\"@id\":\"https:\\\/\\\/avrupatv.eu\\\/index.php\\\/2025\\\/05\\\/01\\\/terorist-israilde-orman-yanginlari-kontrolden-cikti-4-ulkeden-yardim-talep-edildi\\\/#primaryimage\"},\"image\":{\"@id\":\"https:\\\/\\\/avrupatv.eu\\\/index.php\\\/2025\\\/05\\\/01\\\/terorist-israilde-orman-yanginlari-kontrolden-cikti-4-ulkeden-yardim-talep-edildi\\\/#primaryimage\"},\"thumbnailUrl\":\"https:\\\/\\\/avrupatv.eu\\\/wp-content\\\/uploads\\\/2025\\\/05\\\/515151.jpg\",\"datePublished\":\"2025-05-01T12:19:39+00:00\",\"dateModified\":\"2025-05-01T12:22:37+00:00\",\"breadcrumb\":{\"@id\":\"https:\\\/\\\/avrupatv.eu\\\/index.php\\\/2025\\\/05\\\/01\\\/terorist-israilde-orman-yanginlari-kontrolden-cikti-4-ulkeden-yardim-talep-edildi\\\/#breadcrumb\"},\"inLanguage\":\"tr\",\"potentialAction\":[{\"@type\":\"ReadAction\",\"target\":[\"https:\\\/\\\/avrupatv.eu\\\/index.php\\\/2025\\\/05\\\/01\\\/terorist-israilde-orman-yanginlari-kontrolden-cikti-4-ulkeden-yardim-talep-edildi\\\/\"]}]},{\"@type\":\"ImageObject\",\"inLanguage\":\"tr\",\"@id\":\"https:\\\/\\\/avrupatv.eu\\\/index.php\\\/2025\\\/05\\\/01\\\/terorist-israilde-orman-yanginlari-kontrolden-cikti-4-ulkeden-yardim-talep-edildi\\\/#primaryimage\",\"url\":\"https:\\\/\\\/avrupatv.eu\\\/wp-content\\\/uploads\\\/2025\\\/05\\\/515151.jpg\",\"contentUrl\":\"https:\\\/\\\/avrupatv.eu\\\/wp-content\\\/uploads\\\/2025\\\/05\\\/515151.jpg\",\"width\":800,\"height\":450},{\"@type\":\"BreadcrumbList\",\"@id\":\"https:\\\/\\\/avrupatv.eu\\\/index.php\\\/2025\\\/05\\\/01\\\/terorist-israilde-orman-yanginlari-kontrolden-cikti-4-ulkeden-yardim-talep-edildi\\\/#breadcrumb\",\"itemListElement\":[{\"@type\":\"ListItem\",\"position\":1,\"name\":\"Anasayfa\",\"item\":\"https:\\\/\\\/avrupatv.eu\\\/\"},{\"@type\":\"ListItem\",\"position\":2,\"name\":\"Ter\u00f6rist \u0130srail\u2019de Orman Yang\u0131nlar\u0131 Kontrolden \u00c7\u0131kt\u0131: 4 \u00dclkeden Yard\u0131m Talep Edildi\"}]},{\"@type\":\"WebSite\",\"@id\":\"https:\\\/\\\/avrupatv.eu\\\/#website\",\"url\":\"https:\\\/\\\/avrupatv.eu\\\/\",\"name\":\"Avrupal\u0131 T\u00fcrklerin en Yeni Haber Portal\u0131\",\"description\":\"\",\"publisher\":{\"@id\":\"https:\\\/\\\/avrupatv.eu\\\/#organization\"},\"alternateName\":\"Avrupa tv\",\"potentialAction\":[{\"@type\":\"SearchAction\",\"target\":{\"@type\":\"EntryPoint\",\"urlTemplate\":\"https:\\\/\\\/avrupatv.eu\\\/?s={search_term_string}\"},\"query-input\":{\"@type\":\"PropertyValueSpecification\",\"valueRequired\":true,\"valueName\":\"search_term_string\"}}],\"inLanguage\":\"tr\"},{\"@type\":\"Organization\",\"@id\":\"https:\\\/\\\/avrupatv.eu\\\/#organization\",\"name\":\"Avrupa Haber\",\"url\":\"https:\\\/\\\/avrupatv.eu\\\/\",\"logo\":{\"@type\":\"ImageObject\",\"inLanguage\":\"tr\",\"@id\":\"https:\\\/\\\/avrupatv.eu\\\/#\\\/schema\\\/logo\\\/image\\\/\",\"url\":\"https:\\\/\\\/avrupatv.eu\\\/wp-content\\\/uploads\\\/2023\\\/10\\\/cropped-thumbnail_logo.png\",\"contentUrl\":\"https:\\\/\\\/avrupatv.eu\\\/wp-content\\\/uploads\\\/2023\\\/10\\\/cropped-thumbnail_logo.png\",\"width\":1025,\"height\":302,\"caption\":\"Avrupa Haber\"},\"image\":{\"@id\":\"https:\\\/\\\/avrupatv.eu\\\/#\\\/schema\\\/logo\\\/image\\\/\"}},{\"@type\":\"Person\",\"@id\":\"https:\\\/\\\/avrupatv.eu\\\/#\\\/schema\\\/person\\\/d56afa5d5569da4029d483da36c0c17d\",\"name\":\"Onur Akpinar\",\"image\":{\"@type\":\"ImageObject\",\"inLanguage\":\"tr\",\"@id\":\"https:\\\/\\\/secure.gravatar.com\\\/avatar\\\/67a1a0bdf34f82da209334e4684b7e7171a58a5a2b0a8f836b61044f5c1f5d6a?s=96&d=mm&r=g\",\"url\":\"https:\\\/\\\/secure.gravatar.com\\\/avatar\\\/67a1a0bdf34f82da209334e4684b7e7171a58a5a2b0a8f836b61044f5c1f5d6a?s=96&d=mm&r=g\",\"contentUrl\":\"https:\\\/\\\/secure.gravatar.com\\\/avatar\\\/67a1a0bdf34f82da209334e4684b7e7171a58a5a2b0a8f836b61044f5c1f5d6a?s=96&d=mm&r=g\",\"caption\":\"Onur Akpinar\"},\"url\":\"https:\\\/\\\/avrupatv.eu\\\/index.php\\\/author\\\/onur-akpinar\\\/\"}]}<\/script>\n<!-- \/ Yoast SEO plugin. -->","yoast_head_json":{"title":"Ter\u00f6rist \u0130srail\u2019de Orman Yang\u0131nlar\u0131 Kontrolden \u00c7\u0131kt\u0131: 4 \u00dclkeden Yard\u0131m Talep Edildi - Avrupal\u0131 T\u00fcrklerin en Yeni Haber Portal\u0131","robots":{"index":"index","follow":"follow","max-snippet":"max-snippet:-1","max-image-preview":"max-image-preview:large","max-video-preview":"max-video-preview:-1"},"canonical":"https:\/\/avrupatv.eu\/index.php\/2025\/05\/01\/terorist-israilde-orman-yanginlari-kontrolden-cikti-4-ulkeden-yardim-talep-edildi\/","og_locale":"tr_TR","og_type":"article","og_title":"Ter\u00f6rist \u0130srail\u2019de Orman Yang\u0131nlar\u0131 Kontrolden \u00c7\u0131kt\u0131: 4 \u00dclkeden Yard\u0131m Talep Edildi - Avrupal\u0131 T\u00fcrklerin en Yeni Haber Portal\u0131","og_description":"Ter\u00f6rist \u0130srail\u2019de Orman Yang\u0131nlar\u0131 Kontrolden \u00c7\u0131kt\u0131: 4 \u00dclkeden Yard\u0131m Talep Edildi \u0130srail, \u00fclkenin \u00e7e\u015fitli b\u00f6lgelerinde \u00e7\u0131kan ve h\u0131zla yay\u0131lan orman yang\u0131nlar\u0131yla m\u00fccadele ediyor. Y\u00fcksek s\u0131cakl\u0131klar ve kuvvetli r\u00fczgarlar\u0131n etkisiyle kontrol alt\u0131na al\u0131namayan alevler nedeniyle acil durum ilan edilirken, \u0130srail y\u00f6netimi 4 farkl\u0131 \u00fclkeden yard\u0131m talebinde bulundu.(K\u0131br\u0131s,Italya,Bulgaristan ve Yunanistan) \u0130srail \u0130\u00e7i\u015fleri Bakanl\u0131\u011f\u0131\u2019ndan yap\u0131lan a\u00e7\u0131klamada, yang\u0131n s\u00f6nd\u00fcrme [&hellip;]","og_url":"https:\/\/avrupatv.eu\/index.php\/2025\/05\/01\/terorist-israilde-orman-yanginlari-kontrolden-cikti-4-ulkeden-yardim-talep-edildi\/","og_site_name":"Avrupal\u0131 T\u00fcrklerin en Yeni Haber Portal\u0131","article_published_time":"2025-05-01T12:19:39+00:00","article_modified_time":"2025-05-01T12:22:37+00:00","og_image":[{"width":800,"height":450,"url":"https:\/\/avrupatv.eu\/wp-content\/uploads\/2025\/05\/515151.jpg","type":"image\/jpeg"}],"author":"Onur Akpinar","twitter_card":"summary_large_image","twitter_misc":{"Yazan:":"Onur Akpinar","Tahmini okuma s\u00fcresi":"1 dakika"},"schema":{"@context":"https:\/\/schema.org","@graph":[{"@type":"Article","@id":"https:\/\/avrupatv.eu\/index.php\/2025\/05\/01\/terorist-israilde-orman-yanginlari-kontrolden-cikti-4-ulkeden-yardim-talep-edildi\/#article","isPartOf":{"@id":"https:\/\/avrupatv.eu\/index.php\/2025\/05\/01\/terorist-israilde-orman-yanginlari-kontrolden-cikti-4-ulkeden-yardim-talep-edildi\/"},"author":{"name":"Onur Akpinar","@id":"https:\/\/avrupatv.eu\/#\/schema\/person\/d56afa5d5569da4029d483da36c0c17d"},"headline":"Ter\u00f6rist \u0130srail\u2019de Orman Yang\u0131nlar\u0131 Kontrolden \u00c7\u0131kt\u0131: 4 \u00dclkeden Yard\u0131m Talep Edildi","datePublished":"2025-05-01T12:19:39+00:00","dateModified":"2025-05-01T12:22:37+00:00","mainEntityOfPage":{"@id":"https:\/\/avrupatv.eu\/index.php\/2025\/05\/01\/terorist-israilde-orman-yanginlari-kontrolden-cikti-4-ulkeden-yardim-talep-edildi\/"},"wordCount":226,"commentCount":0,"publisher":{"@id":"https:\/\/avrupatv.eu\/#organization"},"image":{"@id":"https:\/\/avrupatv.eu\/index.php\/2025\/05\/01\/terorist-israilde-orman-yanginlari-kontrolden-cikti-4-ulkeden-yardim-talep-edildi\/#primaryimage"},"thumbnailUrl":"https:\/\/avrupatv.eu\/wp-content\/uploads\/2025\/05\/515151.jpg","articleSection":["D\u00fcnya"],"inLanguage":"tr","potentialAction":[{"@type":"CommentAction","name":"Comment","target":["https:\/\/avrupatv.eu\/index.php\/2025\/05\/01\/terorist-israilde-orman-yanginlari-kontrolden-cikti-4-ulkeden-yardim-talep-edildi\/#respond"]}]},{"@type":"WebPage","@id":"https:\/\/avrupatv.eu\/index.php\/2025\/05\/01\/terorist-israilde-orman-yanginlari-kontrolden-cikti-4-ulkeden-yardim-talep-edildi\/","url":"https:\/\/avrupatv.eu\/index.php\/2025\/05\/01\/terorist-israilde-orman-yanginlari-kontrolden-cikti-4-ulkeden-yardim-talep-edildi\/","name":"Ter\u00f6rist \u0130srail\u2019de Orman Yang\u0131nlar\u0131 Kontrolden \u00c7\u0131kt\u0131: 4 \u00dclkeden Yard\u0131m Talep Edildi - Avrupal\u0131 T\u00fcrklerin en Yeni Haber Portal\u0131","isPartOf":{"@id":"https:\/\/avrupatv.eu\/#website"},"primaryImageOfPage":{"@id":"https:\/\/avrupatv.eu\/index.php\/2025\/05\/01\/terorist-israilde-orman-yanginlari-kontrolden-cikti-4-ulkeden-yardim-talep-edildi\/#primaryimage"},"image":{"@id":"https:\/\/avrupatv.eu\/index.php\/2025\/05\/01\/terorist-israilde-orman-yanginlari-kontrolden-cikti-4-ulkeden-yardim-talep-edildi\/#primaryimage"},"thumbnailUrl":"https:\/\/avrupatv.eu\/wp-content\/uploads\/2025\/05\/515151.jpg","datePublished":"2025-05-01T12:19:39+00:00","dateModified":"2025-05-01T12:22:37+00:00","breadcrumb":{"@id":"https:\/\/avrupatv.eu\/index.php\/2025\/05\/01\/terorist-israilde-orman-yanginlari-kontrolden-cikti-4-ulkeden-yardim-talep-edildi\/#breadcrumb"},"inLanguage":"tr","potentialAction":[{"@type":"ReadAction","target":["https:\/\/avrupatv.eu\/index.php\/2025\/05\/01\/terorist-israilde-orman-yanginlari-kontrolden-cikti-4-ulkeden-yardim-talep-edildi\/"]}]},{"@type":"ImageObject","inLanguage":"tr","@id":"https:\/\/avrupatv.eu\/index.php\/2025\/05\/01\/terorist-israilde-orman-yanginlari-kontrolden-cikti-4-ulkeden-yardim-talep-edildi\/#primaryimage","url":"https:\/\/avrupatv.eu\/wp-content\/uploads\/2025\/05\/515151.jpg","contentUrl":"https:\/\/avrupatv.eu\/wp-content\/uploads\/2025\/05\/515151.jpg","width":800,"height":450},{"@type":"BreadcrumbList","@id":"https:\/\/avrupatv.eu\/index.php\/2025\/05\/01\/terorist-israilde-orman-yanginlari-kontrolden-cikti-4-ulkeden-yardim-talep-edildi\/#breadcrumb","itemListElement":[{"@type":"ListItem","position":1,"name":"Anasayfa","item":"https:\/\/avrupatv.eu\/"},{"@type":"ListItem","position":2,"name":"Ter\u00f6rist \u0130srail\u2019de Orman Yang\u0131nlar\u0131 Kontrolden \u00c7\u0131kt\u0131: 4 \u00dclkeden Yard\u0131m Talep Edildi"}]},{"@type":"WebSite","@id":"https:\/\/avrupatv.eu\/#website","url":"https:\/\/avrupatv.eu\/","name":"Avrupal\u0131 T\u00fcrklerin en Yeni Haber Portal\u0131","description":"","publisher":{"@id":"https:\/\/avrupatv.eu\/#organization"},"alternateName":"Avrupa tv","potentialAction":[{"@type":"SearchAction","target":{"@type":"EntryPoint","urlTemplate":"https:\/\/avrupatv.eu\/?s={search_term_string}"},"query-input":{"@type":"PropertyValueSpecification","valueRequired":true,"valueName":"search_term_string"}}],"inLanguage":"tr"},{"@type":"Organization","@id":"https:\/\/avrupatv.eu\/#organization","name":"Avrupa Haber","url":"https:\/\/avrupatv.eu\/","logo":{"@type":"ImageObject","inLanguage":"tr","@id":"https:\/\/avrupatv.eu\/#\/schema\/logo\/image\/","url":"https:\/\/avrupatv.eu\/wp-content\/uploads\/2023\/10\/cropped-thumbnail_logo.png","contentUrl":"https:\/\/avrupatv.eu\/wp-content\/uploads\/2023\/10\/cropped-thumbnail_logo.png","width":1025,"height":302,"caption":"Avrupa Haber"},"image":{"@id":"https:\/\/avrupatv.eu\/#\/schema\/logo\/image\/"}},{"@type":"Person","@id":"https:\/\/avrupatv.eu\/#\/schema\/person\/d56afa5d5569da4029d483da36c0c17d","name":"Onur Akpinar","image":{"@type":"ImageObject","inLanguage":"tr","@id":"https:\/\/secure.gravatar.com\/avatar\/67a1a0bdf34f82da209334e4684b7e7171a58a5a2b0a8f836b61044f5c1f5d6a?s=96&d=mm&r=g","url":"https:\/\/secure.gravatar.com\/avatar\/67a1a0bdf34f82da209334e4684b7e7171a58a5a2b0a8f836b61044f5c1f5d6a?s=96&d=mm&r=g","contentUrl":"https:\/\/secure.gravatar.com\/avatar\/67a1a0bdf34f82da209334e4684b7e7171a58a5a2b0a8f836b61044f5c1f5d6a?s=96&d=mm&r=g","caption":"Onur Akpinar"},"url":"https:\/\/avrupatv.eu\/index.php\/author\/onur-akpinar\/"}]}},"_links":{"self":[{"href":"https:\/\/avrupatv.eu\/index.php\/wp-json\/wp\/v2\/posts\/1134","targetHints":{"allow":["GET"]}}],"collection":[{"href":"https:\/\/avrupatv.eu\/index.php\/wp-json\/wp\/v2\/posts"}],"about":[{"href":"https:\/\/avrupatv.eu\/index.php\/wp-json\/wp\/v2\/types\/post"}],"author":[{"embeddable":true,"href":"https:\/\/avrupatv.eu\/index.php\/wp-json\/wp\/v2\/users\/2"}],"replies":[{"embeddable":true,"href":"https:\/\/avrupatv.eu\/index.php\/wp-json\/wp\/v2\/comments?post=1134"}],"version-history":[{"count":1,"href":"https:\/\/avrupatv.eu\/index.php\/wp-json\/wp\/v2\/posts\/1134\/revisions"}],"predecessor-version":[{"id":1135,"href":"https:\/\/avrupatv.eu\/index.php\/wp-json\/wp\/v2\/posts\/1134\/revisions\/1135"}],"wp:featuredmedia":[{"embeddable":true,"href":"https:\/\/avrupatv.eu\/index.php\/wp-json\/wp\/v2\/media\/1137"}],"wp:attachment":[{"href":"https:\/\/avrupatv.eu\/index.php\/wp-json\/wp\/v2\/media?parent=1134"}],"wp:term":[{"taxonomy":"category","embeddable":true,"href":"https:\/\/avrupatv.eu\/index.php\/wp-json\/wp\/v2\/categories?post=1134"},{"taxonomy":"post_tag","embeddable":true,"href":"https:\/\/avrupatv.eu\/index.php\/wp-json\/wp\/v2\/tags?post=1134"}],"curies":[{"name":"wp","href":"https:\/\/api.w.org\/{rel}","templated":true}]}}