{"id":1131,"date":"2025-04-30T20:18:56","date_gmt":"2025-04-30T20:18:56","guid":{"rendered":"https:\/\/avrupatv.eu\/?p=1131"},"modified":"2025-04-30T20:18:56","modified_gmt":"2025-04-30T20:18:56","slug":"belcikada-o-bolgede-ogrencilere-basortusu-yasagi-tepkiler-cig-gibi","status":"publish","type":"post","link":"https:\/\/avrupatv.eu\/index.php\/2025\/04\/30\/belcikada-o-bolgede-ogrencilere-basortusu-yasagi-tepkiler-cig-gibi\/","title":{"rendered":"Bel\u00e7ika\u2019da o b\u00f6lgede \u00d6\u011frencilere Ba\u015f\u00f6rt\u00fcs\u00fc Yasa\u011f\u0131: Tepkiler \u00c7\u0131\u011f Gibi"},"content":{"rendered":"\n<p>Bel\u00e7ika\u2019da genel Ba\u015f\u00f6rt\u00fcs\u00fc Yasa\u011f\u0131 m\u0131 Geliyor?<\/p>\n\n\n\n<p>Bel\u00e7ika\u2019n\u0131n Oost-Vlaanderen eyaletinde, eyalete ba\u011fl\u0131 okullarda ba\u015f\u00f6rt\u00fcs\u00fc yasa\u011f\u0131 getirildi. Eyalet meclisinde yap\u0131lan oylamada karar, a\u015f\u0131r\u0131 sa\u011fc\u0131 Vlaams Belang partisinin deste\u011fiyle kabul edildi. Ancak baz\u0131 okullar ve \u00f6\u011frenciler, yasa\u011f\u0131n gen\u00e7 k\u0131zlar\u0131 e\u011fitimden uzakla\u015ft\u0131raca\u011f\u0131ndan endi\u015feli.<\/p>\n\n\n\n<p>Gent\u2019te bulunan Richtpunt kamp\u00fcs\u00fcnde ba\u015f\u00f6rt\u00fcs\u00fc takan 100\u2019den fazla \u00f6\u011frenci bulunuyor. Okul y\u00f6netimi, bu \u00f6\u011frencilerin evde e\u011fitimi tercih ederek okuldan uzakla\u015fabilece\u011fini belirtti. Ba\u015f\u00f6rt\u00fcl\u00fc bir \u00f6\u011frenci, \u201cBa\u015f\u00f6rt\u00fcs\u00fcz kendimi eksik hissederim, kimli\u011fimin bir par\u00e7as\u0131\u201d s\u00f6zleriyle karara kar\u015f\u0131 \u00e7\u0131kt\u0131.Yasak, Oost-Vlaanderen eyalet y\u00f6netiminde de siyasi krize yol a\u00e7t\u0131. Koalisyon ortaklar\u0131ndan Vooruit partisi yasa\u011fa kar\u015f\u0131 oy kulland\u0131, bu durum N-VA\u2019n\u0131n tepkisini \u00e7ekti. N-VA\u2019l\u0131 yetkililer, Vooruit\u2019un daha \u00f6nce yap\u0131lan anla\u015fmalara uymad\u0131\u011f\u0131n\u0131 savunarak karar\u0131 \u201cg\u00fcven ihlali\u201d olarak de\u011ferlendirdi.<\/p>\n\n\n\n<p>Karar\u0131n, hem e\u011fitim alan\u0131nda hem de siyaset sahnesinde etkilerinin \u00f6n\u00fcm\u00fczdeki g\u00fcnlerde daha da hissedilmesi bekleniyor.<\/p>\n\n\n\n<p><strong>Yuksel Kalaz\u2019dan Ba\u015f\u00f6rt\u00fcs\u00fc Yasa\u011f\u0131na Tepki<\/strong><\/p>\n\n\n\n<p>Gent Belediye Meclis \u00dcyesi Yuksel Kalaz, Oost-Vlaanderen\u2019deki ba\u015f\u00f6rt\u00fcs\u00fc yasa\u011f\u0131n\u0131 sosyal medyada ele\u015ftirdi. Kalaz, \u201c2025\u2019te h\u00e2l\u00e2 insanlar\u0131n ne giyece\u011fine siyaset kar\u0131\u015f\u0131yor. Bu a\u00e7\u0131k bir ayr\u0131mc\u0131l\u0131k\u201d dedi.<\/p>\n\n\n\n<p>N-VA ve CD&amp;V&#8217;nin yasa\u011f\u0131, Vlaams Belang deste\u011fiyle ge\u00e7irmesine tepki g\u00f6steren Kalaz, Vooruit\u2019un \u00e7ekimser kalmas\u0131n\u0131 da sorumluluktan ka\u00e7mak olarak de\u011ferlendirdi.<\/p>\n\n\n\n<p>\u201cGen\u00e7 k\u0131zlar\u0131n e\u011fitimi engelleniyor, bu kabul edilemez. Kimin ne giyece\u011finden \u00e7ok, kafas\u0131n\u0131n i\u00e7inde ne oldu\u011fu \u00f6nemlidir\u201d ifadelerini kulland\u0131.<\/p>\n","protected":false},"excerpt":{"rendered":"<p>Bel\u00e7ika\u2019da genel Ba\u015f\u00f6rt\u00fcs\u00fc Yasa\u011f\u0131 m\u0131 Geliyor? Bel\u00e7ika\u2019n\u0131n Oost-Vlaanderen eyaletinde, eyalete ba\u011fl\u0131 okullarda ba\u015f\u00f6rt\u00fcs\u00fc yasa\u011f\u0131 getirildi. Eyalet meclisinde yap\u0131lan oylamada karar, a\u015f\u0131r\u0131 sa\u011fc\u0131 Vlaams Belang partisinin deste\u011fiyle kabul edildi. Ancak baz\u0131 okullar ve \u00f6\u011frenciler, yasa\u011f\u0131n gen\u00e7 k\u0131zlar\u0131 e\u011fitimden uzakla\u015ft\u0131raca\u011f\u0131ndan endi\u015feli. Gent\u2019te bulunan Richtpunt kamp\u00fcs\u00fcnde ba\u015f\u00f6rt\u00fcs\u00fc takan 100\u2019den fazla \u00f6\u011frenci bulunuyor. Okul y\u00f6netimi, bu \u00f6\u011frencilerin evde e\u011fitimi [&hellip;]<\/p>\n","protected":false},"author":2,"featured_media":1132,"comment_status":"open","ping_status":"open","sticky":false,"template":"","format":"standard","meta":{"footnotes":""},"categories":[21],"tags":[],"class_list":["post-1131","post","type-post","status-publish","format-standard","has-post-thumbnail","hentry","category-belcika"],"yoast_head":"<!-- This site is optimized with the Yoast SEO plugin v27.4 - https:\/\/yoast.com\/product\/yoast-seo-wordpress\/ -->\n<title>Bel\u00e7ika\u2019da o b\u00f6lgede \u00d6\u011frencilere Ba\u015f\u00f6rt\u00fcs\u00fc Yasa\u011f\u0131: Tepkiler \u00c7\u0131\u011f Gibi - Avrupal\u0131 T\u00fcrklerin en Yeni Haber Portal\u0131<\/title>\n<meta name=\"robots\" content=\"index, follow, max-snippet:-1, max-image-preview:large, max-video-preview:-1\" \/>\n<link rel=\"canonical\" href=\"https:\/\/avrupatv.eu\/index.php\/2025\/04\/30\/belcikada-o-bolgede-ogrencilere-basortusu-yasagi-tepkiler-cig-gibi\/\" \/>\n<meta property=\"og:locale\" content=\"tr_TR\" \/>\n<meta property=\"og:type\" content=\"article\" \/>\n<meta property=\"og:title\" content=\"Bel\u00e7ika\u2019da o b\u00f6lgede \u00d6\u011frencilere Ba\u015f\u00f6rt\u00fcs\u00fc Yasa\u011f\u0131: Tepkiler \u00c7\u0131\u011f Gibi - Avrupal\u0131 T\u00fcrklerin en Yeni Haber Portal\u0131\" \/>\n<meta property=\"og:description\" content=\"Bel\u00e7ika\u2019da genel Ba\u015f\u00f6rt\u00fcs\u00fc Yasa\u011f\u0131 m\u0131 Geliyor? Bel\u00e7ika\u2019n\u0131n Oost-Vlaanderen eyaletinde, eyalete ba\u011fl\u0131 okullarda ba\u015f\u00f6rt\u00fcs\u00fc yasa\u011f\u0131 getirildi. Eyalet meclisinde yap\u0131lan oylamada karar, a\u015f\u0131r\u0131 sa\u011fc\u0131 Vlaams Belang partisinin deste\u011fiyle kabul edildi. Ancak baz\u0131 okullar ve \u00f6\u011frenciler, yasa\u011f\u0131n gen\u00e7 k\u0131zlar\u0131 e\u011fitimden uzakla\u015ft\u0131raca\u011f\u0131ndan endi\u015feli. Gent\u2019te bulunan Richtpunt kamp\u00fcs\u00fcnde ba\u015f\u00f6rt\u00fcs\u00fc takan 100\u2019den fazla \u00f6\u011frenci bulunuyor. Okul y\u00f6netimi, bu \u00f6\u011frencilerin evde e\u011fitimi [&hellip;]\" \/>\n<meta property=\"og:url\" content=\"https:\/\/avrupatv.eu\/index.php\/2025\/04\/30\/belcikada-o-bolgede-ogrencilere-basortusu-yasagi-tepkiler-cig-gibi\/\" \/>\n<meta property=\"og:site_name\" content=\"Avrupal\u0131 T\u00fcrklerin en Yeni Haber Portal\u0131\" \/>\n<meta property=\"article:published_time\" content=\"2025-04-30T20:18:56+00:00\" \/>\n<meta property=\"og:image\" content=\"https:\/\/avrupatv.eu\/wp-content\/uploads\/2025\/04\/Headscarfalanya-scaled.jpg\" \/>\n\t<meta property=\"og:image:width\" content=\"2560\" \/>\n\t<meta property=\"og:image:height\" content=\"1653\" \/>\n\t<meta property=\"og:image:type\" content=\"image\/jpeg\" \/>\n<meta name=\"author\" content=\"Onur Akpinar\" \/>\n<meta name=\"twitter:card\" content=\"summary_large_image\" \/>\n<meta name=\"twitter:label1\" content=\"Yazan:\" \/>\n\t<meta name=\"twitter:data1\" content=\"Onur Akpinar\" \/>\n\t<meta name=\"twitter:label2\" content=\"Tahmini okuma s\u00fcresi\" \/>\n\t<meta name=\"twitter:data2\" content=\"2 dakika\" \/>\n<script type=\"application\/ld+json\" class=\"yoast-schema-graph\">{\"@context\":\"https:\\\/\\\/schema.org\",\"@graph\":[{\"@type\":\"Article\",\"@id\":\"https:\\\/\\\/avrupatv.eu\\\/index.php\\\/2025\\\/04\\\/30\\\/belcikada-o-bolgede-ogrencilere-basortusu-yasagi-tepkiler-cig-gibi\\\/#article\",\"isPartOf\":{\"@id\":\"https:\\\/\\\/avrupatv.eu\\\/index.php\\\/2025\\\/04\\\/30\\\/belcikada-o-bolgede-ogrencilere-basortusu-yasagi-tepkiler-cig-gibi\\\/\"},\"author\":{\"name\":\"Onur Akpinar\",\"@id\":\"https:\\\/\\\/avrupatv.eu\\\/#\\\/schema\\\/person\\\/d56afa5d5569da4029d483da36c0c17d\"},\"headline\":\"Bel\u00e7ika\u2019da o b\u00f6lgede \u00d6\u011frencilere Ba\u015f\u00f6rt\u00fcs\u00fc Yasa\u011f\u0131: Tepkiler \u00c7\u0131\u011f Gibi\",\"datePublished\":\"2025-04-30T20:18:56+00:00\",\"mainEntityOfPage\":{\"@id\":\"https:\\\/\\\/avrupatv.eu\\\/index.php\\\/2025\\\/04\\\/30\\\/belcikada-o-bolgede-ogrencilere-basortusu-yasagi-tepkiler-cig-gibi\\\/\"},\"wordCount\":297,\"commentCount\":0,\"publisher\":{\"@id\":\"https:\\\/\\\/avrupatv.eu\\\/#organization\"},\"image\":{\"@id\":\"https:\\\/\\\/avrupatv.eu\\\/index.php\\\/2025\\\/04\\\/30\\\/belcikada-o-bolgede-ogrencilere-basortusu-yasagi-tepkiler-cig-gibi\\\/#primaryimage\"},\"thumbnailUrl\":\"https:\\\/\\\/avrupatv.eu\\\/wp-content\\\/uploads\\\/2025\\\/04\\\/Headscarfalanya-scaled.jpg\",\"articleSection\":[\"Bel\u00e7ika\"],\"inLanguage\":\"tr\",\"potentialAction\":[{\"@type\":\"CommentAction\",\"name\":\"Comment\",\"target\":[\"https:\\\/\\\/avrupatv.eu\\\/index.php\\\/2025\\\/04\\\/30\\\/belcikada-o-bolgede-ogrencilere-basortusu-yasagi-tepkiler-cig-gibi\\\/#respond\"]}]},{\"@type\":\"WebPage\",\"@id\":\"https:\\\/\\\/avrupatv.eu\\\/index.php\\\/2025\\\/04\\\/30\\\/belcikada-o-bolgede-ogrencilere-basortusu-yasagi-tepkiler-cig-gibi\\\/\",\"url\":\"https:\\\/\\\/avrupatv.eu\\\/index.php\\\/2025\\\/04\\\/30\\\/belcikada-o-bolgede-ogrencilere-basortusu-yasagi-tepkiler-cig-gibi\\\/\",\"name\":\"Bel\u00e7ika\u2019da o b\u00f6lgede \u00d6\u011frencilere Ba\u015f\u00f6rt\u00fcs\u00fc Yasa\u011f\u0131: Tepkiler \u00c7\u0131\u011f Gibi - Avrupal\u0131 T\u00fcrklerin en Yeni Haber Portal\u0131\",\"isPartOf\":{\"@id\":\"https:\\\/\\\/avrupatv.eu\\\/#website\"},\"primaryImageOfPage\":{\"@id\":\"https:\\\/\\\/avrupatv.eu\\\/index.php\\\/2025\\\/04\\\/30\\\/belcikada-o-bolgede-ogrencilere-basortusu-yasagi-tepkiler-cig-gibi\\\/#primaryimage\"},\"image\":{\"@id\":\"https:\\\/\\\/avrupatv.eu\\\/index.php\\\/2025\\\/04\\\/30\\\/belcikada-o-bolgede-ogrencilere-basortusu-yasagi-tepkiler-cig-gibi\\\/#primaryimage\"},\"thumbnailUrl\":\"https:\\\/\\\/avrupatv.eu\\\/wp-content\\\/uploads\\\/2025\\\/04\\\/Headscarfalanya-scaled.jpg\",\"datePublished\":\"2025-04-30T20:18:56+00:00\",\"breadcrumb\":{\"@id\":\"https:\\\/\\\/avrupatv.eu\\\/index.php\\\/2025\\\/04\\\/30\\\/belcikada-o-bolgede-ogrencilere-basortusu-yasagi-tepkiler-cig-gibi\\\/#breadcrumb\"},\"inLanguage\":\"tr\",\"potentialAction\":[{\"@type\":\"ReadAction\",\"target\":[\"https:\\\/\\\/avrupatv.eu\\\/index.php\\\/2025\\\/04\\\/30\\\/belcikada-o-bolgede-ogrencilere-basortusu-yasagi-tepkiler-cig-gibi\\\/\"]}]},{\"@type\":\"ImageObject\",\"inLanguage\":\"tr\",\"@id\":\"https:\\\/\\\/avrupatv.eu\\\/index.php\\\/2025\\\/04\\\/30\\\/belcikada-o-bolgede-ogrencilere-basortusu-yasagi-tepkiler-cig-gibi\\\/#primaryimage\",\"url\":\"https:\\\/\\\/avrupatv.eu\\\/wp-content\\\/uploads\\\/2025\\\/04\\\/Headscarfalanya-scaled.jpg\",\"contentUrl\":\"https:\\\/\\\/avrupatv.eu\\\/wp-content\\\/uploads\\\/2025\\\/04\\\/Headscarfalanya-scaled.jpg\",\"width\":2560,\"height\":1653},{\"@type\":\"BreadcrumbList\",\"@id\":\"https:\\\/\\\/avrupatv.eu\\\/index.php\\\/2025\\\/04\\\/30\\\/belcikada-o-bolgede-ogrencilere-basortusu-yasagi-tepkiler-cig-gibi\\\/#breadcrumb\",\"itemListElement\":[{\"@type\":\"ListItem\",\"position\":1,\"name\":\"Anasayfa\",\"item\":\"https:\\\/\\\/avrupatv.eu\\\/\"},{\"@type\":\"ListItem\",\"position\":2,\"name\":\"Bel\u00e7ika\u2019da o b\u00f6lgede \u00d6\u011frencilere Ba\u015f\u00f6rt\u00fcs\u00fc Yasa\u011f\u0131: Tepkiler \u00c7\u0131\u011f Gibi\"}]},{\"@type\":\"WebSite\",\"@id\":\"https:\\\/\\\/avrupatv.eu\\\/#website\",\"url\":\"https:\\\/\\\/avrupatv.eu\\\/\",\"name\":\"Avrupal\u0131 T\u00fcrklerin en Yeni Haber Portal\u0131\",\"description\":\"\",\"publisher\":{\"@id\":\"https:\\\/\\\/avrupatv.eu\\\/#organization\"},\"alternateName\":\"Avrupa tv\",\"potentialAction\":[{\"@type\":\"SearchAction\",\"target\":{\"@type\":\"EntryPoint\",\"urlTemplate\":\"https:\\\/\\\/avrupatv.eu\\\/?s={search_term_string}\"},\"query-input\":{\"@type\":\"PropertyValueSpecification\",\"valueRequired\":true,\"valueName\":\"search_term_string\"}}],\"inLanguage\":\"tr\"},{\"@type\":\"Organization\",\"@id\":\"https:\\\/\\\/avrupatv.eu\\\/#organization\",\"name\":\"Avrupa Haber\",\"url\":\"https:\\\/\\\/avrupatv.eu\\\/\",\"logo\":{\"@type\":\"ImageObject\",\"inLanguage\":\"tr\",\"@id\":\"https:\\\/\\\/avrupatv.eu\\\/#\\\/schema\\\/logo\\\/image\\\/\",\"url\":\"https:\\\/\\\/avrupatv.eu\\\/wp-content\\\/uploads\\\/2023\\\/10\\\/cropped-thumbnail_logo.png\",\"contentUrl\":\"https:\\\/\\\/avrupatv.eu\\\/wp-content\\\/uploads\\\/2023\\\/10\\\/cropped-thumbnail_logo.png\",\"width\":1025,\"height\":302,\"caption\":\"Avrupa Haber\"},\"image\":{\"@id\":\"https:\\\/\\\/avrupatv.eu\\\/#\\\/schema\\\/logo\\\/image\\\/\"}},{\"@type\":\"Person\",\"@id\":\"https:\\\/\\\/avrupatv.eu\\\/#\\\/schema\\\/person\\\/d56afa5d5569da4029d483da36c0c17d\",\"name\":\"Onur Akpinar\",\"image\":{\"@type\":\"ImageObject\",\"inLanguage\":\"tr\",\"@id\":\"https:\\\/\\\/secure.gravatar.com\\\/avatar\\\/67a1a0bdf34f82da209334e4684b7e7171a58a5a2b0a8f836b61044f5c1f5d6a?s=96&d=mm&r=g\",\"url\":\"https:\\\/\\\/secure.gravatar.com\\\/avatar\\\/67a1a0bdf34f82da209334e4684b7e7171a58a5a2b0a8f836b61044f5c1f5d6a?s=96&d=mm&r=g\",\"contentUrl\":\"https:\\\/\\\/secure.gravatar.com\\\/avatar\\\/67a1a0bdf34f82da209334e4684b7e7171a58a5a2b0a8f836b61044f5c1f5d6a?s=96&d=mm&r=g\",\"caption\":\"Onur Akpinar\"},\"url\":\"https:\\\/\\\/avrupatv.eu\\\/index.php\\\/author\\\/onur-akpinar\\\/\"}]}<\/script>\n<!-- \/ Yoast SEO plugin. -->","yoast_head_json":{"title":"Bel\u00e7ika\u2019da o b\u00f6lgede \u00d6\u011frencilere Ba\u015f\u00f6rt\u00fcs\u00fc Yasa\u011f\u0131: Tepkiler \u00c7\u0131\u011f Gibi - Avrupal\u0131 T\u00fcrklerin en Yeni Haber Portal\u0131","robots":{"index":"index","follow":"follow","max-snippet":"max-snippet:-1","max-image-preview":"max-image-preview:large","max-video-preview":"max-video-preview:-1"},"canonical":"https:\/\/avrupatv.eu\/index.php\/2025\/04\/30\/belcikada-o-bolgede-ogrencilere-basortusu-yasagi-tepkiler-cig-gibi\/","og_locale":"tr_TR","og_type":"article","og_title":"Bel\u00e7ika\u2019da o b\u00f6lgede \u00d6\u011frencilere Ba\u015f\u00f6rt\u00fcs\u00fc Yasa\u011f\u0131: Tepkiler \u00c7\u0131\u011f Gibi - Avrupal\u0131 T\u00fcrklerin en Yeni Haber Portal\u0131","og_description":"Bel\u00e7ika\u2019da genel Ba\u015f\u00f6rt\u00fcs\u00fc Yasa\u011f\u0131 m\u0131 Geliyor? Bel\u00e7ika\u2019n\u0131n Oost-Vlaanderen eyaletinde, eyalete ba\u011fl\u0131 okullarda ba\u015f\u00f6rt\u00fcs\u00fc yasa\u011f\u0131 getirildi. Eyalet meclisinde yap\u0131lan oylamada karar, a\u015f\u0131r\u0131 sa\u011fc\u0131 Vlaams Belang partisinin deste\u011fiyle kabul edildi. Ancak baz\u0131 okullar ve \u00f6\u011frenciler, yasa\u011f\u0131n gen\u00e7 k\u0131zlar\u0131 e\u011fitimden uzakla\u015ft\u0131raca\u011f\u0131ndan endi\u015feli. Gent\u2019te bulunan Richtpunt kamp\u00fcs\u00fcnde ba\u015f\u00f6rt\u00fcs\u00fc takan 100\u2019den fazla \u00f6\u011frenci bulunuyor. Okul y\u00f6netimi, bu \u00f6\u011frencilerin evde e\u011fitimi [&hellip;]","og_url":"https:\/\/avrupatv.eu\/index.php\/2025\/04\/30\/belcikada-o-bolgede-ogrencilere-basortusu-yasagi-tepkiler-cig-gibi\/","og_site_name":"Avrupal\u0131 T\u00fcrklerin en Yeni Haber Portal\u0131","article_published_time":"2025-04-30T20:18:56+00:00","og_image":[{"width":2560,"height":1653,"url":"https:\/\/avrupatv.eu\/wp-content\/uploads\/2025\/04\/Headscarfalanya-scaled.jpg","type":"image\/jpeg"}],"author":"Onur Akpinar","twitter_card":"summary_large_image","twitter_misc":{"Yazan:":"Onur Akpinar","Tahmini okuma s\u00fcresi":"2 dakika"},"schema":{"@context":"https:\/\/schema.org","@graph":[{"@type":"Article","@id":"https:\/\/avrupatv.eu\/index.php\/2025\/04\/30\/belcikada-o-bolgede-ogrencilere-basortusu-yasagi-tepkiler-cig-gibi\/#article","isPartOf":{"@id":"https:\/\/avrupatv.eu\/index.php\/2025\/04\/30\/belcikada-o-bolgede-ogrencilere-basortusu-yasagi-tepkiler-cig-gibi\/"},"author":{"name":"Onur Akpinar","@id":"https:\/\/avrupatv.eu\/#\/schema\/person\/d56afa5d5569da4029d483da36c0c17d"},"headline":"Bel\u00e7ika\u2019da o b\u00f6lgede \u00d6\u011frencilere Ba\u015f\u00f6rt\u00fcs\u00fc Yasa\u011f\u0131: Tepkiler \u00c7\u0131\u011f Gibi","datePublished":"2025-04-30T20:18:56+00:00","mainEntityOfPage":{"@id":"https:\/\/avrupatv.eu\/index.php\/2025\/04\/30\/belcikada-o-bolgede-ogrencilere-basortusu-yasagi-tepkiler-cig-gibi\/"},"wordCount":297,"commentCount":0,"publisher":{"@id":"https:\/\/avrupatv.eu\/#organization"},"image":{"@id":"https:\/\/avrupatv.eu\/index.php\/2025\/04\/30\/belcikada-o-bolgede-ogrencilere-basortusu-yasagi-tepkiler-cig-gibi\/#primaryimage"},"thumbnailUrl":"https:\/\/avrupatv.eu\/wp-content\/uploads\/2025\/04\/Headscarfalanya-scaled.jpg","articleSection":["Bel\u00e7ika"],"inLanguage":"tr","potentialAction":[{"@type":"CommentAction","name":"Comment","target":["https:\/\/avrupatv.eu\/index.php\/2025\/04\/30\/belcikada-o-bolgede-ogrencilere-basortusu-yasagi-tepkiler-cig-gibi\/#respond"]}]},{"@type":"WebPage","@id":"https:\/\/avrupatv.eu\/index.php\/2025\/04\/30\/belcikada-o-bolgede-ogrencilere-basortusu-yasagi-tepkiler-cig-gibi\/","url":"https:\/\/avrupatv.eu\/index.php\/2025\/04\/30\/belcikada-o-bolgede-ogrencilere-basortusu-yasagi-tepkiler-cig-gibi\/","name":"Bel\u00e7ika\u2019da o b\u00f6lgede \u00d6\u011frencilere Ba\u015f\u00f6rt\u00fcs\u00fc Yasa\u011f\u0131: Tepkiler \u00c7\u0131\u011f Gibi - Avrupal\u0131 T\u00fcrklerin en Yeni Haber Portal\u0131","isPartOf":{"@id":"https:\/\/avrupatv.eu\/#website"},"primaryImageOfPage":{"@id":"https:\/\/avrupatv.eu\/index.php\/2025\/04\/30\/belcikada-o-bolgede-ogrencilere-basortusu-yasagi-tepkiler-cig-gibi\/#primaryimage"},"image":{"@id":"https:\/\/avrupatv.eu\/index.php\/2025\/04\/30\/belcikada-o-bolgede-ogrencilere-basortusu-yasagi-tepkiler-cig-gibi\/#primaryimage"},"thumbnailUrl":"https:\/\/avrupatv.eu\/wp-content\/uploads\/2025\/04\/Headscarfalanya-scaled.jpg","datePublished":"2025-04-30T20:18:56+00:00","breadcrumb":{"@id":"https:\/\/avrupatv.eu\/index.php\/2025\/04\/30\/belcikada-o-bolgede-ogrencilere-basortusu-yasagi-tepkiler-cig-gibi\/#breadcrumb"},"inLanguage":"tr","potentialAction":[{"@type":"ReadAction","target":["https:\/\/avrupatv.eu\/index.php\/2025\/04\/30\/belcikada-o-bolgede-ogrencilere-basortusu-yasagi-tepkiler-cig-gibi\/"]}]},{"@type":"ImageObject","inLanguage":"tr","@id":"https:\/\/avrupatv.eu\/index.php\/2025\/04\/30\/belcikada-o-bolgede-ogrencilere-basortusu-yasagi-tepkiler-cig-gibi\/#primaryimage","url":"https:\/\/avrupatv.eu\/wp-content\/uploads\/2025\/04\/Headscarfalanya-scaled.jpg","contentUrl":"https:\/\/avrupatv.eu\/wp-content\/uploads\/2025\/04\/Headscarfalanya-scaled.jpg","width":2560,"height":1653},{"@type":"BreadcrumbList","@id":"https:\/\/avrupatv.eu\/index.php\/2025\/04\/30\/belcikada-o-bolgede-ogrencilere-basortusu-yasagi-tepkiler-cig-gibi\/#breadcrumb","itemListElement":[{"@type":"ListItem","position":1,"name":"Anasayfa","item":"https:\/\/avrupatv.eu\/"},{"@type":"ListItem","position":2,"name":"Bel\u00e7ika\u2019da o b\u00f6lgede \u00d6\u011frencilere Ba\u015f\u00f6rt\u00fcs\u00fc Yasa\u011f\u0131: Tepkiler \u00c7\u0131\u011f Gibi"}]},{"@type":"WebSite","@id":"https:\/\/avrupatv.eu\/#website","url":"https:\/\/avrupatv.eu\/","name":"Avrupal\u0131 T\u00fcrklerin en Yeni Haber Portal\u0131","description":"","publisher":{"@id":"https:\/\/avrupatv.eu\/#organization"},"alternateName":"Avrupa tv","potentialAction":[{"@type":"SearchAction","target":{"@type":"EntryPoint","urlTemplate":"https:\/\/avrupatv.eu\/?s={search_term_string}"},"query-input":{"@type":"PropertyValueSpecification","valueRequired":true,"valueName":"search_term_string"}}],"inLanguage":"tr"},{"@type":"Organization","@id":"https:\/\/avrupatv.eu\/#organization","name":"Avrupa Haber","url":"https:\/\/avrupatv.eu\/","logo":{"@type":"ImageObject","inLanguage":"tr","@id":"https:\/\/avrupatv.eu\/#\/schema\/logo\/image\/","url":"https:\/\/avrupatv.eu\/wp-content\/uploads\/2023\/10\/cropped-thumbnail_logo.png","contentUrl":"https:\/\/avrupatv.eu\/wp-content\/uploads\/2023\/10\/cropped-thumbnail_logo.png","width":1025,"height":302,"caption":"Avrupa Haber"},"image":{"@id":"https:\/\/avrupatv.eu\/#\/schema\/logo\/image\/"}},{"@type":"Person","@id":"https:\/\/avrupatv.eu\/#\/schema\/person\/d56afa5d5569da4029d483da36c0c17d","name":"Onur Akpinar","image":{"@type":"ImageObject","inLanguage":"tr","@id":"https:\/\/secure.gravatar.com\/avatar\/67a1a0bdf34f82da209334e4684b7e7171a58a5a2b0a8f836b61044f5c1f5d6a?s=96&d=mm&r=g","url":"https:\/\/secure.gravatar.com\/avatar\/67a1a0bdf34f82da209334e4684b7e7171a58a5a2b0a8f836b61044f5c1f5d6a?s=96&d=mm&r=g","contentUrl":"https:\/\/secure.gravatar.com\/avatar\/67a1a0bdf34f82da209334e4684b7e7171a58a5a2b0a8f836b61044f5c1f5d6a?s=96&d=mm&r=g","caption":"Onur Akpinar"},"url":"https:\/\/avrupatv.eu\/index.php\/author\/onur-akpinar\/"}]}},"_links":{"self":[{"href":"https:\/\/avrupatv.eu\/index.php\/wp-json\/wp\/v2\/posts\/1131","targetHints":{"allow":["GET"]}}],"collection":[{"href":"https:\/\/avrupatv.eu\/index.php\/wp-json\/wp\/v2\/posts"}],"about":[{"href":"https:\/\/avrupatv.eu\/index.php\/wp-json\/wp\/v2\/types\/post"}],"author":[{"embeddable":true,"href":"https:\/\/avrupatv.eu\/index.php\/wp-json\/wp\/v2\/users\/2"}],"replies":[{"embeddable":true,"href":"https:\/\/avrupatv.eu\/index.php\/wp-json\/wp\/v2\/comments?post=1131"}],"version-history":[{"count":1,"href":"https:\/\/avrupatv.eu\/index.php\/wp-json\/wp\/v2\/posts\/1131\/revisions"}],"predecessor-version":[{"id":1133,"href":"https:\/\/avrupatv.eu\/index.php\/wp-json\/wp\/v2\/posts\/1131\/revisions\/1133"}],"wp:featuredmedia":[{"embeddable":true,"href":"https:\/\/avrupatv.eu\/index.php\/wp-json\/wp\/v2\/media\/1132"}],"wp:attachment":[{"href":"https:\/\/avrupatv.eu\/index.php\/wp-json\/wp\/v2\/media?parent=1131"}],"wp:term":[{"taxonomy":"category","embeddable":true,"href":"https:\/\/avrupatv.eu\/index.php\/wp-json\/wp\/v2\/categories?post=1131"},{"taxonomy":"post_tag","embeddable":true,"href":"https:\/\/avrupatv.eu\/index.php\/wp-json\/wp\/v2\/tags?post=1131"}],"curies":[{"name":"wp","href":"https:\/\/api.w.org\/{rel}","templated":true}]}}