{"id":1128,"date":"2025-04-30T14:10:45","date_gmt":"2025-04-30T14:10:45","guid":{"rendered":"https:\/\/avrupatv.eu\/?p=1128"},"modified":"2025-04-30T14:10:45","modified_gmt":"2025-04-30T14:10:45","slug":"belcika-ekonomisi-alarmda-mi-de-wever-sosyal-protestolara-sert-cikti","status":"publish","type":"post","link":"https:\/\/avrupatv.eu\/index.php\/2025\/04\/30\/belcika-ekonomisi-alarmda-mi-de-wever-sosyal-protestolara-sert-cikti\/","title":{"rendered":"Bel\u00e7ika Ekonomisi Alarmda m\u0131? De Wever Sosyal Protestolara Sert \u00c7\u0131kt\u0131"},"content":{"rendered":"\n<p>Bel\u00e7ika Ba\u015fbakan\u0131 Bart De Wever (N-VA), h\u00fck\u00fcmetin ekonomi politikalar\u0131na y\u00f6nelik artan sosyal protestolara kar\u015f\u0131 kararl\u0131l\u0131k mesaj\u0131 verdi. 1 May\u0131s \u00f6ncesinde konu\u015fan De Wever, \u201cRegeerakkoord\u2019taki t\u00fcm \u00f6nlemler uygulanacak. Alternatif yok. Sosyal tepkiler bizi yava\u015flatmamal\u0131\u201d dedi.<\/p>\n\n\n\n<p>Ba\u015fbakan, uluslararas\u0131 kredi derecelendirme kurulu\u015fu Standard &amp; Poor\u2019s\u2019un yay\u0131nlad\u0131\u011f\u0131 son raporu da g\u00fcndeme ta\u015f\u0131d\u0131. Raporda, sosyal huzursuzluklar\u0131n Bel\u00e7ika\u2019n\u0131n kredi notunu tehlikeye atabilece\u011fi belirtiliyor. De Wever, bu duruma dikkat \u00e7ekerek, \u201cProtestolar h\u00fck\u00fcmet kararlar\u0131n\u0131 geciktirirse, bu do\u011frudan \u00fclkenin finansal itibar\u0131yla ilgili bir risk haline gelir\u201d dedi.<\/p>\n\n\n\n<p>Parlamentoda savunma harcamalar\u0131 ve b\u00fct\u00e7e a\u00e7\u0131\u011f\u0131 \u00fczerine ele\u015ftirilerle kar\u015f\u0131la\u015fan De Wever, muhalefetin iddialar\u0131n\u0131 reddetti. Open VLD&#8217;den Alexia Bertrand, savunmaya ayr\u0131lan ek b\u00fct\u00e7enin kayna\u011f\u0131n\u0131n bulunmad\u0131\u011f\u0131n\u0131 belirtirken, Vlaams Belang\u2019tan Wouter Vermeersch ise b\u00fct\u00e7e a\u00e7\u0131\u011f\u0131n\u0131n b\u00fcy\u00fcyece\u011fi uyar\u0131s\u0131nda bulundu.<\/p>\n\n\n\n<p>Ba\u015fbakan, h\u00fck\u00fcmetin sosyal protestolara empatiyle yakla\u015ft\u0131\u011f\u0131n\u0131 ancak ekonomik disiplinin bozulmamas\u0131 gerekti\u011fini vurgulad\u0131: \u201cProtesto edenleri anl\u0131yoruz. Ancak uzun vadeli refah\u0131 korumak i\u00e7in gerekli reformlar uygulanmal\u0131. Uluslararas\u0131 piyasalara istikrar sinyali vermeliyiz.\u201d<\/p>\n","protected":false},"excerpt":{"rendered":"<p>Bel\u00e7ika Ba\u015fbakan\u0131 Bart De Wever (N-VA), h\u00fck\u00fcmetin ekonomi politikalar\u0131na y\u00f6nelik artan sosyal protestolara kar\u015f\u0131 kararl\u0131l\u0131k mesaj\u0131 verdi. 1 May\u0131s \u00f6ncesinde konu\u015fan De Wever, \u201cRegeerakkoord\u2019taki t\u00fcm \u00f6nlemler uygulanacak. Alternatif yok. Sosyal tepkiler bizi yava\u015flatmamal\u0131\u201d dedi. Ba\u015fbakan, uluslararas\u0131 kredi derecelendirme kurulu\u015fu Standard &amp; Poor\u2019s\u2019un yay\u0131nlad\u0131\u011f\u0131 son raporu da g\u00fcndeme ta\u015f\u0131d\u0131. Raporda, sosyal huzursuzluklar\u0131n Bel\u00e7ika\u2019n\u0131n kredi notunu tehlikeye [&hellip;]<\/p>\n","protected":false},"author":2,"featured_media":1129,"comment_status":"open","ping_status":"open","sticky":false,"template":"","format":"standard","meta":{"footnotes":""},"categories":[21],"tags":[],"class_list":["post-1128","post","type-post","status-publish","format-standard","has-post-thumbnail","hentry","category-belcika"],"yoast_head":"<!-- This site is optimized with the Yoast SEO plugin v27.4 - https:\/\/yoast.com\/product\/yoast-seo-wordpress\/ -->\n<title>Bel\u00e7ika Ekonomisi Alarmda m\u0131? De Wever Sosyal Protestolara Sert \u00c7\u0131kt\u0131 - Avrupal\u0131 T\u00fcrklerin en Yeni Haber Portal\u0131<\/title>\n<meta name=\"robots\" content=\"index, follow, max-snippet:-1, max-image-preview:large, max-video-preview:-1\" \/>\n<link rel=\"canonical\" href=\"https:\/\/avrupatv.eu\/index.php\/2025\/04\/30\/belcika-ekonomisi-alarmda-mi-de-wever-sosyal-protestolara-sert-cikti\/\" \/>\n<meta property=\"og:locale\" content=\"tr_TR\" \/>\n<meta property=\"og:type\" content=\"article\" \/>\n<meta property=\"og:title\" content=\"Bel\u00e7ika Ekonomisi Alarmda m\u0131? De Wever Sosyal Protestolara Sert \u00c7\u0131kt\u0131 - Avrupal\u0131 T\u00fcrklerin en Yeni Haber Portal\u0131\" \/>\n<meta property=\"og:description\" content=\"Bel\u00e7ika Ba\u015fbakan\u0131 Bart De Wever (N-VA), h\u00fck\u00fcmetin ekonomi politikalar\u0131na y\u00f6nelik artan sosyal protestolara kar\u015f\u0131 kararl\u0131l\u0131k mesaj\u0131 verdi. 1 May\u0131s \u00f6ncesinde konu\u015fan De Wever, \u201cRegeerakkoord\u2019taki t\u00fcm \u00f6nlemler uygulanacak. Alternatif yok. Sosyal tepkiler bizi yava\u015flatmamal\u0131\u201d dedi. Ba\u015fbakan, uluslararas\u0131 kredi derecelendirme kurulu\u015fu Standard &amp; Poor\u2019s\u2019un yay\u0131nlad\u0131\u011f\u0131 son raporu da g\u00fcndeme ta\u015f\u0131d\u0131. Raporda, sosyal huzursuzluklar\u0131n Bel\u00e7ika\u2019n\u0131n kredi notunu tehlikeye [&hellip;]\" \/>\n<meta property=\"og:url\" content=\"https:\/\/avrupatv.eu\/index.php\/2025\/04\/30\/belcika-ekonomisi-alarmda-mi-de-wever-sosyal-protestolara-sert-cikti\/\" \/>\n<meta property=\"og:site_name\" content=\"Avrupal\u0131 T\u00fcrklerin en Yeni Haber Portal\u0131\" \/>\n<meta property=\"article:published_time\" content=\"2025-04-30T14:10:45+00:00\" \/>\n<meta property=\"og:image\" content=\"https:\/\/avrupatv.eu\/wp-content\/uploads\/2025\/04\/01_DeWeverBart_devb.jpg\" \/>\n\t<meta property=\"og:image:width\" content=\"1727\" \/>\n\t<meta property=\"og:image:height\" content=\"1151\" \/>\n\t<meta property=\"og:image:type\" content=\"image\/jpeg\" \/>\n<meta name=\"author\" content=\"Onur Akpinar\" \/>\n<meta name=\"twitter:card\" content=\"summary_large_image\" \/>\n<meta name=\"twitter:label1\" content=\"Yazan:\" \/>\n\t<meta name=\"twitter:data1\" content=\"Onur Akpinar\" \/>\n\t<meta name=\"twitter:label2\" content=\"Tahmini okuma s\u00fcresi\" \/>\n\t<meta name=\"twitter:data2\" content=\"1 dakika\" \/>\n<script type=\"application\/ld+json\" class=\"yoast-schema-graph\">{\"@context\":\"https:\\\/\\\/schema.org\",\"@graph\":[{\"@type\":\"Article\",\"@id\":\"https:\\\/\\\/avrupatv.eu\\\/index.php\\\/2025\\\/04\\\/30\\\/belcika-ekonomisi-alarmda-mi-de-wever-sosyal-protestolara-sert-cikti\\\/#article\",\"isPartOf\":{\"@id\":\"https:\\\/\\\/avrupatv.eu\\\/index.php\\\/2025\\\/04\\\/30\\\/belcika-ekonomisi-alarmda-mi-de-wever-sosyal-protestolara-sert-cikti\\\/\"},\"author\":{\"name\":\"Onur Akpinar\",\"@id\":\"https:\\\/\\\/avrupatv.eu\\\/#\\\/schema\\\/person\\\/d56afa5d5569da4029d483da36c0c17d\"},\"headline\":\"Bel\u00e7ika Ekonomisi Alarmda m\u0131? De Wever Sosyal Protestolara Sert \u00c7\u0131kt\u0131\",\"datePublished\":\"2025-04-30T14:10:45+00:00\",\"mainEntityOfPage\":{\"@id\":\"https:\\\/\\\/avrupatv.eu\\\/index.php\\\/2025\\\/04\\\/30\\\/belcika-ekonomisi-alarmda-mi-de-wever-sosyal-protestolara-sert-cikti\\\/\"},\"wordCount\":213,\"commentCount\":0,\"publisher\":{\"@id\":\"https:\\\/\\\/avrupatv.eu\\\/#organization\"},\"image\":{\"@id\":\"https:\\\/\\\/avrupatv.eu\\\/index.php\\\/2025\\\/04\\\/30\\\/belcika-ekonomisi-alarmda-mi-de-wever-sosyal-protestolara-sert-cikti\\\/#primaryimage\"},\"thumbnailUrl\":\"https:\\\/\\\/avrupatv.eu\\\/wp-content\\\/uploads\\\/2025\\\/04\\\/01_DeWeverBart_devb.jpg\",\"articleSection\":[\"Bel\u00e7ika\"],\"inLanguage\":\"tr\",\"potentialAction\":[{\"@type\":\"CommentAction\",\"name\":\"Comment\",\"target\":[\"https:\\\/\\\/avrupatv.eu\\\/index.php\\\/2025\\\/04\\\/30\\\/belcika-ekonomisi-alarmda-mi-de-wever-sosyal-protestolara-sert-cikti\\\/#respond\"]}]},{\"@type\":\"WebPage\",\"@id\":\"https:\\\/\\\/avrupatv.eu\\\/index.php\\\/2025\\\/04\\\/30\\\/belcika-ekonomisi-alarmda-mi-de-wever-sosyal-protestolara-sert-cikti\\\/\",\"url\":\"https:\\\/\\\/avrupatv.eu\\\/index.php\\\/2025\\\/04\\\/30\\\/belcika-ekonomisi-alarmda-mi-de-wever-sosyal-protestolara-sert-cikti\\\/\",\"name\":\"Bel\u00e7ika Ekonomisi Alarmda m\u0131? De Wever Sosyal Protestolara Sert \u00c7\u0131kt\u0131 - Avrupal\u0131 T\u00fcrklerin en Yeni Haber Portal\u0131\",\"isPartOf\":{\"@id\":\"https:\\\/\\\/avrupatv.eu\\\/#website\"},\"primaryImageOfPage\":{\"@id\":\"https:\\\/\\\/avrupatv.eu\\\/index.php\\\/2025\\\/04\\\/30\\\/belcika-ekonomisi-alarmda-mi-de-wever-sosyal-protestolara-sert-cikti\\\/#primaryimage\"},\"image\":{\"@id\":\"https:\\\/\\\/avrupatv.eu\\\/index.php\\\/2025\\\/04\\\/30\\\/belcika-ekonomisi-alarmda-mi-de-wever-sosyal-protestolara-sert-cikti\\\/#primaryimage\"},\"thumbnailUrl\":\"https:\\\/\\\/avrupatv.eu\\\/wp-content\\\/uploads\\\/2025\\\/04\\\/01_DeWeverBart_devb.jpg\",\"datePublished\":\"2025-04-30T14:10:45+00:00\",\"breadcrumb\":{\"@id\":\"https:\\\/\\\/avrupatv.eu\\\/index.php\\\/2025\\\/04\\\/30\\\/belcika-ekonomisi-alarmda-mi-de-wever-sosyal-protestolara-sert-cikti\\\/#breadcrumb\"},\"inLanguage\":\"tr\",\"potentialAction\":[{\"@type\":\"ReadAction\",\"target\":[\"https:\\\/\\\/avrupatv.eu\\\/index.php\\\/2025\\\/04\\\/30\\\/belcika-ekonomisi-alarmda-mi-de-wever-sosyal-protestolara-sert-cikti\\\/\"]}]},{\"@type\":\"ImageObject\",\"inLanguage\":\"tr\",\"@id\":\"https:\\\/\\\/avrupatv.eu\\\/index.php\\\/2025\\\/04\\\/30\\\/belcika-ekonomisi-alarmda-mi-de-wever-sosyal-protestolara-sert-cikti\\\/#primaryimage\",\"url\":\"https:\\\/\\\/avrupatv.eu\\\/wp-content\\\/uploads\\\/2025\\\/04\\\/01_DeWeverBart_devb.jpg\",\"contentUrl\":\"https:\\\/\\\/avrupatv.eu\\\/wp-content\\\/uploads\\\/2025\\\/04\\\/01_DeWeverBart_devb.jpg\",\"width\":1727,\"height\":1151},{\"@type\":\"BreadcrumbList\",\"@id\":\"https:\\\/\\\/avrupatv.eu\\\/index.php\\\/2025\\\/04\\\/30\\\/belcika-ekonomisi-alarmda-mi-de-wever-sosyal-protestolara-sert-cikti\\\/#breadcrumb\",\"itemListElement\":[{\"@type\":\"ListItem\",\"position\":1,\"name\":\"Anasayfa\",\"item\":\"https:\\\/\\\/avrupatv.eu\\\/\"},{\"@type\":\"ListItem\",\"position\":2,\"name\":\"Bel\u00e7ika Ekonomisi Alarmda m\u0131? De Wever Sosyal Protestolara Sert \u00c7\u0131kt\u0131\"}]},{\"@type\":\"WebSite\",\"@id\":\"https:\\\/\\\/avrupatv.eu\\\/#website\",\"url\":\"https:\\\/\\\/avrupatv.eu\\\/\",\"name\":\"Avrupal\u0131 T\u00fcrklerin en Yeni Haber Portal\u0131\",\"description\":\"\",\"publisher\":{\"@id\":\"https:\\\/\\\/avrupatv.eu\\\/#organization\"},\"alternateName\":\"Avrupa tv\",\"potentialAction\":[{\"@type\":\"SearchAction\",\"target\":{\"@type\":\"EntryPoint\",\"urlTemplate\":\"https:\\\/\\\/avrupatv.eu\\\/?s={search_term_string}\"},\"query-input\":{\"@type\":\"PropertyValueSpecification\",\"valueRequired\":true,\"valueName\":\"search_term_string\"}}],\"inLanguage\":\"tr\"},{\"@type\":\"Organization\",\"@id\":\"https:\\\/\\\/avrupatv.eu\\\/#organization\",\"name\":\"Avrupa Haber\",\"url\":\"https:\\\/\\\/avrupatv.eu\\\/\",\"logo\":{\"@type\":\"ImageObject\",\"inLanguage\":\"tr\",\"@id\":\"https:\\\/\\\/avrupatv.eu\\\/#\\\/schema\\\/logo\\\/image\\\/\",\"url\":\"https:\\\/\\\/avrupatv.eu\\\/wp-content\\\/uploads\\\/2023\\\/10\\\/cropped-thumbnail_logo.png\",\"contentUrl\":\"https:\\\/\\\/avrupatv.eu\\\/wp-content\\\/uploads\\\/2023\\\/10\\\/cropped-thumbnail_logo.png\",\"width\":1025,\"height\":302,\"caption\":\"Avrupa Haber\"},\"image\":{\"@id\":\"https:\\\/\\\/avrupatv.eu\\\/#\\\/schema\\\/logo\\\/image\\\/\"}},{\"@type\":\"Person\",\"@id\":\"https:\\\/\\\/avrupatv.eu\\\/#\\\/schema\\\/person\\\/d56afa5d5569da4029d483da36c0c17d\",\"name\":\"Onur Akpinar\",\"image\":{\"@type\":\"ImageObject\",\"inLanguage\":\"tr\",\"@id\":\"https:\\\/\\\/secure.gravatar.com\\\/avatar\\\/67a1a0bdf34f82da209334e4684b7e7171a58a5a2b0a8f836b61044f5c1f5d6a?s=96&d=mm&r=g\",\"url\":\"https:\\\/\\\/secure.gravatar.com\\\/avatar\\\/67a1a0bdf34f82da209334e4684b7e7171a58a5a2b0a8f836b61044f5c1f5d6a?s=96&d=mm&r=g\",\"contentUrl\":\"https:\\\/\\\/secure.gravatar.com\\\/avatar\\\/67a1a0bdf34f82da209334e4684b7e7171a58a5a2b0a8f836b61044f5c1f5d6a?s=96&d=mm&r=g\",\"caption\":\"Onur Akpinar\"},\"url\":\"https:\\\/\\\/avrupatv.eu\\\/index.php\\\/author\\\/onur-akpinar\\\/\"}]}<\/script>\n<!-- \/ Yoast SEO plugin. -->","yoast_head_json":{"title":"Bel\u00e7ika Ekonomisi Alarmda m\u0131? De Wever Sosyal Protestolara Sert \u00c7\u0131kt\u0131 - Avrupal\u0131 T\u00fcrklerin en Yeni Haber Portal\u0131","robots":{"index":"index","follow":"follow","max-snippet":"max-snippet:-1","max-image-preview":"max-image-preview:large","max-video-preview":"max-video-preview:-1"},"canonical":"https:\/\/avrupatv.eu\/index.php\/2025\/04\/30\/belcika-ekonomisi-alarmda-mi-de-wever-sosyal-protestolara-sert-cikti\/","og_locale":"tr_TR","og_type":"article","og_title":"Bel\u00e7ika Ekonomisi Alarmda m\u0131? De Wever Sosyal Protestolara Sert \u00c7\u0131kt\u0131 - Avrupal\u0131 T\u00fcrklerin en Yeni Haber Portal\u0131","og_description":"Bel\u00e7ika Ba\u015fbakan\u0131 Bart De Wever (N-VA), h\u00fck\u00fcmetin ekonomi politikalar\u0131na y\u00f6nelik artan sosyal protestolara kar\u015f\u0131 kararl\u0131l\u0131k mesaj\u0131 verdi. 1 May\u0131s \u00f6ncesinde konu\u015fan De Wever, \u201cRegeerakkoord\u2019taki t\u00fcm \u00f6nlemler uygulanacak. Alternatif yok. Sosyal tepkiler bizi yava\u015flatmamal\u0131\u201d dedi. Ba\u015fbakan, uluslararas\u0131 kredi derecelendirme kurulu\u015fu Standard &amp; Poor\u2019s\u2019un yay\u0131nlad\u0131\u011f\u0131 son raporu da g\u00fcndeme ta\u015f\u0131d\u0131. Raporda, sosyal huzursuzluklar\u0131n Bel\u00e7ika\u2019n\u0131n kredi notunu tehlikeye [&hellip;]","og_url":"https:\/\/avrupatv.eu\/index.php\/2025\/04\/30\/belcika-ekonomisi-alarmda-mi-de-wever-sosyal-protestolara-sert-cikti\/","og_site_name":"Avrupal\u0131 T\u00fcrklerin en Yeni Haber Portal\u0131","article_published_time":"2025-04-30T14:10:45+00:00","og_image":[{"width":1727,"height":1151,"url":"https:\/\/avrupatv.eu\/wp-content\/uploads\/2025\/04\/01_DeWeverBart_devb.jpg","type":"image\/jpeg"}],"author":"Onur Akpinar","twitter_card":"summary_large_image","twitter_misc":{"Yazan:":"Onur Akpinar","Tahmini okuma s\u00fcresi":"1 dakika"},"schema":{"@context":"https:\/\/schema.org","@graph":[{"@type":"Article","@id":"https:\/\/avrupatv.eu\/index.php\/2025\/04\/30\/belcika-ekonomisi-alarmda-mi-de-wever-sosyal-protestolara-sert-cikti\/#article","isPartOf":{"@id":"https:\/\/avrupatv.eu\/index.php\/2025\/04\/30\/belcika-ekonomisi-alarmda-mi-de-wever-sosyal-protestolara-sert-cikti\/"},"author":{"name":"Onur Akpinar","@id":"https:\/\/avrupatv.eu\/#\/schema\/person\/d56afa5d5569da4029d483da36c0c17d"},"headline":"Bel\u00e7ika Ekonomisi Alarmda m\u0131? De Wever Sosyal Protestolara Sert \u00c7\u0131kt\u0131","datePublished":"2025-04-30T14:10:45+00:00","mainEntityOfPage":{"@id":"https:\/\/avrupatv.eu\/index.php\/2025\/04\/30\/belcika-ekonomisi-alarmda-mi-de-wever-sosyal-protestolara-sert-cikti\/"},"wordCount":213,"commentCount":0,"publisher":{"@id":"https:\/\/avrupatv.eu\/#organization"},"image":{"@id":"https:\/\/avrupatv.eu\/index.php\/2025\/04\/30\/belcika-ekonomisi-alarmda-mi-de-wever-sosyal-protestolara-sert-cikti\/#primaryimage"},"thumbnailUrl":"https:\/\/avrupatv.eu\/wp-content\/uploads\/2025\/04\/01_DeWeverBart_devb.jpg","articleSection":["Bel\u00e7ika"],"inLanguage":"tr","potentialAction":[{"@type":"CommentAction","name":"Comment","target":["https:\/\/avrupatv.eu\/index.php\/2025\/04\/30\/belcika-ekonomisi-alarmda-mi-de-wever-sosyal-protestolara-sert-cikti\/#respond"]}]},{"@type":"WebPage","@id":"https:\/\/avrupatv.eu\/index.php\/2025\/04\/30\/belcika-ekonomisi-alarmda-mi-de-wever-sosyal-protestolara-sert-cikti\/","url":"https:\/\/avrupatv.eu\/index.php\/2025\/04\/30\/belcika-ekonomisi-alarmda-mi-de-wever-sosyal-protestolara-sert-cikti\/","name":"Bel\u00e7ika Ekonomisi Alarmda m\u0131? De Wever Sosyal Protestolara Sert \u00c7\u0131kt\u0131 - Avrupal\u0131 T\u00fcrklerin en Yeni Haber Portal\u0131","isPartOf":{"@id":"https:\/\/avrupatv.eu\/#website"},"primaryImageOfPage":{"@id":"https:\/\/avrupatv.eu\/index.php\/2025\/04\/30\/belcika-ekonomisi-alarmda-mi-de-wever-sosyal-protestolara-sert-cikti\/#primaryimage"},"image":{"@id":"https:\/\/avrupatv.eu\/index.php\/2025\/04\/30\/belcika-ekonomisi-alarmda-mi-de-wever-sosyal-protestolara-sert-cikti\/#primaryimage"},"thumbnailUrl":"https:\/\/avrupatv.eu\/wp-content\/uploads\/2025\/04\/01_DeWeverBart_devb.jpg","datePublished":"2025-04-30T14:10:45+00:00","breadcrumb":{"@id":"https:\/\/avrupatv.eu\/index.php\/2025\/04\/30\/belcika-ekonomisi-alarmda-mi-de-wever-sosyal-protestolara-sert-cikti\/#breadcrumb"},"inLanguage":"tr","potentialAction":[{"@type":"ReadAction","target":["https:\/\/avrupatv.eu\/index.php\/2025\/04\/30\/belcika-ekonomisi-alarmda-mi-de-wever-sosyal-protestolara-sert-cikti\/"]}]},{"@type":"ImageObject","inLanguage":"tr","@id":"https:\/\/avrupatv.eu\/index.php\/2025\/04\/30\/belcika-ekonomisi-alarmda-mi-de-wever-sosyal-protestolara-sert-cikti\/#primaryimage","url":"https:\/\/avrupatv.eu\/wp-content\/uploads\/2025\/04\/01_DeWeverBart_devb.jpg","contentUrl":"https:\/\/avrupatv.eu\/wp-content\/uploads\/2025\/04\/01_DeWeverBart_devb.jpg","width":1727,"height":1151},{"@type":"BreadcrumbList","@id":"https:\/\/avrupatv.eu\/index.php\/2025\/04\/30\/belcika-ekonomisi-alarmda-mi-de-wever-sosyal-protestolara-sert-cikti\/#breadcrumb","itemListElement":[{"@type":"ListItem","position":1,"name":"Anasayfa","item":"https:\/\/avrupatv.eu\/"},{"@type":"ListItem","position":2,"name":"Bel\u00e7ika Ekonomisi Alarmda m\u0131? De Wever Sosyal Protestolara Sert \u00c7\u0131kt\u0131"}]},{"@type":"WebSite","@id":"https:\/\/avrupatv.eu\/#website","url":"https:\/\/avrupatv.eu\/","name":"Avrupal\u0131 T\u00fcrklerin en Yeni Haber Portal\u0131","description":"","publisher":{"@id":"https:\/\/avrupatv.eu\/#organization"},"alternateName":"Avrupa tv","potentialAction":[{"@type":"SearchAction","target":{"@type":"EntryPoint","urlTemplate":"https:\/\/avrupatv.eu\/?s={search_term_string}"},"query-input":{"@type":"PropertyValueSpecification","valueRequired":true,"valueName":"search_term_string"}}],"inLanguage":"tr"},{"@type":"Organization","@id":"https:\/\/avrupatv.eu\/#organization","name":"Avrupa Haber","url":"https:\/\/avrupatv.eu\/","logo":{"@type":"ImageObject","inLanguage":"tr","@id":"https:\/\/avrupatv.eu\/#\/schema\/logo\/image\/","url":"https:\/\/avrupatv.eu\/wp-content\/uploads\/2023\/10\/cropped-thumbnail_logo.png","contentUrl":"https:\/\/avrupatv.eu\/wp-content\/uploads\/2023\/10\/cropped-thumbnail_logo.png","width":1025,"height":302,"caption":"Avrupa Haber"},"image":{"@id":"https:\/\/avrupatv.eu\/#\/schema\/logo\/image\/"}},{"@type":"Person","@id":"https:\/\/avrupatv.eu\/#\/schema\/person\/d56afa5d5569da4029d483da36c0c17d","name":"Onur Akpinar","image":{"@type":"ImageObject","inLanguage":"tr","@id":"https:\/\/secure.gravatar.com\/avatar\/67a1a0bdf34f82da209334e4684b7e7171a58a5a2b0a8f836b61044f5c1f5d6a?s=96&d=mm&r=g","url":"https:\/\/secure.gravatar.com\/avatar\/67a1a0bdf34f82da209334e4684b7e7171a58a5a2b0a8f836b61044f5c1f5d6a?s=96&d=mm&r=g","contentUrl":"https:\/\/secure.gravatar.com\/avatar\/67a1a0bdf34f82da209334e4684b7e7171a58a5a2b0a8f836b61044f5c1f5d6a?s=96&d=mm&r=g","caption":"Onur Akpinar"},"url":"https:\/\/avrupatv.eu\/index.php\/author\/onur-akpinar\/"}]}},"_links":{"self":[{"href":"https:\/\/avrupatv.eu\/index.php\/wp-json\/wp\/v2\/posts\/1128","targetHints":{"allow":["GET"]}}],"collection":[{"href":"https:\/\/avrupatv.eu\/index.php\/wp-json\/wp\/v2\/posts"}],"about":[{"href":"https:\/\/avrupatv.eu\/index.php\/wp-json\/wp\/v2\/types\/post"}],"author":[{"embeddable":true,"href":"https:\/\/avrupatv.eu\/index.php\/wp-json\/wp\/v2\/users\/2"}],"replies":[{"embeddable":true,"href":"https:\/\/avrupatv.eu\/index.php\/wp-json\/wp\/v2\/comments?post=1128"}],"version-history":[{"count":1,"href":"https:\/\/avrupatv.eu\/index.php\/wp-json\/wp\/v2\/posts\/1128\/revisions"}],"predecessor-version":[{"id":1130,"href":"https:\/\/avrupatv.eu\/index.php\/wp-json\/wp\/v2\/posts\/1128\/revisions\/1130"}],"wp:featuredmedia":[{"embeddable":true,"href":"https:\/\/avrupatv.eu\/index.php\/wp-json\/wp\/v2\/media\/1129"}],"wp:attachment":[{"href":"https:\/\/avrupatv.eu\/index.php\/wp-json\/wp\/v2\/media?parent=1128"}],"wp:term":[{"taxonomy":"category","embeddable":true,"href":"https:\/\/avrupatv.eu\/index.php\/wp-json\/wp\/v2\/categories?post=1128"},{"taxonomy":"post_tag","embeddable":true,"href":"https:\/\/avrupatv.eu\/index.php\/wp-json\/wp\/v2\/tags?post=1128"}],"curies":[{"name":"wp","href":"https:\/\/api.w.org\/{rel}","templated":true}]}}