{"id":1118,"date":"2025-04-29T09:46:38","date_gmt":"2025-04-29T09:46:38","guid":{"rendered":"https:\/\/avrupatv.eu\/?p=1118"},"modified":"2025-04-29T09:46:39","modified_gmt":"2025-04-29T09:46:39","slug":"ali-efe-gunes-hakkindaki-taciz-ve-cocuklara-yonelik-iddialara-sessiz-kalmadi-hepsi-asilsiz","status":"publish","type":"post","link":"https:\/\/avrupatv.eu\/index.php\/2025\/04\/29\/ali-efe-gunes-hakkindaki-taciz-ve-cocuklara-yonelik-iddialara-sessiz-kalmadi-hepsi-asilsiz\/","title":{"rendered":"Ali Efe G\u00fcne\u015f Hakk\u0131ndaki Taciz ve \u00c7ocuklara Y\u00f6nelik \u0130ddialara Sessiz Kalmad\u0131: \u201cHepsi As\u0131ls\u0131z!\u201d"},"content":{"rendered":"\n<p>Sosyal medyada hakk\u0131nda ortaya at\u0131lan iddialar\u0131n ard\u0131ndan sessizli\u011fini koruyan Ali Efe G\u00fcne\u015f, d\u00fcn ak\u015fam TikTok hesab\u0131ndan yapt\u0131\u011f\u0131 a\u00e7\u0131klamayla kamuoyuna seslendi. G\u00fcne\u015f, kendisi hakk\u0131nda sosyal medya ve \u00e7e\u015fitli mecralarda yay\u0131lan as\u0131ls\u0131z ve ger\u00e7ek d\u0131\u015f\u0131 iddialara kar\u015f\u0131 a\u00e7\u0131klama yapma gere\u011fi duydu\u011funu belirtti.<\/p>\n\n\n\n<p>G\u00fcne\u015f, ad\u0131n\u0131 kullanarak \u00fc\u00e7\u00fcnc\u00fc \u015fah\u0131slar taraf\u0131ndan olu\u015fturulan, sahte ekran g\u00f6r\u00fcnt\u00fcleriyle desteklenen ve hi\u00e7bir somut delile dayanmayan su\u00e7lamalar\u0131n, Siber Su\u00e7larla M\u00fccadele Birimi taraf\u0131ndan incelendi\u011fini ve savc\u0131l\u0131\u011fa sunulan dosyada bu iddialar\u0131n as\u0131ls\u0131z oldu\u011funun ortaya \u00e7\u0131kt\u0131\u011f\u0131n\u0131 ifade etti.<\/p>\n\n\n\n<p>A\u00e7\u0131klamas\u0131nda, as\u0131l kendisinin tacizle su\u00e7layan ki\u015filerin tehdit ve zorbal\u0131\u011f\u0131na maruz kald\u0131\u011f\u0131n\u0131 belirten G\u00fcne\u015f, ki\u015filik haklar\u0131n\u0131 hedef alan bu karalama kampanyas\u0131n\u0131 y\u00fcr\u00fctenler hakk\u0131nda Cumhuriyet Ba\u015fsavc\u0131l\u0131\u011f\u0131na su\u00e7 duyurusunda bulundu\u011funu da duyurdu.<\/p>\n\n\n\n<p>Ali Efe G\u00fcne\u015f, a\u00e7\u0131klamas\u0131n\u0131n sonunda kamuoyunu, k\u00f6t\u00fc niyetli ve ger\u00e7ek d\u0131\u015f\u0131 i\u00e7eriklere itibar etmemeleri konusunda uyard\u0131 ve sayg\u0131lar\u0131n\u0131 iletti.<\/p>\n\n\n\n<figure class=\"wp-block-image size-large\"><img loading=\"lazy\" decoding=\"async\" width=\"419\" height=\"1024\" src=\"https:\/\/avrupatv.eu\/wp-content\/uploads\/2025\/04\/1000203776-419x1024.jpg\" alt=\"\" class=\"wp-image-1119\" srcset=\"https:\/\/avrupatv.eu\/wp-content\/uploads\/2025\/04\/1000203776-419x1024.jpg 419w, https:\/\/avrupatv.eu\/wp-content\/uploads\/2025\/04\/1000203776-123x300.jpg 123w, https:\/\/avrupatv.eu\/wp-content\/uploads\/2025\/04\/1000203776-768x1877.jpg 768w, https:\/\/avrupatv.eu\/wp-content\/uploads\/2025\/04\/1000203776-628x1536.jpg 628w, https:\/\/avrupatv.eu\/wp-content\/uploads\/2025\/04\/1000203776-838x2048.jpg 838w, https:\/\/avrupatv.eu\/wp-content\/uploads\/2025\/04\/1000203776-scaled.jpg 1047w\" sizes=\"auto, (max-width: 419px) 100vw, 419px\" \/><\/figure>\n","protected":false},"excerpt":{"rendered":"<p>Sosyal medyada hakk\u0131nda ortaya at\u0131lan iddialar\u0131n ard\u0131ndan sessizli\u011fini koruyan Ali Efe G\u00fcne\u015f, d\u00fcn ak\u015fam TikTok hesab\u0131ndan yapt\u0131\u011f\u0131 a\u00e7\u0131klamayla kamuoyuna seslendi. G\u00fcne\u015f, kendisi hakk\u0131nda sosyal medya ve \u00e7e\u015fitli mecralarda yay\u0131lan as\u0131ls\u0131z ve ger\u00e7ek d\u0131\u015f\u0131 iddialara kar\u015f\u0131 a\u00e7\u0131klama yapma gere\u011fi duydu\u011funu belirtti. G\u00fcne\u015f, ad\u0131n\u0131 kullanarak \u00fc\u00e7\u00fcnc\u00fc \u015fah\u0131slar taraf\u0131ndan olu\u015fturulan, sahte ekran g\u00f6r\u00fcnt\u00fcleriyle desteklenen ve hi\u00e7bir somut delile [&hellip;]<\/p>\n","protected":false},"author":2,"featured_media":1120,"comment_status":"open","ping_status":"open","sticky":false,"template":"","format":"standard","meta":{"footnotes":""},"categories":[20,11],"tags":[],"class_list":["post-1118","post","type-post","status-publish","format-standard","has-post-thumbnail","hentry","category-magazin-turkiye","category-turkiye"],"yoast_head":"<!-- This site is optimized with the Yoast SEO plugin v27.5 - https:\/\/yoast.com\/product\/yoast-seo-wordpress\/ -->\n<title>Ali Efe G\u00fcne\u015f Hakk\u0131ndaki Taciz ve \u00c7ocuklara Y\u00f6nelik \u0130ddialara Sessiz Kalmad\u0131: \u201cHepsi As\u0131ls\u0131z!\u201d - Avrupal\u0131 T\u00fcrklerin en Yeni Haber Portal\u0131<\/title>\n<meta name=\"robots\" content=\"index, follow, max-snippet:-1, max-image-preview:large, max-video-preview:-1\" \/>\n<link rel=\"canonical\" href=\"https:\/\/avrupatv.eu\/index.php\/2025\/04\/29\/ali-efe-gunes-hakkindaki-taciz-ve-cocuklara-yonelik-iddialara-sessiz-kalmadi-hepsi-asilsiz\/\" \/>\n<meta property=\"og:locale\" content=\"tr_TR\" \/>\n<meta property=\"og:type\" content=\"article\" \/>\n<meta property=\"og:title\" content=\"Ali Efe G\u00fcne\u015f Hakk\u0131ndaki Taciz ve \u00c7ocuklara Y\u00f6nelik \u0130ddialara Sessiz Kalmad\u0131: \u201cHepsi As\u0131ls\u0131z!\u201d - Avrupal\u0131 T\u00fcrklerin en Yeni Haber Portal\u0131\" \/>\n<meta property=\"og:description\" content=\"Sosyal medyada hakk\u0131nda ortaya at\u0131lan iddialar\u0131n ard\u0131ndan sessizli\u011fini koruyan Ali Efe G\u00fcne\u015f, d\u00fcn ak\u015fam TikTok hesab\u0131ndan yapt\u0131\u011f\u0131 a\u00e7\u0131klamayla kamuoyuna seslendi. G\u00fcne\u015f, kendisi hakk\u0131nda sosyal medya ve \u00e7e\u015fitli mecralarda yay\u0131lan as\u0131ls\u0131z ve ger\u00e7ek d\u0131\u015f\u0131 iddialara kar\u015f\u0131 a\u00e7\u0131klama yapma gere\u011fi duydu\u011funu belirtti. G\u00fcne\u015f, ad\u0131n\u0131 kullanarak \u00fc\u00e7\u00fcnc\u00fc \u015fah\u0131slar taraf\u0131ndan olu\u015fturulan, sahte ekran g\u00f6r\u00fcnt\u00fcleriyle desteklenen ve hi\u00e7bir somut delile [&hellip;]\" \/>\n<meta property=\"og:url\" content=\"https:\/\/avrupatv.eu\/index.php\/2025\/04\/29\/ali-efe-gunes-hakkindaki-taciz-ve-cocuklara-yonelik-iddialara-sessiz-kalmadi-hepsi-asilsiz\/\" \/>\n<meta property=\"og:site_name\" content=\"Avrupal\u0131 T\u00fcrklerin en Yeni Haber Portal\u0131\" \/>\n<meta property=\"article:published_time\" content=\"2025-04-29T09:46:38+00:00\" \/>\n<meta property=\"article:modified_time\" content=\"2025-04-29T09:46:39+00:00\" \/>\n<meta property=\"og:image\" content=\"https:\/\/avrupatv.eu\/wp-content\/uploads\/2025\/04\/864257Image1.jpg\" \/>\n\t<meta property=\"og:image:width\" content=\"1500\" \/>\n\t<meta property=\"og:image:height\" content=\"945\" \/>\n\t<meta property=\"og:image:type\" content=\"image\/jpeg\" \/>\n<meta name=\"author\" content=\"Onur Akpinar\" \/>\n<meta name=\"twitter:card\" content=\"summary_large_image\" \/>\n<meta name=\"twitter:label1\" content=\"Yazan:\" \/>\n\t<meta name=\"twitter:data1\" content=\"Onur Akpinar\" \/>\n\t<meta name=\"twitter:label2\" content=\"Tahmini okuma s\u00fcresi\" \/>\n\t<meta name=\"twitter:data2\" content=\"2 dakika\" \/>\n<script type=\"application\/ld+json\" class=\"yoast-schema-graph\">{\"@context\":\"https:\\\/\\\/schema.org\",\"@graph\":[{\"@type\":\"Article\",\"@id\":\"https:\\\/\\\/avrupatv.eu\\\/index.php\\\/2025\\\/04\\\/29\\\/ali-efe-gunes-hakkindaki-taciz-ve-cocuklara-yonelik-iddialara-sessiz-kalmadi-hepsi-asilsiz\\\/#article\",\"isPartOf\":{\"@id\":\"https:\\\/\\\/avrupatv.eu\\\/index.php\\\/2025\\\/04\\\/29\\\/ali-efe-gunes-hakkindaki-taciz-ve-cocuklara-yonelik-iddialara-sessiz-kalmadi-hepsi-asilsiz\\\/\"},\"author\":{\"name\":\"Onur Akpinar\",\"@id\":\"https:\\\/\\\/avrupatv.eu\\\/#\\\/schema\\\/person\\\/d56afa5d5569da4029d483da36c0c17d\"},\"headline\":\"Ali Efe G\u00fcne\u015f Hakk\u0131ndaki Taciz ve \u00c7ocuklara Y\u00f6nelik \u0130ddialara Sessiz Kalmad\u0131: \u201cHepsi As\u0131ls\u0131z!\u201d\",\"datePublished\":\"2025-04-29T09:46:38+00:00\",\"dateModified\":\"2025-04-29T09:46:39+00:00\",\"mainEntityOfPage\":{\"@id\":\"https:\\\/\\\/avrupatv.eu\\\/index.php\\\/2025\\\/04\\\/29\\\/ali-efe-gunes-hakkindaki-taciz-ve-cocuklara-yonelik-iddialara-sessiz-kalmadi-hepsi-asilsiz\\\/\"},\"wordCount\":210,\"commentCount\":0,\"publisher\":{\"@id\":\"https:\\\/\\\/avrupatv.eu\\\/#organization\"},\"image\":{\"@id\":\"https:\\\/\\\/avrupatv.eu\\\/index.php\\\/2025\\\/04\\\/29\\\/ali-efe-gunes-hakkindaki-taciz-ve-cocuklara-yonelik-iddialara-sessiz-kalmadi-hepsi-asilsiz\\\/#primaryimage\"},\"thumbnailUrl\":\"https:\\\/\\\/avrupatv.eu\\\/wp-content\\\/uploads\\\/2025\\\/04\\\/864257Image1.jpg\",\"articleSection\":[\"Magazin T\u00fcrkiye\",\"T\u00fcrkiye\"],\"inLanguage\":\"tr\",\"potentialAction\":[{\"@type\":\"CommentAction\",\"name\":\"Comment\",\"target\":[\"https:\\\/\\\/avrupatv.eu\\\/index.php\\\/2025\\\/04\\\/29\\\/ali-efe-gunes-hakkindaki-taciz-ve-cocuklara-yonelik-iddialara-sessiz-kalmadi-hepsi-asilsiz\\\/#respond\"]}]},{\"@type\":\"WebPage\",\"@id\":\"https:\\\/\\\/avrupatv.eu\\\/index.php\\\/2025\\\/04\\\/29\\\/ali-efe-gunes-hakkindaki-taciz-ve-cocuklara-yonelik-iddialara-sessiz-kalmadi-hepsi-asilsiz\\\/\",\"url\":\"https:\\\/\\\/avrupatv.eu\\\/index.php\\\/2025\\\/04\\\/29\\\/ali-efe-gunes-hakkindaki-taciz-ve-cocuklara-yonelik-iddialara-sessiz-kalmadi-hepsi-asilsiz\\\/\",\"name\":\"Ali Efe G\u00fcne\u015f Hakk\u0131ndaki Taciz ve \u00c7ocuklara Y\u00f6nelik \u0130ddialara Sessiz Kalmad\u0131: \u201cHepsi As\u0131ls\u0131z!\u201d - Avrupal\u0131 T\u00fcrklerin en Yeni Haber Portal\u0131\",\"isPartOf\":{\"@id\":\"https:\\\/\\\/avrupatv.eu\\\/#website\"},\"primaryImageOfPage\":{\"@id\":\"https:\\\/\\\/avrupatv.eu\\\/index.php\\\/2025\\\/04\\\/29\\\/ali-efe-gunes-hakkindaki-taciz-ve-cocuklara-yonelik-iddialara-sessiz-kalmadi-hepsi-asilsiz\\\/#primaryimage\"},\"image\":{\"@id\":\"https:\\\/\\\/avrupatv.eu\\\/index.php\\\/2025\\\/04\\\/29\\\/ali-efe-gunes-hakkindaki-taciz-ve-cocuklara-yonelik-iddialara-sessiz-kalmadi-hepsi-asilsiz\\\/#primaryimage\"},\"thumbnailUrl\":\"https:\\\/\\\/avrupatv.eu\\\/wp-content\\\/uploads\\\/2025\\\/04\\\/864257Image1.jpg\",\"datePublished\":\"2025-04-29T09:46:38+00:00\",\"dateModified\":\"2025-04-29T09:46:39+00:00\",\"breadcrumb\":{\"@id\":\"https:\\\/\\\/avrupatv.eu\\\/index.php\\\/2025\\\/04\\\/29\\\/ali-efe-gunes-hakkindaki-taciz-ve-cocuklara-yonelik-iddialara-sessiz-kalmadi-hepsi-asilsiz\\\/#breadcrumb\"},\"inLanguage\":\"tr\",\"potentialAction\":[{\"@type\":\"ReadAction\",\"target\":[\"https:\\\/\\\/avrupatv.eu\\\/index.php\\\/2025\\\/04\\\/29\\\/ali-efe-gunes-hakkindaki-taciz-ve-cocuklara-yonelik-iddialara-sessiz-kalmadi-hepsi-asilsiz\\\/\"]}]},{\"@type\":\"ImageObject\",\"inLanguage\":\"tr\",\"@id\":\"https:\\\/\\\/avrupatv.eu\\\/index.php\\\/2025\\\/04\\\/29\\\/ali-efe-gunes-hakkindaki-taciz-ve-cocuklara-yonelik-iddialara-sessiz-kalmadi-hepsi-asilsiz\\\/#primaryimage\",\"url\":\"https:\\\/\\\/avrupatv.eu\\\/wp-content\\\/uploads\\\/2025\\\/04\\\/864257Image1.jpg\",\"contentUrl\":\"https:\\\/\\\/avrupatv.eu\\\/wp-content\\\/uploads\\\/2025\\\/04\\\/864257Image1.jpg\",\"width\":1500,\"height\":945},{\"@type\":\"BreadcrumbList\",\"@id\":\"https:\\\/\\\/avrupatv.eu\\\/index.php\\\/2025\\\/04\\\/29\\\/ali-efe-gunes-hakkindaki-taciz-ve-cocuklara-yonelik-iddialara-sessiz-kalmadi-hepsi-asilsiz\\\/#breadcrumb\",\"itemListElement\":[{\"@type\":\"ListItem\",\"position\":1,\"name\":\"Anasayfa\",\"item\":\"https:\\\/\\\/avrupatv.eu\\\/\"},{\"@type\":\"ListItem\",\"position\":2,\"name\":\"Ali Efe G\u00fcne\u015f Hakk\u0131ndaki Taciz ve \u00c7ocuklara Y\u00f6nelik \u0130ddialara Sessiz Kalmad\u0131: \u201cHepsi As\u0131ls\u0131z!\u201d\"}]},{\"@type\":\"WebSite\",\"@id\":\"https:\\\/\\\/avrupatv.eu\\\/#website\",\"url\":\"https:\\\/\\\/avrupatv.eu\\\/\",\"name\":\"Avrupal\u0131 T\u00fcrklerin en Yeni Haber Portal\u0131\",\"description\":\"\",\"publisher\":{\"@id\":\"https:\\\/\\\/avrupatv.eu\\\/#organization\"},\"alternateName\":\"Avrupa tv\",\"potentialAction\":[{\"@type\":\"SearchAction\",\"target\":{\"@type\":\"EntryPoint\",\"urlTemplate\":\"https:\\\/\\\/avrupatv.eu\\\/?s={search_term_string}\"},\"query-input\":{\"@type\":\"PropertyValueSpecification\",\"valueRequired\":true,\"valueName\":\"search_term_string\"}}],\"inLanguage\":\"tr\"},{\"@type\":\"Organization\",\"@id\":\"https:\\\/\\\/avrupatv.eu\\\/#organization\",\"name\":\"Avrupa Haber\",\"url\":\"https:\\\/\\\/avrupatv.eu\\\/\",\"logo\":{\"@type\":\"ImageObject\",\"inLanguage\":\"tr\",\"@id\":\"https:\\\/\\\/avrupatv.eu\\\/#\\\/schema\\\/logo\\\/image\\\/\",\"url\":\"https:\\\/\\\/avrupatv.eu\\\/wp-content\\\/uploads\\\/2023\\\/10\\\/cropped-thumbnail_logo.png\",\"contentUrl\":\"https:\\\/\\\/avrupatv.eu\\\/wp-content\\\/uploads\\\/2023\\\/10\\\/cropped-thumbnail_logo.png\",\"width\":1025,\"height\":302,\"caption\":\"Avrupa Haber\"},\"image\":{\"@id\":\"https:\\\/\\\/avrupatv.eu\\\/#\\\/schema\\\/logo\\\/image\\\/\"}},{\"@type\":\"Person\",\"@id\":\"https:\\\/\\\/avrupatv.eu\\\/#\\\/schema\\\/person\\\/d56afa5d5569da4029d483da36c0c17d\",\"name\":\"Onur Akpinar\",\"image\":{\"@type\":\"ImageObject\",\"inLanguage\":\"tr\",\"@id\":\"https:\\\/\\\/secure.gravatar.com\\\/avatar\\\/67a1a0bdf34f82da209334e4684b7e7171a58a5a2b0a8f836b61044f5c1f5d6a?s=96&d=mm&r=g\",\"url\":\"https:\\\/\\\/secure.gravatar.com\\\/avatar\\\/67a1a0bdf34f82da209334e4684b7e7171a58a5a2b0a8f836b61044f5c1f5d6a?s=96&d=mm&r=g\",\"contentUrl\":\"https:\\\/\\\/secure.gravatar.com\\\/avatar\\\/67a1a0bdf34f82da209334e4684b7e7171a58a5a2b0a8f836b61044f5c1f5d6a?s=96&d=mm&r=g\",\"caption\":\"Onur Akpinar\"},\"url\":\"https:\\\/\\\/avrupatv.eu\\\/index.php\\\/author\\\/onur-akpinar\\\/\"}]}<\/script>\n<!-- \/ Yoast SEO plugin. -->","yoast_head_json":{"title":"Ali Efe G\u00fcne\u015f Hakk\u0131ndaki Taciz ve \u00c7ocuklara Y\u00f6nelik \u0130ddialara Sessiz Kalmad\u0131: \u201cHepsi As\u0131ls\u0131z!\u201d - Avrupal\u0131 T\u00fcrklerin en Yeni Haber Portal\u0131","robots":{"index":"index","follow":"follow","max-snippet":"max-snippet:-1","max-image-preview":"max-image-preview:large","max-video-preview":"max-video-preview:-1"},"canonical":"https:\/\/avrupatv.eu\/index.php\/2025\/04\/29\/ali-efe-gunes-hakkindaki-taciz-ve-cocuklara-yonelik-iddialara-sessiz-kalmadi-hepsi-asilsiz\/","og_locale":"tr_TR","og_type":"article","og_title":"Ali Efe G\u00fcne\u015f Hakk\u0131ndaki Taciz ve \u00c7ocuklara Y\u00f6nelik \u0130ddialara Sessiz Kalmad\u0131: \u201cHepsi As\u0131ls\u0131z!\u201d - Avrupal\u0131 T\u00fcrklerin en Yeni Haber Portal\u0131","og_description":"Sosyal medyada hakk\u0131nda ortaya at\u0131lan iddialar\u0131n ard\u0131ndan sessizli\u011fini koruyan Ali Efe G\u00fcne\u015f, d\u00fcn ak\u015fam TikTok hesab\u0131ndan yapt\u0131\u011f\u0131 a\u00e7\u0131klamayla kamuoyuna seslendi. G\u00fcne\u015f, kendisi hakk\u0131nda sosyal medya ve \u00e7e\u015fitli mecralarda yay\u0131lan as\u0131ls\u0131z ve ger\u00e7ek d\u0131\u015f\u0131 iddialara kar\u015f\u0131 a\u00e7\u0131klama yapma gere\u011fi duydu\u011funu belirtti. G\u00fcne\u015f, ad\u0131n\u0131 kullanarak \u00fc\u00e7\u00fcnc\u00fc \u015fah\u0131slar taraf\u0131ndan olu\u015fturulan, sahte ekran g\u00f6r\u00fcnt\u00fcleriyle desteklenen ve hi\u00e7bir somut delile [&hellip;]","og_url":"https:\/\/avrupatv.eu\/index.php\/2025\/04\/29\/ali-efe-gunes-hakkindaki-taciz-ve-cocuklara-yonelik-iddialara-sessiz-kalmadi-hepsi-asilsiz\/","og_site_name":"Avrupal\u0131 T\u00fcrklerin en Yeni Haber Portal\u0131","article_published_time":"2025-04-29T09:46:38+00:00","article_modified_time":"2025-04-29T09:46:39+00:00","og_image":[{"width":1500,"height":945,"url":"https:\/\/avrupatv.eu\/wp-content\/uploads\/2025\/04\/864257Image1.jpg","type":"image\/jpeg"}],"author":"Onur Akpinar","twitter_card":"summary_large_image","twitter_misc":{"Yazan:":"Onur Akpinar","Tahmini okuma s\u00fcresi":"2 dakika"},"schema":{"@context":"https:\/\/schema.org","@graph":[{"@type":"Article","@id":"https:\/\/avrupatv.eu\/index.php\/2025\/04\/29\/ali-efe-gunes-hakkindaki-taciz-ve-cocuklara-yonelik-iddialara-sessiz-kalmadi-hepsi-asilsiz\/#article","isPartOf":{"@id":"https:\/\/avrupatv.eu\/index.php\/2025\/04\/29\/ali-efe-gunes-hakkindaki-taciz-ve-cocuklara-yonelik-iddialara-sessiz-kalmadi-hepsi-asilsiz\/"},"author":{"name":"Onur Akpinar","@id":"https:\/\/avrupatv.eu\/#\/schema\/person\/d56afa5d5569da4029d483da36c0c17d"},"headline":"Ali Efe G\u00fcne\u015f Hakk\u0131ndaki Taciz ve \u00c7ocuklara Y\u00f6nelik \u0130ddialara Sessiz Kalmad\u0131: \u201cHepsi As\u0131ls\u0131z!\u201d","datePublished":"2025-04-29T09:46:38+00:00","dateModified":"2025-04-29T09:46:39+00:00","mainEntityOfPage":{"@id":"https:\/\/avrupatv.eu\/index.php\/2025\/04\/29\/ali-efe-gunes-hakkindaki-taciz-ve-cocuklara-yonelik-iddialara-sessiz-kalmadi-hepsi-asilsiz\/"},"wordCount":210,"commentCount":0,"publisher":{"@id":"https:\/\/avrupatv.eu\/#organization"},"image":{"@id":"https:\/\/avrupatv.eu\/index.php\/2025\/04\/29\/ali-efe-gunes-hakkindaki-taciz-ve-cocuklara-yonelik-iddialara-sessiz-kalmadi-hepsi-asilsiz\/#primaryimage"},"thumbnailUrl":"https:\/\/avrupatv.eu\/wp-content\/uploads\/2025\/04\/864257Image1.jpg","articleSection":["Magazin T\u00fcrkiye","T\u00fcrkiye"],"inLanguage":"tr","potentialAction":[{"@type":"CommentAction","name":"Comment","target":["https:\/\/avrupatv.eu\/index.php\/2025\/04\/29\/ali-efe-gunes-hakkindaki-taciz-ve-cocuklara-yonelik-iddialara-sessiz-kalmadi-hepsi-asilsiz\/#respond"]}]},{"@type":"WebPage","@id":"https:\/\/avrupatv.eu\/index.php\/2025\/04\/29\/ali-efe-gunes-hakkindaki-taciz-ve-cocuklara-yonelik-iddialara-sessiz-kalmadi-hepsi-asilsiz\/","url":"https:\/\/avrupatv.eu\/index.php\/2025\/04\/29\/ali-efe-gunes-hakkindaki-taciz-ve-cocuklara-yonelik-iddialara-sessiz-kalmadi-hepsi-asilsiz\/","name":"Ali Efe G\u00fcne\u015f Hakk\u0131ndaki Taciz ve \u00c7ocuklara Y\u00f6nelik \u0130ddialara Sessiz Kalmad\u0131: \u201cHepsi As\u0131ls\u0131z!\u201d - Avrupal\u0131 T\u00fcrklerin en Yeni Haber Portal\u0131","isPartOf":{"@id":"https:\/\/avrupatv.eu\/#website"},"primaryImageOfPage":{"@id":"https:\/\/avrupatv.eu\/index.php\/2025\/04\/29\/ali-efe-gunes-hakkindaki-taciz-ve-cocuklara-yonelik-iddialara-sessiz-kalmadi-hepsi-asilsiz\/#primaryimage"},"image":{"@id":"https:\/\/avrupatv.eu\/index.php\/2025\/04\/29\/ali-efe-gunes-hakkindaki-taciz-ve-cocuklara-yonelik-iddialara-sessiz-kalmadi-hepsi-asilsiz\/#primaryimage"},"thumbnailUrl":"https:\/\/avrupatv.eu\/wp-content\/uploads\/2025\/04\/864257Image1.jpg","datePublished":"2025-04-29T09:46:38+00:00","dateModified":"2025-04-29T09:46:39+00:00","breadcrumb":{"@id":"https:\/\/avrupatv.eu\/index.php\/2025\/04\/29\/ali-efe-gunes-hakkindaki-taciz-ve-cocuklara-yonelik-iddialara-sessiz-kalmadi-hepsi-asilsiz\/#breadcrumb"},"inLanguage":"tr","potentialAction":[{"@type":"ReadAction","target":["https:\/\/avrupatv.eu\/index.php\/2025\/04\/29\/ali-efe-gunes-hakkindaki-taciz-ve-cocuklara-yonelik-iddialara-sessiz-kalmadi-hepsi-asilsiz\/"]}]},{"@type":"ImageObject","inLanguage":"tr","@id":"https:\/\/avrupatv.eu\/index.php\/2025\/04\/29\/ali-efe-gunes-hakkindaki-taciz-ve-cocuklara-yonelik-iddialara-sessiz-kalmadi-hepsi-asilsiz\/#primaryimage","url":"https:\/\/avrupatv.eu\/wp-content\/uploads\/2025\/04\/864257Image1.jpg","contentUrl":"https:\/\/avrupatv.eu\/wp-content\/uploads\/2025\/04\/864257Image1.jpg","width":1500,"height":945},{"@type":"BreadcrumbList","@id":"https:\/\/avrupatv.eu\/index.php\/2025\/04\/29\/ali-efe-gunes-hakkindaki-taciz-ve-cocuklara-yonelik-iddialara-sessiz-kalmadi-hepsi-asilsiz\/#breadcrumb","itemListElement":[{"@type":"ListItem","position":1,"name":"Anasayfa","item":"https:\/\/avrupatv.eu\/"},{"@type":"ListItem","position":2,"name":"Ali Efe G\u00fcne\u015f Hakk\u0131ndaki Taciz ve \u00c7ocuklara Y\u00f6nelik \u0130ddialara Sessiz Kalmad\u0131: \u201cHepsi As\u0131ls\u0131z!\u201d"}]},{"@type":"WebSite","@id":"https:\/\/avrupatv.eu\/#website","url":"https:\/\/avrupatv.eu\/","name":"Avrupal\u0131 T\u00fcrklerin en Yeni Haber Portal\u0131","description":"","publisher":{"@id":"https:\/\/avrupatv.eu\/#organization"},"alternateName":"Avrupa tv","potentialAction":[{"@type":"SearchAction","target":{"@type":"EntryPoint","urlTemplate":"https:\/\/avrupatv.eu\/?s={search_term_string}"},"query-input":{"@type":"PropertyValueSpecification","valueRequired":true,"valueName":"search_term_string"}}],"inLanguage":"tr"},{"@type":"Organization","@id":"https:\/\/avrupatv.eu\/#organization","name":"Avrupa Haber","url":"https:\/\/avrupatv.eu\/","logo":{"@type":"ImageObject","inLanguage":"tr","@id":"https:\/\/avrupatv.eu\/#\/schema\/logo\/image\/","url":"https:\/\/avrupatv.eu\/wp-content\/uploads\/2023\/10\/cropped-thumbnail_logo.png","contentUrl":"https:\/\/avrupatv.eu\/wp-content\/uploads\/2023\/10\/cropped-thumbnail_logo.png","width":1025,"height":302,"caption":"Avrupa Haber"},"image":{"@id":"https:\/\/avrupatv.eu\/#\/schema\/logo\/image\/"}},{"@type":"Person","@id":"https:\/\/avrupatv.eu\/#\/schema\/person\/d56afa5d5569da4029d483da36c0c17d","name":"Onur Akpinar","image":{"@type":"ImageObject","inLanguage":"tr","@id":"https:\/\/secure.gravatar.com\/avatar\/67a1a0bdf34f82da209334e4684b7e7171a58a5a2b0a8f836b61044f5c1f5d6a?s=96&d=mm&r=g","url":"https:\/\/secure.gravatar.com\/avatar\/67a1a0bdf34f82da209334e4684b7e7171a58a5a2b0a8f836b61044f5c1f5d6a?s=96&d=mm&r=g","contentUrl":"https:\/\/secure.gravatar.com\/avatar\/67a1a0bdf34f82da209334e4684b7e7171a58a5a2b0a8f836b61044f5c1f5d6a?s=96&d=mm&r=g","caption":"Onur Akpinar"},"url":"https:\/\/avrupatv.eu\/index.php\/author\/onur-akpinar\/"}]}},"_links":{"self":[{"href":"https:\/\/avrupatv.eu\/index.php\/wp-json\/wp\/v2\/posts\/1118","targetHints":{"allow":["GET"]}}],"collection":[{"href":"https:\/\/avrupatv.eu\/index.php\/wp-json\/wp\/v2\/posts"}],"about":[{"href":"https:\/\/avrupatv.eu\/index.php\/wp-json\/wp\/v2\/types\/post"}],"author":[{"embeddable":true,"href":"https:\/\/avrupatv.eu\/index.php\/wp-json\/wp\/v2\/users\/2"}],"replies":[{"embeddable":true,"href":"https:\/\/avrupatv.eu\/index.php\/wp-json\/wp\/v2\/comments?post=1118"}],"version-history":[{"count":1,"href":"https:\/\/avrupatv.eu\/index.php\/wp-json\/wp\/v2\/posts\/1118\/revisions"}],"predecessor-version":[{"id":1121,"href":"https:\/\/avrupatv.eu\/index.php\/wp-json\/wp\/v2\/posts\/1118\/revisions\/1121"}],"wp:featuredmedia":[{"embeddable":true,"href":"https:\/\/avrupatv.eu\/index.php\/wp-json\/wp\/v2\/media\/1120"}],"wp:attachment":[{"href":"https:\/\/avrupatv.eu\/index.php\/wp-json\/wp\/v2\/media?parent=1118"}],"wp:term":[{"taxonomy":"category","embeddable":true,"href":"https:\/\/avrupatv.eu\/index.php\/wp-json\/wp\/v2\/categories?post=1118"},{"taxonomy":"post_tag","embeddable":true,"href":"https:\/\/avrupatv.eu\/index.php\/wp-json\/wp\/v2\/tags?post=1118"}],"curies":[{"name":"wp","href":"https:\/\/api.w.org\/{rel}","templated":true}]}}