{"id":1093,"date":"2025-04-23T13:14:19","date_gmt":"2025-04-23T13:14:19","guid":{"rendered":"https:\/\/avrupatv.eu\/?p=1093"},"modified":"2025-04-23T13:16:33","modified_gmt":"2025-04-23T13:16:33","slug":"deprem-panigi-yaralilar-hastaneye-kaldirildi-valilik-yaralari-sayisini-acikladi","status":"publish","type":"post","link":"https:\/\/avrupatv.eu\/index.php\/2025\/04\/23\/deprem-panigi-yaralilar-hastaneye-kaldirildi-valilik-yaralari-sayisini-acikladi\/","title":{"rendered":"Deprem Pani\u011fi: Yaral\u0131lar Hastaneye Kald\u0131r\u0131ld\u0131. Valilik yaral\u0131 say\u0131s\u0131n\u0131 a\u00e7\u0131klad\u0131"},"content":{"rendered":"\n<p><strong>\u0130stanbul&#8217;da Korkutan Deprem: 6,2 B\u00fcy\u00fckl\u00fc\u011f\u00fcnde Sars\u0131nt\u0131 \u2013 151 Ki\u015fi Yaraland\u0131<\/strong><\/p>\n\n\n\n<p>\u0130stanbul bug\u00fcn \u00f6\u011fle saatlerinde g\u00fc\u00e7l\u00fc bir depremle sars\u0131ld\u0131. AFAD verilerine g\u00f6re saat 12:49&#8217;da Silivri a\u00e7\u0131klar\u0131nda meydana gelen depremin b\u00fcy\u00fckl\u00fc\u011f\u00fc 6,2 olarak \u00f6l\u00e7\u00fcld\u00fc. Deprem, \u0130stanbul&#8217;un tamam\u0131nda ve \u00e7evre illerde yo\u011fun \u015fekilde hissedildi.<\/p>\n\n\n\n<p>\u0130stanbul Valili\u011fi&#8217;nden yap\u0131lan a\u00e7\u0131klamada, deprem s\u0131ras\u0131nda ya\u015fanan panik nedeniyle 151 ki\u015finin \u00e7e\u015fitli \u015fekillerde yaraland\u0131\u011f\u0131 belirtildi. Yaral\u0131lar\u0131n \u00e7o\u011funun y\u00fcksekten atlama veya ka\u00e7arken d\u00fc\u015fme sonucu hafif \u015fekilde yaraland\u0131\u011f\u0131 bildirildi. Yaral\u0131lar \u00e7evredeki hastanelerde tedavi alt\u0131na al\u0131nd\u0131.<\/p>\n\n\n\n<p>Tekirda\u011f\u2019\u0131n \u00c7erkezk\u00f6y il\u00e7esinde ise panikle balkondan atlayan iki ki\u015fi ile ka\u00e7arken yolda d\u00fc\u015fen bir ki\u015finin daha yaraland\u0131\u011f\u0131 a\u00e7\u0131kland\u0131. Her \u00fc\u00e7 ki\u015fi de hastaneye kald\u0131r\u0131larak tedavi alt\u0131na al\u0131nd\u0131.<\/p>\n\n\n\n<p>Depremin ard\u0131ndan \u0130stanbul genelinde vatanda\u015flar sokaklara d\u00f6k\u00fcld\u00fc. \u0130lk belirlemelere g\u00f6re a\u011f\u0131r hasarl\u0131 bina tespit edilmezken, AFAD ve belediye ekipleri hasar tespit \u00e7al\u0131\u015fmalar\u0131n\u0131 s\u00fcrd\u00fcr\u00fcyor. Yetkililer, hasarl\u0131 ya da riskli yap\u0131lara girilmemesi konusunda halk\u0131 uyard\u0131.<\/p>\n\n\n\n<p>Uzmanlar, art\u00e7\u0131 sars\u0131nt\u0131lar\u0131n devam edebilece\u011fini belirtirken, vatanda\u015flardan resmi a\u00e7\u0131klamalar\u0131 takip etmeleri istendi.<\/p>\n","protected":false},"excerpt":{"rendered":"<p>\u0130stanbul&#8217;da Korkutan Deprem: 6,2 B\u00fcy\u00fckl\u00fc\u011f\u00fcnde Sars\u0131nt\u0131 \u2013 151 Ki\u015fi Yaraland\u0131 \u0130stanbul bug\u00fcn \u00f6\u011fle saatlerinde g\u00fc\u00e7l\u00fc bir depremle sars\u0131ld\u0131. AFAD verilerine g\u00f6re saat 12:49&#8217;da Silivri a\u00e7\u0131klar\u0131nda meydana gelen depremin b\u00fcy\u00fckl\u00fc\u011f\u00fc 6,2 olarak \u00f6l\u00e7\u00fcld\u00fc. Deprem, \u0130stanbul&#8217;un tamam\u0131nda ve \u00e7evre illerde yo\u011fun \u015fekilde hissedildi. \u0130stanbul Valili\u011fi&#8217;nden yap\u0131lan a\u00e7\u0131klamada, deprem s\u0131ras\u0131nda ya\u015fanan panik nedeniyle 151 ki\u015finin \u00e7e\u015fitli \u015fekillerde yaraland\u0131\u011f\u0131 [&hellip;]<\/p>\n","protected":false},"author":2,"featured_media":1094,"comment_status":"open","ping_status":"open","sticky":false,"template":"","format":"standard","meta":{"footnotes":""},"categories":[11],"tags":[],"class_list":["post-1093","post","type-post","status-publish","format-standard","has-post-thumbnail","hentry","category-turkiye"],"yoast_head":"<!-- This site is optimized with the Yoast SEO plugin v27.4 - https:\/\/yoast.com\/product\/yoast-seo-wordpress\/ -->\n<title>Deprem Pani\u011fi: Yaral\u0131lar Hastaneye Kald\u0131r\u0131ld\u0131. Valilik yaral\u0131 say\u0131s\u0131n\u0131 a\u00e7\u0131klad\u0131 - Avrupal\u0131 T\u00fcrklerin en Yeni Haber Portal\u0131<\/title>\n<meta name=\"robots\" content=\"index, follow, max-snippet:-1, max-image-preview:large, max-video-preview:-1\" \/>\n<link rel=\"canonical\" href=\"https:\/\/avrupatv.eu\/index.php\/2025\/04\/23\/deprem-panigi-yaralilar-hastaneye-kaldirildi-valilik-yaralari-sayisini-acikladi\/\" \/>\n<meta property=\"og:locale\" content=\"tr_TR\" \/>\n<meta property=\"og:type\" content=\"article\" \/>\n<meta property=\"og:title\" content=\"Deprem Pani\u011fi: Yaral\u0131lar Hastaneye Kald\u0131r\u0131ld\u0131. Valilik yaral\u0131 say\u0131s\u0131n\u0131 a\u00e7\u0131klad\u0131 - Avrupal\u0131 T\u00fcrklerin en Yeni Haber Portal\u0131\" \/>\n<meta property=\"og:description\" content=\"\u0130stanbul&#8217;da Korkutan Deprem: 6,2 B\u00fcy\u00fckl\u00fc\u011f\u00fcnde Sars\u0131nt\u0131 \u2013 151 Ki\u015fi Yaraland\u0131 \u0130stanbul bug\u00fcn \u00f6\u011fle saatlerinde g\u00fc\u00e7l\u00fc bir depremle sars\u0131ld\u0131. AFAD verilerine g\u00f6re saat 12:49&#8217;da Silivri a\u00e7\u0131klar\u0131nda meydana gelen depremin b\u00fcy\u00fckl\u00fc\u011f\u00fc 6,2 olarak \u00f6l\u00e7\u00fcld\u00fc. Deprem, \u0130stanbul&#8217;un tamam\u0131nda ve \u00e7evre illerde yo\u011fun \u015fekilde hissedildi. \u0130stanbul Valili\u011fi&#8217;nden yap\u0131lan a\u00e7\u0131klamada, deprem s\u0131ras\u0131nda ya\u015fanan panik nedeniyle 151 ki\u015finin \u00e7e\u015fitli \u015fekillerde yaraland\u0131\u011f\u0131 [&hellip;]\" \/>\n<meta property=\"og:url\" content=\"https:\/\/avrupatv.eu\/index.php\/2025\/04\/23\/deprem-panigi-yaralilar-hastaneye-kaldirildi-valilik-yaralari-sayisini-acikladi\/\" \/>\n<meta property=\"og:site_name\" content=\"Avrupal\u0131 T\u00fcrklerin en Yeni Haber Portal\u0131\" \/>\n<meta property=\"article:published_time\" content=\"2025-04-23T13:14:19+00:00\" \/>\n<meta property=\"article:modified_time\" content=\"2025-04-23T13:16:33+00:00\" \/>\n<meta property=\"og:image\" content=\"https:\/\/avrupatv.eu\/wp-content\/uploads\/2025\/04\/1745402911-scaled.jpg\" \/>\n\t<meta property=\"og:image:width\" content=\"2560\" \/>\n\t<meta property=\"og:image:height\" content=\"1440\" \/>\n\t<meta property=\"og:image:type\" content=\"image\/jpeg\" \/>\n<meta name=\"author\" content=\"Onur Akpinar\" \/>\n<meta name=\"twitter:card\" content=\"summary_large_image\" \/>\n<meta name=\"twitter:label1\" content=\"Yazan:\" \/>\n\t<meta name=\"twitter:data1\" content=\"Onur Akpinar\" \/>\n\t<meta name=\"twitter:label2\" content=\"Tahmini okuma s\u00fcresi\" \/>\n\t<meta name=\"twitter:data2\" content=\"2 dakika\" \/>\n<script type=\"application\/ld+json\" class=\"yoast-schema-graph\">{\"@context\":\"https:\\\/\\\/schema.org\",\"@graph\":[{\"@type\":\"Article\",\"@id\":\"https:\\\/\\\/avrupatv.eu\\\/index.php\\\/2025\\\/04\\\/23\\\/deprem-panigi-yaralilar-hastaneye-kaldirildi-valilik-yaralari-sayisini-acikladi\\\/#article\",\"isPartOf\":{\"@id\":\"https:\\\/\\\/avrupatv.eu\\\/index.php\\\/2025\\\/04\\\/23\\\/deprem-panigi-yaralilar-hastaneye-kaldirildi-valilik-yaralari-sayisini-acikladi\\\/\"},\"author\":{\"name\":\"Onur Akpinar\",\"@id\":\"https:\\\/\\\/avrupatv.eu\\\/#\\\/schema\\\/person\\\/d56afa5d5569da4029d483da36c0c17d\"},\"headline\":\"Deprem Pani\u011fi: Yaral\u0131lar Hastaneye Kald\u0131r\u0131ld\u0131. Valilik yaral\u0131 say\u0131s\u0131n\u0131 a\u00e7\u0131klad\u0131\",\"datePublished\":\"2025-04-23T13:14:19+00:00\",\"dateModified\":\"2025-04-23T13:16:33+00:00\",\"mainEntityOfPage\":{\"@id\":\"https:\\\/\\\/avrupatv.eu\\\/index.php\\\/2025\\\/04\\\/23\\\/deprem-panigi-yaralilar-hastaneye-kaldirildi-valilik-yaralari-sayisini-acikladi\\\/\"},\"wordCount\":223,\"commentCount\":0,\"publisher\":{\"@id\":\"https:\\\/\\\/avrupatv.eu\\\/#organization\"},\"image\":{\"@id\":\"https:\\\/\\\/avrupatv.eu\\\/index.php\\\/2025\\\/04\\\/23\\\/deprem-panigi-yaralilar-hastaneye-kaldirildi-valilik-yaralari-sayisini-acikladi\\\/#primaryimage\"},\"thumbnailUrl\":\"https:\\\/\\\/avrupatv.eu\\\/wp-content\\\/uploads\\\/2025\\\/04\\\/1745402911-scaled.jpg\",\"articleSection\":[\"T\u00fcrkiye\"],\"inLanguage\":\"tr\",\"potentialAction\":[{\"@type\":\"CommentAction\",\"name\":\"Comment\",\"target\":[\"https:\\\/\\\/avrupatv.eu\\\/index.php\\\/2025\\\/04\\\/23\\\/deprem-panigi-yaralilar-hastaneye-kaldirildi-valilik-yaralari-sayisini-acikladi\\\/#respond\"]}]},{\"@type\":\"WebPage\",\"@id\":\"https:\\\/\\\/avrupatv.eu\\\/index.php\\\/2025\\\/04\\\/23\\\/deprem-panigi-yaralilar-hastaneye-kaldirildi-valilik-yaralari-sayisini-acikladi\\\/\",\"url\":\"https:\\\/\\\/avrupatv.eu\\\/index.php\\\/2025\\\/04\\\/23\\\/deprem-panigi-yaralilar-hastaneye-kaldirildi-valilik-yaralari-sayisini-acikladi\\\/\",\"name\":\"Deprem Pani\u011fi: Yaral\u0131lar Hastaneye Kald\u0131r\u0131ld\u0131. Valilik yaral\u0131 say\u0131s\u0131n\u0131 a\u00e7\u0131klad\u0131 - Avrupal\u0131 T\u00fcrklerin en Yeni Haber Portal\u0131\",\"isPartOf\":{\"@id\":\"https:\\\/\\\/avrupatv.eu\\\/#website\"},\"primaryImageOfPage\":{\"@id\":\"https:\\\/\\\/avrupatv.eu\\\/index.php\\\/2025\\\/04\\\/23\\\/deprem-panigi-yaralilar-hastaneye-kaldirildi-valilik-yaralari-sayisini-acikladi\\\/#primaryimage\"},\"image\":{\"@id\":\"https:\\\/\\\/avrupatv.eu\\\/index.php\\\/2025\\\/04\\\/23\\\/deprem-panigi-yaralilar-hastaneye-kaldirildi-valilik-yaralari-sayisini-acikladi\\\/#primaryimage\"},\"thumbnailUrl\":\"https:\\\/\\\/avrupatv.eu\\\/wp-content\\\/uploads\\\/2025\\\/04\\\/1745402911-scaled.jpg\",\"datePublished\":\"2025-04-23T13:14:19+00:00\",\"dateModified\":\"2025-04-23T13:16:33+00:00\",\"breadcrumb\":{\"@id\":\"https:\\\/\\\/avrupatv.eu\\\/index.php\\\/2025\\\/04\\\/23\\\/deprem-panigi-yaralilar-hastaneye-kaldirildi-valilik-yaralari-sayisini-acikladi\\\/#breadcrumb\"},\"inLanguage\":\"tr\",\"potentialAction\":[{\"@type\":\"ReadAction\",\"target\":[\"https:\\\/\\\/avrupatv.eu\\\/index.php\\\/2025\\\/04\\\/23\\\/deprem-panigi-yaralilar-hastaneye-kaldirildi-valilik-yaralari-sayisini-acikladi\\\/\"]}]},{\"@type\":\"ImageObject\",\"inLanguage\":\"tr\",\"@id\":\"https:\\\/\\\/avrupatv.eu\\\/index.php\\\/2025\\\/04\\\/23\\\/deprem-panigi-yaralilar-hastaneye-kaldirildi-valilik-yaralari-sayisini-acikladi\\\/#primaryimage\",\"url\":\"https:\\\/\\\/avrupatv.eu\\\/wp-content\\\/uploads\\\/2025\\\/04\\\/1745402911-scaled.jpg\",\"contentUrl\":\"https:\\\/\\\/avrupatv.eu\\\/wp-content\\\/uploads\\\/2025\\\/04\\\/1745402911-scaled.jpg\",\"width\":2560,\"height\":1440,\"caption\":\"\u0130stanbul'da saat 12.49'da 6,2 b\u00fcy\u00fckl\u00fc\u011f\u00fcnde deprem meydana geldi. Sars\u0131nt\u0131 Bal\u0131kesir'in G\u00f6nen il\u00e7esinde de hissedildi. ( R\u0131dvan Tando\u011fan - Anadolu Ajans\u0131 )\"},{\"@type\":\"BreadcrumbList\",\"@id\":\"https:\\\/\\\/avrupatv.eu\\\/index.php\\\/2025\\\/04\\\/23\\\/deprem-panigi-yaralilar-hastaneye-kaldirildi-valilik-yaralari-sayisini-acikladi\\\/#breadcrumb\",\"itemListElement\":[{\"@type\":\"ListItem\",\"position\":1,\"name\":\"Anasayfa\",\"item\":\"https:\\\/\\\/avrupatv.eu\\\/\"},{\"@type\":\"ListItem\",\"position\":2,\"name\":\"Deprem Pani\u011fi: Yaral\u0131lar Hastaneye Kald\u0131r\u0131ld\u0131. Valilik yaral\u0131 say\u0131s\u0131n\u0131 a\u00e7\u0131klad\u0131\"}]},{\"@type\":\"WebSite\",\"@id\":\"https:\\\/\\\/avrupatv.eu\\\/#website\",\"url\":\"https:\\\/\\\/avrupatv.eu\\\/\",\"name\":\"Avrupal\u0131 T\u00fcrklerin en Yeni Haber Portal\u0131\",\"description\":\"\",\"publisher\":{\"@id\":\"https:\\\/\\\/avrupatv.eu\\\/#organization\"},\"alternateName\":\"Avrupa tv\",\"potentialAction\":[{\"@type\":\"SearchAction\",\"target\":{\"@type\":\"EntryPoint\",\"urlTemplate\":\"https:\\\/\\\/avrupatv.eu\\\/?s={search_term_string}\"},\"query-input\":{\"@type\":\"PropertyValueSpecification\",\"valueRequired\":true,\"valueName\":\"search_term_string\"}}],\"inLanguage\":\"tr\"},{\"@type\":\"Organization\",\"@id\":\"https:\\\/\\\/avrupatv.eu\\\/#organization\",\"name\":\"Avrupa Haber\",\"url\":\"https:\\\/\\\/avrupatv.eu\\\/\",\"logo\":{\"@type\":\"ImageObject\",\"inLanguage\":\"tr\",\"@id\":\"https:\\\/\\\/avrupatv.eu\\\/#\\\/schema\\\/logo\\\/image\\\/\",\"url\":\"https:\\\/\\\/avrupatv.eu\\\/wp-content\\\/uploads\\\/2023\\\/10\\\/cropped-thumbnail_logo.png\",\"contentUrl\":\"https:\\\/\\\/avrupatv.eu\\\/wp-content\\\/uploads\\\/2023\\\/10\\\/cropped-thumbnail_logo.png\",\"width\":1025,\"height\":302,\"caption\":\"Avrupa Haber\"},\"image\":{\"@id\":\"https:\\\/\\\/avrupatv.eu\\\/#\\\/schema\\\/logo\\\/image\\\/\"}},{\"@type\":\"Person\",\"@id\":\"https:\\\/\\\/avrupatv.eu\\\/#\\\/schema\\\/person\\\/d56afa5d5569da4029d483da36c0c17d\",\"name\":\"Onur Akpinar\",\"image\":{\"@type\":\"ImageObject\",\"inLanguage\":\"tr\",\"@id\":\"https:\\\/\\\/secure.gravatar.com\\\/avatar\\\/67a1a0bdf34f82da209334e4684b7e7171a58a5a2b0a8f836b61044f5c1f5d6a?s=96&d=mm&r=g\",\"url\":\"https:\\\/\\\/secure.gravatar.com\\\/avatar\\\/67a1a0bdf34f82da209334e4684b7e7171a58a5a2b0a8f836b61044f5c1f5d6a?s=96&d=mm&r=g\",\"contentUrl\":\"https:\\\/\\\/secure.gravatar.com\\\/avatar\\\/67a1a0bdf34f82da209334e4684b7e7171a58a5a2b0a8f836b61044f5c1f5d6a?s=96&d=mm&r=g\",\"caption\":\"Onur Akpinar\"},\"url\":\"https:\\\/\\\/avrupatv.eu\\\/index.php\\\/author\\\/onur-akpinar\\\/\"}]}<\/script>\n<!-- \/ Yoast SEO plugin. -->","yoast_head_json":{"title":"Deprem Pani\u011fi: Yaral\u0131lar Hastaneye Kald\u0131r\u0131ld\u0131. Valilik yaral\u0131 say\u0131s\u0131n\u0131 a\u00e7\u0131klad\u0131 - Avrupal\u0131 T\u00fcrklerin en Yeni Haber Portal\u0131","robots":{"index":"index","follow":"follow","max-snippet":"max-snippet:-1","max-image-preview":"max-image-preview:large","max-video-preview":"max-video-preview:-1"},"canonical":"https:\/\/avrupatv.eu\/index.php\/2025\/04\/23\/deprem-panigi-yaralilar-hastaneye-kaldirildi-valilik-yaralari-sayisini-acikladi\/","og_locale":"tr_TR","og_type":"article","og_title":"Deprem Pani\u011fi: Yaral\u0131lar Hastaneye Kald\u0131r\u0131ld\u0131. Valilik yaral\u0131 say\u0131s\u0131n\u0131 a\u00e7\u0131klad\u0131 - Avrupal\u0131 T\u00fcrklerin en Yeni Haber Portal\u0131","og_description":"\u0130stanbul&#8217;da Korkutan Deprem: 6,2 B\u00fcy\u00fckl\u00fc\u011f\u00fcnde Sars\u0131nt\u0131 \u2013 151 Ki\u015fi Yaraland\u0131 \u0130stanbul bug\u00fcn \u00f6\u011fle saatlerinde g\u00fc\u00e7l\u00fc bir depremle sars\u0131ld\u0131. AFAD verilerine g\u00f6re saat 12:49&#8217;da Silivri a\u00e7\u0131klar\u0131nda meydana gelen depremin b\u00fcy\u00fckl\u00fc\u011f\u00fc 6,2 olarak \u00f6l\u00e7\u00fcld\u00fc. Deprem, \u0130stanbul&#8217;un tamam\u0131nda ve \u00e7evre illerde yo\u011fun \u015fekilde hissedildi. \u0130stanbul Valili\u011fi&#8217;nden yap\u0131lan a\u00e7\u0131klamada, deprem s\u0131ras\u0131nda ya\u015fanan panik nedeniyle 151 ki\u015finin \u00e7e\u015fitli \u015fekillerde yaraland\u0131\u011f\u0131 [&hellip;]","og_url":"https:\/\/avrupatv.eu\/index.php\/2025\/04\/23\/deprem-panigi-yaralilar-hastaneye-kaldirildi-valilik-yaralari-sayisini-acikladi\/","og_site_name":"Avrupal\u0131 T\u00fcrklerin en Yeni Haber Portal\u0131","article_published_time":"2025-04-23T13:14:19+00:00","article_modified_time":"2025-04-23T13:16:33+00:00","og_image":[{"width":2560,"height":1440,"url":"https:\/\/avrupatv.eu\/wp-content\/uploads\/2025\/04\/1745402911-scaled.jpg","type":"image\/jpeg"}],"author":"Onur Akpinar","twitter_card":"summary_large_image","twitter_misc":{"Yazan:":"Onur Akpinar","Tahmini okuma s\u00fcresi":"2 dakika"},"schema":{"@context":"https:\/\/schema.org","@graph":[{"@type":"Article","@id":"https:\/\/avrupatv.eu\/index.php\/2025\/04\/23\/deprem-panigi-yaralilar-hastaneye-kaldirildi-valilik-yaralari-sayisini-acikladi\/#article","isPartOf":{"@id":"https:\/\/avrupatv.eu\/index.php\/2025\/04\/23\/deprem-panigi-yaralilar-hastaneye-kaldirildi-valilik-yaralari-sayisini-acikladi\/"},"author":{"name":"Onur Akpinar","@id":"https:\/\/avrupatv.eu\/#\/schema\/person\/d56afa5d5569da4029d483da36c0c17d"},"headline":"Deprem Pani\u011fi: Yaral\u0131lar Hastaneye Kald\u0131r\u0131ld\u0131. Valilik yaral\u0131 say\u0131s\u0131n\u0131 a\u00e7\u0131klad\u0131","datePublished":"2025-04-23T13:14:19+00:00","dateModified":"2025-04-23T13:16:33+00:00","mainEntityOfPage":{"@id":"https:\/\/avrupatv.eu\/index.php\/2025\/04\/23\/deprem-panigi-yaralilar-hastaneye-kaldirildi-valilik-yaralari-sayisini-acikladi\/"},"wordCount":223,"commentCount":0,"publisher":{"@id":"https:\/\/avrupatv.eu\/#organization"},"image":{"@id":"https:\/\/avrupatv.eu\/index.php\/2025\/04\/23\/deprem-panigi-yaralilar-hastaneye-kaldirildi-valilik-yaralari-sayisini-acikladi\/#primaryimage"},"thumbnailUrl":"https:\/\/avrupatv.eu\/wp-content\/uploads\/2025\/04\/1745402911-scaled.jpg","articleSection":["T\u00fcrkiye"],"inLanguage":"tr","potentialAction":[{"@type":"CommentAction","name":"Comment","target":["https:\/\/avrupatv.eu\/index.php\/2025\/04\/23\/deprem-panigi-yaralilar-hastaneye-kaldirildi-valilik-yaralari-sayisini-acikladi\/#respond"]}]},{"@type":"WebPage","@id":"https:\/\/avrupatv.eu\/index.php\/2025\/04\/23\/deprem-panigi-yaralilar-hastaneye-kaldirildi-valilik-yaralari-sayisini-acikladi\/","url":"https:\/\/avrupatv.eu\/index.php\/2025\/04\/23\/deprem-panigi-yaralilar-hastaneye-kaldirildi-valilik-yaralari-sayisini-acikladi\/","name":"Deprem Pani\u011fi: Yaral\u0131lar Hastaneye Kald\u0131r\u0131ld\u0131. Valilik yaral\u0131 say\u0131s\u0131n\u0131 a\u00e7\u0131klad\u0131 - Avrupal\u0131 T\u00fcrklerin en Yeni Haber Portal\u0131","isPartOf":{"@id":"https:\/\/avrupatv.eu\/#website"},"primaryImageOfPage":{"@id":"https:\/\/avrupatv.eu\/index.php\/2025\/04\/23\/deprem-panigi-yaralilar-hastaneye-kaldirildi-valilik-yaralari-sayisini-acikladi\/#primaryimage"},"image":{"@id":"https:\/\/avrupatv.eu\/index.php\/2025\/04\/23\/deprem-panigi-yaralilar-hastaneye-kaldirildi-valilik-yaralari-sayisini-acikladi\/#primaryimage"},"thumbnailUrl":"https:\/\/avrupatv.eu\/wp-content\/uploads\/2025\/04\/1745402911-scaled.jpg","datePublished":"2025-04-23T13:14:19+00:00","dateModified":"2025-04-23T13:16:33+00:00","breadcrumb":{"@id":"https:\/\/avrupatv.eu\/index.php\/2025\/04\/23\/deprem-panigi-yaralilar-hastaneye-kaldirildi-valilik-yaralari-sayisini-acikladi\/#breadcrumb"},"inLanguage":"tr","potentialAction":[{"@type":"ReadAction","target":["https:\/\/avrupatv.eu\/index.php\/2025\/04\/23\/deprem-panigi-yaralilar-hastaneye-kaldirildi-valilik-yaralari-sayisini-acikladi\/"]}]},{"@type":"ImageObject","inLanguage":"tr","@id":"https:\/\/avrupatv.eu\/index.php\/2025\/04\/23\/deprem-panigi-yaralilar-hastaneye-kaldirildi-valilik-yaralari-sayisini-acikladi\/#primaryimage","url":"https:\/\/avrupatv.eu\/wp-content\/uploads\/2025\/04\/1745402911-scaled.jpg","contentUrl":"https:\/\/avrupatv.eu\/wp-content\/uploads\/2025\/04\/1745402911-scaled.jpg","width":2560,"height":1440,"caption":"\u0130stanbul'da saat 12.49'da 6,2 b\u00fcy\u00fckl\u00fc\u011f\u00fcnde deprem meydana geldi. Sars\u0131nt\u0131 Bal\u0131kesir'in G\u00f6nen il\u00e7esinde de hissedildi. ( R\u0131dvan Tando\u011fan - Anadolu Ajans\u0131 )"},{"@type":"BreadcrumbList","@id":"https:\/\/avrupatv.eu\/index.php\/2025\/04\/23\/deprem-panigi-yaralilar-hastaneye-kaldirildi-valilik-yaralari-sayisini-acikladi\/#breadcrumb","itemListElement":[{"@type":"ListItem","position":1,"name":"Anasayfa","item":"https:\/\/avrupatv.eu\/"},{"@type":"ListItem","position":2,"name":"Deprem Pani\u011fi: Yaral\u0131lar Hastaneye Kald\u0131r\u0131ld\u0131. Valilik yaral\u0131 say\u0131s\u0131n\u0131 a\u00e7\u0131klad\u0131"}]},{"@type":"WebSite","@id":"https:\/\/avrupatv.eu\/#website","url":"https:\/\/avrupatv.eu\/","name":"Avrupal\u0131 T\u00fcrklerin en Yeni Haber Portal\u0131","description":"","publisher":{"@id":"https:\/\/avrupatv.eu\/#organization"},"alternateName":"Avrupa tv","potentialAction":[{"@type":"SearchAction","target":{"@type":"EntryPoint","urlTemplate":"https:\/\/avrupatv.eu\/?s={search_term_string}"},"query-input":{"@type":"PropertyValueSpecification","valueRequired":true,"valueName":"search_term_string"}}],"inLanguage":"tr"},{"@type":"Organization","@id":"https:\/\/avrupatv.eu\/#organization","name":"Avrupa Haber","url":"https:\/\/avrupatv.eu\/","logo":{"@type":"ImageObject","inLanguage":"tr","@id":"https:\/\/avrupatv.eu\/#\/schema\/logo\/image\/","url":"https:\/\/avrupatv.eu\/wp-content\/uploads\/2023\/10\/cropped-thumbnail_logo.png","contentUrl":"https:\/\/avrupatv.eu\/wp-content\/uploads\/2023\/10\/cropped-thumbnail_logo.png","width":1025,"height":302,"caption":"Avrupa Haber"},"image":{"@id":"https:\/\/avrupatv.eu\/#\/schema\/logo\/image\/"}},{"@type":"Person","@id":"https:\/\/avrupatv.eu\/#\/schema\/person\/d56afa5d5569da4029d483da36c0c17d","name":"Onur Akpinar","image":{"@type":"ImageObject","inLanguage":"tr","@id":"https:\/\/secure.gravatar.com\/avatar\/67a1a0bdf34f82da209334e4684b7e7171a58a5a2b0a8f836b61044f5c1f5d6a?s=96&d=mm&r=g","url":"https:\/\/secure.gravatar.com\/avatar\/67a1a0bdf34f82da209334e4684b7e7171a58a5a2b0a8f836b61044f5c1f5d6a?s=96&d=mm&r=g","contentUrl":"https:\/\/secure.gravatar.com\/avatar\/67a1a0bdf34f82da209334e4684b7e7171a58a5a2b0a8f836b61044f5c1f5d6a?s=96&d=mm&r=g","caption":"Onur Akpinar"},"url":"https:\/\/avrupatv.eu\/index.php\/author\/onur-akpinar\/"}]}},"_links":{"self":[{"href":"https:\/\/avrupatv.eu\/index.php\/wp-json\/wp\/v2\/posts\/1093","targetHints":{"allow":["GET"]}}],"collection":[{"href":"https:\/\/avrupatv.eu\/index.php\/wp-json\/wp\/v2\/posts"}],"about":[{"href":"https:\/\/avrupatv.eu\/index.php\/wp-json\/wp\/v2\/types\/post"}],"author":[{"embeddable":true,"href":"https:\/\/avrupatv.eu\/index.php\/wp-json\/wp\/v2\/users\/2"}],"replies":[{"embeddable":true,"href":"https:\/\/avrupatv.eu\/index.php\/wp-json\/wp\/v2\/comments?post=1093"}],"version-history":[{"count":2,"href":"https:\/\/avrupatv.eu\/index.php\/wp-json\/wp\/v2\/posts\/1093\/revisions"}],"predecessor-version":[{"id":1096,"href":"https:\/\/avrupatv.eu\/index.php\/wp-json\/wp\/v2\/posts\/1093\/revisions\/1096"}],"wp:featuredmedia":[{"embeddable":true,"href":"https:\/\/avrupatv.eu\/index.php\/wp-json\/wp\/v2\/media\/1094"}],"wp:attachment":[{"href":"https:\/\/avrupatv.eu\/index.php\/wp-json\/wp\/v2\/media?parent=1093"}],"wp:term":[{"taxonomy":"category","embeddable":true,"href":"https:\/\/avrupatv.eu\/index.php\/wp-json\/wp\/v2\/categories?post=1093"},{"taxonomy":"post_tag","embeddable":true,"href":"https:\/\/avrupatv.eu\/index.php\/wp-json\/wp\/v2\/tags?post=1093"}],"curies":[{"name":"wp","href":"https:\/\/api.w.org\/{rel}","templated":true}]}}