{"id":1090,"date":"2025-04-23T10:37:27","date_gmt":"2025-04-23T10:37:27","guid":{"rendered":"https:\/\/avrupatv.eu\/?p=1090"},"modified":"2025-04-23T10:37:28","modified_gmt":"2025-04-23T10:37:28","slug":"istanbulda-6-2-buyuklugunde-deprem","status":"publish","type":"post","link":"https:\/\/avrupatv.eu\/index.php\/2025\/04\/23\/istanbulda-6-2-buyuklugunde-deprem\/","title":{"rendered":"\u0130stanbul\u2019da 6.2 B\u00fcy\u00fckl\u00fc\u011f\u00fcnde Deprem"},"content":{"rendered":"\n<p>\u0130stanbul, bug\u00fcn saat 12:49\u2019da Silivri a\u00e7\u0131klar\u0131nda meydana gelen 6.2 b\u00fcy\u00fckl\u00fc\u011f\u00fcndeki depremle sars\u0131ld\u0131. Deprem, Marmara Denizi\u2019nde, yerin yakla\u015f\u0131k 6.9 km derinli\u011finde ger\u00e7ekle\u015fti. Sars\u0131nt\u0131 \u0130stanbul\u2019un bir\u00e7ok il\u00e7esinde ve \u00e7evre illerde \u015fiddetli \u015fekilde hissedildi.<\/p>\n\n\n\n<p>\u0130lk belirlemelere g\u00f6re, deprem nedeniyle ciddi bir yap\u0131sal hasar ya da can kayb\u0131 bildirilmedi. Ancak TGRT&#8217;nin haberine g\u00f6re, bir vatanda\u015f panik s\u0131ras\u0131nda balkondan atlayarak yaraland\u0131. Yaral\u0131n\u0131n hayati tehlikesinin bulunmad\u0131\u011f\u0131 belirtildi.<\/p>\n\n\n\n<p>AFAD ve uzmanlar, art\u00e7\u0131 sars\u0131nt\u0131lar\u0131n s\u00fcrebilece\u011fi uyar\u0131s\u0131nda bulunarak vatanda\u015flar\u0131n dikkatli olmas\u0131n\u0131 ve hasar g\u00f6rm\u00fc\u015f binalardan uzak durmalar\u0131n\u0131 tavsiye etti.<\/p>\n","protected":false},"excerpt":{"rendered":"<p>\u0130stanbul, bug\u00fcn saat 12:49\u2019da Silivri a\u00e7\u0131klar\u0131nda meydana gelen 6.2 b\u00fcy\u00fckl\u00fc\u011f\u00fcndeki depremle sars\u0131ld\u0131. Deprem, Marmara Denizi\u2019nde, yerin yakla\u015f\u0131k 6.9 km derinli\u011finde ger\u00e7ekle\u015fti. Sars\u0131nt\u0131 \u0130stanbul\u2019un bir\u00e7ok il\u00e7esinde ve \u00e7evre illerde \u015fiddetli \u015fekilde hissedildi. \u0130lk belirlemelere g\u00f6re, deprem nedeniyle ciddi bir yap\u0131sal hasar ya da can kayb\u0131 bildirilmedi. Ancak TGRT&#8217;nin haberine g\u00f6re, bir vatanda\u015f panik s\u0131ras\u0131nda balkondan atlayarak [&hellip;]<\/p>\n","protected":false},"author":2,"featured_media":1091,"comment_status":"open","ping_status":"open","sticky":false,"template":"","format":"standard","meta":{"footnotes":""},"categories":[11],"tags":[],"class_list":["post-1090","post","type-post","status-publish","format-standard","has-post-thumbnail","hentry","category-turkiye"],"yoast_head":"<!-- This site is optimized with the Yoast SEO plugin v27.4 - https:\/\/yoast.com\/product\/yoast-seo-wordpress\/ -->\n<title>\u0130stanbul\u2019da 6.2 B\u00fcy\u00fckl\u00fc\u011f\u00fcnde Deprem - Avrupal\u0131 T\u00fcrklerin en Yeni Haber Portal\u0131<\/title>\n<meta name=\"robots\" content=\"index, follow, max-snippet:-1, max-image-preview:large, max-video-preview:-1\" \/>\n<link rel=\"canonical\" href=\"https:\/\/avrupatv.eu\/index.php\/2025\/04\/23\/istanbulda-6-2-buyuklugunde-deprem\/\" \/>\n<meta property=\"og:locale\" content=\"tr_TR\" \/>\n<meta property=\"og:type\" content=\"article\" \/>\n<meta property=\"og:title\" content=\"\u0130stanbul\u2019da 6.2 B\u00fcy\u00fckl\u00fc\u011f\u00fcnde Deprem - Avrupal\u0131 T\u00fcrklerin en Yeni Haber Portal\u0131\" \/>\n<meta property=\"og:description\" content=\"\u0130stanbul, bug\u00fcn saat 12:49\u2019da Silivri a\u00e7\u0131klar\u0131nda meydana gelen 6.2 b\u00fcy\u00fckl\u00fc\u011f\u00fcndeki depremle sars\u0131ld\u0131. Deprem, Marmara Denizi\u2019nde, yerin yakla\u015f\u0131k 6.9 km derinli\u011finde ger\u00e7ekle\u015fti. Sars\u0131nt\u0131 \u0130stanbul\u2019un bir\u00e7ok il\u00e7esinde ve \u00e7evre illerde \u015fiddetli \u015fekilde hissedildi. \u0130lk belirlemelere g\u00f6re, deprem nedeniyle ciddi bir yap\u0131sal hasar ya da can kayb\u0131 bildirilmedi. Ancak TGRT&#8217;nin haberine g\u00f6re, bir vatanda\u015f panik s\u0131ras\u0131nda balkondan atlayarak [&hellip;]\" \/>\n<meta property=\"og:url\" content=\"https:\/\/avrupatv.eu\/index.php\/2025\/04\/23\/istanbulda-6-2-buyuklugunde-deprem\/\" \/>\n<meta property=\"og:site_name\" content=\"Avrupal\u0131 T\u00fcrklerin en Yeni Haber Portal\u0131\" \/>\n<meta property=\"article:published_time\" content=\"2025-04-23T10:37:27+00:00\" \/>\n<meta property=\"article:modified_time\" content=\"2025-04-23T10:37:28+00:00\" \/>\n<meta property=\"og:image\" content=\"https:\/\/avrupatv.eu\/wp-content\/uploads\/2025\/04\/5f38f2a4554287268c2b4aae.jpg\" \/>\n\t<meta property=\"og:image:width\" content=\"800\" \/>\n\t<meta property=\"og:image:height\" content=\"450\" \/>\n\t<meta property=\"og:image:type\" content=\"image\/jpeg\" \/>\n<meta name=\"author\" content=\"Onur Akpinar\" \/>\n<meta name=\"twitter:card\" content=\"summary_large_image\" \/>\n<meta name=\"twitter:label1\" content=\"Yazan:\" \/>\n\t<meta name=\"twitter:data1\" content=\"Onur Akpinar\" \/>\n\t<meta name=\"twitter:label2\" content=\"Tahmini okuma s\u00fcresi\" \/>\n\t<meta name=\"twitter:data2\" content=\"1 dakika\" \/>\n<script type=\"application\/ld+json\" class=\"yoast-schema-graph\">{\"@context\":\"https:\\\/\\\/schema.org\",\"@graph\":[{\"@type\":\"Article\",\"@id\":\"https:\\\/\\\/avrupatv.eu\\\/index.php\\\/2025\\\/04\\\/23\\\/istanbulda-6-2-buyuklugunde-deprem\\\/#article\",\"isPartOf\":{\"@id\":\"https:\\\/\\\/avrupatv.eu\\\/index.php\\\/2025\\\/04\\\/23\\\/istanbulda-6-2-buyuklugunde-deprem\\\/\"},\"author\":{\"name\":\"Onur Akpinar\",\"@id\":\"https:\\\/\\\/avrupatv.eu\\\/#\\\/schema\\\/person\\\/d56afa5d5569da4029d483da36c0c17d\"},\"headline\":\"\u0130stanbul\u2019da 6.2 B\u00fcy\u00fckl\u00fc\u011f\u00fcnde Deprem\",\"datePublished\":\"2025-04-23T10:37:27+00:00\",\"dateModified\":\"2025-04-23T10:37:28+00:00\",\"mainEntityOfPage\":{\"@id\":\"https:\\\/\\\/avrupatv.eu\\\/index.php\\\/2025\\\/04\\\/23\\\/istanbulda-6-2-buyuklugunde-deprem\\\/\"},\"wordCount\":121,\"commentCount\":0,\"publisher\":{\"@id\":\"https:\\\/\\\/avrupatv.eu\\\/#organization\"},\"image\":{\"@id\":\"https:\\\/\\\/avrupatv.eu\\\/index.php\\\/2025\\\/04\\\/23\\\/istanbulda-6-2-buyuklugunde-deprem\\\/#primaryimage\"},\"thumbnailUrl\":\"https:\\\/\\\/avrupatv.eu\\\/wp-content\\\/uploads\\\/2025\\\/04\\\/5f38f2a4554287268c2b4aae.jpg\",\"articleSection\":[\"T\u00fcrkiye\"],\"inLanguage\":\"tr\",\"potentialAction\":[{\"@type\":\"CommentAction\",\"name\":\"Comment\",\"target\":[\"https:\\\/\\\/avrupatv.eu\\\/index.php\\\/2025\\\/04\\\/23\\\/istanbulda-6-2-buyuklugunde-deprem\\\/#respond\"]}]},{\"@type\":\"WebPage\",\"@id\":\"https:\\\/\\\/avrupatv.eu\\\/index.php\\\/2025\\\/04\\\/23\\\/istanbulda-6-2-buyuklugunde-deprem\\\/\",\"url\":\"https:\\\/\\\/avrupatv.eu\\\/index.php\\\/2025\\\/04\\\/23\\\/istanbulda-6-2-buyuklugunde-deprem\\\/\",\"name\":\"\u0130stanbul\u2019da 6.2 B\u00fcy\u00fckl\u00fc\u011f\u00fcnde Deprem - Avrupal\u0131 T\u00fcrklerin en Yeni Haber Portal\u0131\",\"isPartOf\":{\"@id\":\"https:\\\/\\\/avrupatv.eu\\\/#website\"},\"primaryImageOfPage\":{\"@id\":\"https:\\\/\\\/avrupatv.eu\\\/index.php\\\/2025\\\/04\\\/23\\\/istanbulda-6-2-buyuklugunde-deprem\\\/#primaryimage\"},\"image\":{\"@id\":\"https:\\\/\\\/avrupatv.eu\\\/index.php\\\/2025\\\/04\\\/23\\\/istanbulda-6-2-buyuklugunde-deprem\\\/#primaryimage\"},\"thumbnailUrl\":\"https:\\\/\\\/avrupatv.eu\\\/wp-content\\\/uploads\\\/2025\\\/04\\\/5f38f2a4554287268c2b4aae.jpg\",\"datePublished\":\"2025-04-23T10:37:27+00:00\",\"dateModified\":\"2025-04-23T10:37:28+00:00\",\"breadcrumb\":{\"@id\":\"https:\\\/\\\/avrupatv.eu\\\/index.php\\\/2025\\\/04\\\/23\\\/istanbulda-6-2-buyuklugunde-deprem\\\/#breadcrumb\"},\"inLanguage\":\"tr\",\"potentialAction\":[{\"@type\":\"ReadAction\",\"target\":[\"https:\\\/\\\/avrupatv.eu\\\/index.php\\\/2025\\\/04\\\/23\\\/istanbulda-6-2-buyuklugunde-deprem\\\/\"]}]},{\"@type\":\"ImageObject\",\"inLanguage\":\"tr\",\"@id\":\"https:\\\/\\\/avrupatv.eu\\\/index.php\\\/2025\\\/04\\\/23\\\/istanbulda-6-2-buyuklugunde-deprem\\\/#primaryimage\",\"url\":\"https:\\\/\\\/avrupatv.eu\\\/wp-content\\\/uploads\\\/2025\\\/04\\\/5f38f2a4554287268c2b4aae.jpg\",\"contentUrl\":\"https:\\\/\\\/avrupatv.eu\\\/wp-content\\\/uploads\\\/2025\\\/04\\\/5f38f2a4554287268c2b4aae.jpg\",\"width\":800,\"height\":450},{\"@type\":\"BreadcrumbList\",\"@id\":\"https:\\\/\\\/avrupatv.eu\\\/index.php\\\/2025\\\/04\\\/23\\\/istanbulda-6-2-buyuklugunde-deprem\\\/#breadcrumb\",\"itemListElement\":[{\"@type\":\"ListItem\",\"position\":1,\"name\":\"Anasayfa\",\"item\":\"https:\\\/\\\/avrupatv.eu\\\/\"},{\"@type\":\"ListItem\",\"position\":2,\"name\":\"\u0130stanbul\u2019da 6.2 B\u00fcy\u00fckl\u00fc\u011f\u00fcnde Deprem\"}]},{\"@type\":\"WebSite\",\"@id\":\"https:\\\/\\\/avrupatv.eu\\\/#website\",\"url\":\"https:\\\/\\\/avrupatv.eu\\\/\",\"name\":\"Avrupal\u0131 T\u00fcrklerin en Yeni Haber Portal\u0131\",\"description\":\"\",\"publisher\":{\"@id\":\"https:\\\/\\\/avrupatv.eu\\\/#organization\"},\"alternateName\":\"Avrupa tv\",\"potentialAction\":[{\"@type\":\"SearchAction\",\"target\":{\"@type\":\"EntryPoint\",\"urlTemplate\":\"https:\\\/\\\/avrupatv.eu\\\/?s={search_term_string}\"},\"query-input\":{\"@type\":\"PropertyValueSpecification\",\"valueRequired\":true,\"valueName\":\"search_term_string\"}}],\"inLanguage\":\"tr\"},{\"@type\":\"Organization\",\"@id\":\"https:\\\/\\\/avrupatv.eu\\\/#organization\",\"name\":\"Avrupa Haber\",\"url\":\"https:\\\/\\\/avrupatv.eu\\\/\",\"logo\":{\"@type\":\"ImageObject\",\"inLanguage\":\"tr\",\"@id\":\"https:\\\/\\\/avrupatv.eu\\\/#\\\/schema\\\/logo\\\/image\\\/\",\"url\":\"https:\\\/\\\/avrupatv.eu\\\/wp-content\\\/uploads\\\/2023\\\/10\\\/cropped-thumbnail_logo.png\",\"contentUrl\":\"https:\\\/\\\/avrupatv.eu\\\/wp-content\\\/uploads\\\/2023\\\/10\\\/cropped-thumbnail_logo.png\",\"width\":1025,\"height\":302,\"caption\":\"Avrupa Haber\"},\"image\":{\"@id\":\"https:\\\/\\\/avrupatv.eu\\\/#\\\/schema\\\/logo\\\/image\\\/\"}},{\"@type\":\"Person\",\"@id\":\"https:\\\/\\\/avrupatv.eu\\\/#\\\/schema\\\/person\\\/d56afa5d5569da4029d483da36c0c17d\",\"name\":\"Onur Akpinar\",\"image\":{\"@type\":\"ImageObject\",\"inLanguage\":\"tr\",\"@id\":\"https:\\\/\\\/secure.gravatar.com\\\/avatar\\\/67a1a0bdf34f82da209334e4684b7e7171a58a5a2b0a8f836b61044f5c1f5d6a?s=96&d=mm&r=g\",\"url\":\"https:\\\/\\\/secure.gravatar.com\\\/avatar\\\/67a1a0bdf34f82da209334e4684b7e7171a58a5a2b0a8f836b61044f5c1f5d6a?s=96&d=mm&r=g\",\"contentUrl\":\"https:\\\/\\\/secure.gravatar.com\\\/avatar\\\/67a1a0bdf34f82da209334e4684b7e7171a58a5a2b0a8f836b61044f5c1f5d6a?s=96&d=mm&r=g\",\"caption\":\"Onur Akpinar\"},\"url\":\"https:\\\/\\\/avrupatv.eu\\\/index.php\\\/author\\\/onur-akpinar\\\/\"}]}<\/script>\n<!-- \/ Yoast SEO plugin. -->","yoast_head_json":{"title":"\u0130stanbul\u2019da 6.2 B\u00fcy\u00fckl\u00fc\u011f\u00fcnde Deprem - Avrupal\u0131 T\u00fcrklerin en Yeni Haber Portal\u0131","robots":{"index":"index","follow":"follow","max-snippet":"max-snippet:-1","max-image-preview":"max-image-preview:large","max-video-preview":"max-video-preview:-1"},"canonical":"https:\/\/avrupatv.eu\/index.php\/2025\/04\/23\/istanbulda-6-2-buyuklugunde-deprem\/","og_locale":"tr_TR","og_type":"article","og_title":"\u0130stanbul\u2019da 6.2 B\u00fcy\u00fckl\u00fc\u011f\u00fcnde Deprem - Avrupal\u0131 T\u00fcrklerin en Yeni Haber Portal\u0131","og_description":"\u0130stanbul, bug\u00fcn saat 12:49\u2019da Silivri a\u00e7\u0131klar\u0131nda meydana gelen 6.2 b\u00fcy\u00fckl\u00fc\u011f\u00fcndeki depremle sars\u0131ld\u0131. Deprem, Marmara Denizi\u2019nde, yerin yakla\u015f\u0131k 6.9 km derinli\u011finde ger\u00e7ekle\u015fti. Sars\u0131nt\u0131 \u0130stanbul\u2019un bir\u00e7ok il\u00e7esinde ve \u00e7evre illerde \u015fiddetli \u015fekilde hissedildi. \u0130lk belirlemelere g\u00f6re, deprem nedeniyle ciddi bir yap\u0131sal hasar ya da can kayb\u0131 bildirilmedi. Ancak TGRT&#8217;nin haberine g\u00f6re, bir vatanda\u015f panik s\u0131ras\u0131nda balkondan atlayarak [&hellip;]","og_url":"https:\/\/avrupatv.eu\/index.php\/2025\/04\/23\/istanbulda-6-2-buyuklugunde-deprem\/","og_site_name":"Avrupal\u0131 T\u00fcrklerin en Yeni Haber Portal\u0131","article_published_time":"2025-04-23T10:37:27+00:00","article_modified_time":"2025-04-23T10:37:28+00:00","og_image":[{"width":800,"height":450,"url":"https:\/\/avrupatv.eu\/wp-content\/uploads\/2025\/04\/5f38f2a4554287268c2b4aae.jpg","type":"image\/jpeg"}],"author":"Onur Akpinar","twitter_card":"summary_large_image","twitter_misc":{"Yazan:":"Onur Akpinar","Tahmini okuma s\u00fcresi":"1 dakika"},"schema":{"@context":"https:\/\/schema.org","@graph":[{"@type":"Article","@id":"https:\/\/avrupatv.eu\/index.php\/2025\/04\/23\/istanbulda-6-2-buyuklugunde-deprem\/#article","isPartOf":{"@id":"https:\/\/avrupatv.eu\/index.php\/2025\/04\/23\/istanbulda-6-2-buyuklugunde-deprem\/"},"author":{"name":"Onur Akpinar","@id":"https:\/\/avrupatv.eu\/#\/schema\/person\/d56afa5d5569da4029d483da36c0c17d"},"headline":"\u0130stanbul\u2019da 6.2 B\u00fcy\u00fckl\u00fc\u011f\u00fcnde Deprem","datePublished":"2025-04-23T10:37:27+00:00","dateModified":"2025-04-23T10:37:28+00:00","mainEntityOfPage":{"@id":"https:\/\/avrupatv.eu\/index.php\/2025\/04\/23\/istanbulda-6-2-buyuklugunde-deprem\/"},"wordCount":121,"commentCount":0,"publisher":{"@id":"https:\/\/avrupatv.eu\/#organization"},"image":{"@id":"https:\/\/avrupatv.eu\/index.php\/2025\/04\/23\/istanbulda-6-2-buyuklugunde-deprem\/#primaryimage"},"thumbnailUrl":"https:\/\/avrupatv.eu\/wp-content\/uploads\/2025\/04\/5f38f2a4554287268c2b4aae.jpg","articleSection":["T\u00fcrkiye"],"inLanguage":"tr","potentialAction":[{"@type":"CommentAction","name":"Comment","target":["https:\/\/avrupatv.eu\/index.php\/2025\/04\/23\/istanbulda-6-2-buyuklugunde-deprem\/#respond"]}]},{"@type":"WebPage","@id":"https:\/\/avrupatv.eu\/index.php\/2025\/04\/23\/istanbulda-6-2-buyuklugunde-deprem\/","url":"https:\/\/avrupatv.eu\/index.php\/2025\/04\/23\/istanbulda-6-2-buyuklugunde-deprem\/","name":"\u0130stanbul\u2019da 6.2 B\u00fcy\u00fckl\u00fc\u011f\u00fcnde Deprem - Avrupal\u0131 T\u00fcrklerin en Yeni Haber Portal\u0131","isPartOf":{"@id":"https:\/\/avrupatv.eu\/#website"},"primaryImageOfPage":{"@id":"https:\/\/avrupatv.eu\/index.php\/2025\/04\/23\/istanbulda-6-2-buyuklugunde-deprem\/#primaryimage"},"image":{"@id":"https:\/\/avrupatv.eu\/index.php\/2025\/04\/23\/istanbulda-6-2-buyuklugunde-deprem\/#primaryimage"},"thumbnailUrl":"https:\/\/avrupatv.eu\/wp-content\/uploads\/2025\/04\/5f38f2a4554287268c2b4aae.jpg","datePublished":"2025-04-23T10:37:27+00:00","dateModified":"2025-04-23T10:37:28+00:00","breadcrumb":{"@id":"https:\/\/avrupatv.eu\/index.php\/2025\/04\/23\/istanbulda-6-2-buyuklugunde-deprem\/#breadcrumb"},"inLanguage":"tr","potentialAction":[{"@type":"ReadAction","target":["https:\/\/avrupatv.eu\/index.php\/2025\/04\/23\/istanbulda-6-2-buyuklugunde-deprem\/"]}]},{"@type":"ImageObject","inLanguage":"tr","@id":"https:\/\/avrupatv.eu\/index.php\/2025\/04\/23\/istanbulda-6-2-buyuklugunde-deprem\/#primaryimage","url":"https:\/\/avrupatv.eu\/wp-content\/uploads\/2025\/04\/5f38f2a4554287268c2b4aae.jpg","contentUrl":"https:\/\/avrupatv.eu\/wp-content\/uploads\/2025\/04\/5f38f2a4554287268c2b4aae.jpg","width":800,"height":450},{"@type":"BreadcrumbList","@id":"https:\/\/avrupatv.eu\/index.php\/2025\/04\/23\/istanbulda-6-2-buyuklugunde-deprem\/#breadcrumb","itemListElement":[{"@type":"ListItem","position":1,"name":"Anasayfa","item":"https:\/\/avrupatv.eu\/"},{"@type":"ListItem","position":2,"name":"\u0130stanbul\u2019da 6.2 B\u00fcy\u00fckl\u00fc\u011f\u00fcnde Deprem"}]},{"@type":"WebSite","@id":"https:\/\/avrupatv.eu\/#website","url":"https:\/\/avrupatv.eu\/","name":"Avrupal\u0131 T\u00fcrklerin en Yeni Haber Portal\u0131","description":"","publisher":{"@id":"https:\/\/avrupatv.eu\/#organization"},"alternateName":"Avrupa tv","potentialAction":[{"@type":"SearchAction","target":{"@type":"EntryPoint","urlTemplate":"https:\/\/avrupatv.eu\/?s={search_term_string}"},"query-input":{"@type":"PropertyValueSpecification","valueRequired":true,"valueName":"search_term_string"}}],"inLanguage":"tr"},{"@type":"Organization","@id":"https:\/\/avrupatv.eu\/#organization","name":"Avrupa Haber","url":"https:\/\/avrupatv.eu\/","logo":{"@type":"ImageObject","inLanguage":"tr","@id":"https:\/\/avrupatv.eu\/#\/schema\/logo\/image\/","url":"https:\/\/avrupatv.eu\/wp-content\/uploads\/2023\/10\/cropped-thumbnail_logo.png","contentUrl":"https:\/\/avrupatv.eu\/wp-content\/uploads\/2023\/10\/cropped-thumbnail_logo.png","width":1025,"height":302,"caption":"Avrupa Haber"},"image":{"@id":"https:\/\/avrupatv.eu\/#\/schema\/logo\/image\/"}},{"@type":"Person","@id":"https:\/\/avrupatv.eu\/#\/schema\/person\/d56afa5d5569da4029d483da36c0c17d","name":"Onur Akpinar","image":{"@type":"ImageObject","inLanguage":"tr","@id":"https:\/\/secure.gravatar.com\/avatar\/67a1a0bdf34f82da209334e4684b7e7171a58a5a2b0a8f836b61044f5c1f5d6a?s=96&d=mm&r=g","url":"https:\/\/secure.gravatar.com\/avatar\/67a1a0bdf34f82da209334e4684b7e7171a58a5a2b0a8f836b61044f5c1f5d6a?s=96&d=mm&r=g","contentUrl":"https:\/\/secure.gravatar.com\/avatar\/67a1a0bdf34f82da209334e4684b7e7171a58a5a2b0a8f836b61044f5c1f5d6a?s=96&d=mm&r=g","caption":"Onur Akpinar"},"url":"https:\/\/avrupatv.eu\/index.php\/author\/onur-akpinar\/"}]}},"_links":{"self":[{"href":"https:\/\/avrupatv.eu\/index.php\/wp-json\/wp\/v2\/posts\/1090","targetHints":{"allow":["GET"]}}],"collection":[{"href":"https:\/\/avrupatv.eu\/index.php\/wp-json\/wp\/v2\/posts"}],"about":[{"href":"https:\/\/avrupatv.eu\/index.php\/wp-json\/wp\/v2\/types\/post"}],"author":[{"embeddable":true,"href":"https:\/\/avrupatv.eu\/index.php\/wp-json\/wp\/v2\/users\/2"}],"replies":[{"embeddable":true,"href":"https:\/\/avrupatv.eu\/index.php\/wp-json\/wp\/v2\/comments?post=1090"}],"version-history":[{"count":1,"href":"https:\/\/avrupatv.eu\/index.php\/wp-json\/wp\/v2\/posts\/1090\/revisions"}],"predecessor-version":[{"id":1092,"href":"https:\/\/avrupatv.eu\/index.php\/wp-json\/wp\/v2\/posts\/1090\/revisions\/1092"}],"wp:featuredmedia":[{"embeddable":true,"href":"https:\/\/avrupatv.eu\/index.php\/wp-json\/wp\/v2\/media\/1091"}],"wp:attachment":[{"href":"https:\/\/avrupatv.eu\/index.php\/wp-json\/wp\/v2\/media?parent=1090"}],"wp:term":[{"taxonomy":"category","embeddable":true,"href":"https:\/\/avrupatv.eu\/index.php\/wp-json\/wp\/v2\/categories?post=1090"},{"taxonomy":"post_tag","embeddable":true,"href":"https:\/\/avrupatv.eu\/index.php\/wp-json\/wp\/v2\/tags?post=1090"}],"curies":[{"name":"wp","href":"https:\/\/api.w.org\/{rel}","templated":true}]}}