{"id":1075,"date":"2025-04-21T17:21:23","date_gmt":"2025-04-21T17:21:23","guid":{"rendered":"https:\/\/avrupatv.eu\/?p=1075"},"modified":"2025-04-21T17:21:23","modified_gmt":"2025-04-21T17:21:23","slug":"papa-francis-hayatini-kaybetti-yeni-papa-ne-zaman-secilecek-ve-surec-nasil-isleyecek","status":"publish","type":"post","link":"https:\/\/avrupatv.eu\/index.php\/2025\/04\/21\/papa-francis-hayatini-kaybetti-yeni-papa-ne-zaman-secilecek-ve-surec-nasil-isleyecek\/","title":{"rendered":"Papa Francis Hayat\u0131n\u0131 Kaybetti: Yeni Papa Ne Zaman Se\u00e7ilecek ve S\u00fcre\u00e7 Nas\u0131l \u0130\u015fleyecek?"},"content":{"rendered":"\n<p><strong>&#8220;Papa Francis Hayat\u0131n\u0131 Kaybetti: Yeni Papa Se\u00e7imi \u0130\u00e7in S\u00fcre\u00e7 Ba\u015flad\u0131&#8221;<\/strong><\/p>\n\n\n\n<p>Katolik Kilisesi&#8217;nin lideri Papa Francis, 21 Nisan 2025 tarihinde 88 ya\u015f\u0131nda hayat\u0131n\u0131 kaybetti. Son d\u00f6nemde sa\u011fl\u0131k sorunlar\u0131yla m\u00fccadele eden Papa Francis&#8217;in vefat\u0131, d\u00fcnya \u00e7ap\u0131nda b\u00fcy\u00fck bir \u00fcz\u00fcnt\u00fcyle kar\u015f\u0131land\u0131. Arjantinli Jorge Mario Bergoglio, 2013 y\u0131l\u0131nda Papa olarak se\u00e7ilmi\u015f ve g\u00f6rev s\u00fcresi boyunca \u00f6nemli reformlar yapm\u0131\u015ft\u0131. \u00d6zellikle yoksulluk, \u00e7evre sorunlar\u0131 ve toplumsal e\u015fitlik gibi konularda duyarl\u0131l\u0131\u011f\u0131 ile tan\u0131nan Francis, ayn\u0131 zamanda LGBTQ+ bireyler ve kad\u0131nlar\u0131n kilisedeki rol\u00fc konusunda da ilerici ad\u0131mlar atm\u0131\u015ft\u0131.<\/p>\n\n\n\n<p>Papa Francis&#8217;in \u00f6l\u00fcm\u00fcyle birlikte Katolik Kilisesi&#8217;nin liderini se\u00e7mek i\u00e7in Kardinaller Meclisi (Konklav) toplanacak. Yeni Papa&#8217;n\u0131n se\u00e7ilece\u011fi s\u00fcre\u00e7, d\u00fcnya genelindeki milyonlarca Katolik taraf\u0131ndan b\u00fcy\u00fck bir dikkatle takip edilecek. Ge\u00e7mi\u015fte, \u00f6rne\u011fin 2005 y\u0131l\u0131nda Papa II. Jean Paul&#8217;\u00fcn \u00f6l\u00fcm\u00fcn\u00fcn ard\u0131ndan, konklav 16 g\u00fcn sonra ba\u015flam\u0131\u015f ve sadece 2 g\u00fcn s\u00fcrerek yeni Papa se\u00e7ilmi\u015fti. Bu s\u00fcre\u00e7, Katolik d\u00fcnyas\u0131 i\u00e7in tarihi bir \u00f6neme sahip.<\/p>\n\n\n\n<p>Papa Francis, g\u00f6revi s\u00fcresince, halkla i\u00e7 i\u00e7e bir ya\u015fam s\u00fcrm\u00fc\u015f, al\u00e7akg\u00f6n\u00fcll\u00fcl\u00fc\u011f\u00fc ve sadeli\u011fiyle dikkat \u00e7ekmi\u015fti. Katolik Kilisesi&#8217;nde de\u011fi\u015fim isteyen bir\u00e7ok ki\u015fi taraf\u0131ndan, dinin evrensel de\u011ferlerine odaklanarak toplumsal sorunlara duyarl\u0131 bir lider olarak kabul ediliyordu.<\/p>\n\n\n\n<p>Yeni Papa&#8217;n\u0131n se\u00e7ilece\u011fi s\u00fcre\u00e7, Katolik inanc\u0131n\u0131 ve kilisesinin gelece\u011fini \u015fekillendirecek.<\/p>\n","protected":false},"excerpt":{"rendered":"<p>&#8220;Papa Francis Hayat\u0131n\u0131 Kaybetti: Yeni Papa Se\u00e7imi \u0130\u00e7in S\u00fcre\u00e7 Ba\u015flad\u0131&#8221; Katolik Kilisesi&#8217;nin lideri Papa Francis, 21 Nisan 2025 tarihinde 88 ya\u015f\u0131nda hayat\u0131n\u0131 kaybetti. Son d\u00f6nemde sa\u011fl\u0131k sorunlar\u0131yla m\u00fccadele eden Papa Francis&#8217;in vefat\u0131, d\u00fcnya \u00e7ap\u0131nda b\u00fcy\u00fck bir \u00fcz\u00fcnt\u00fcyle kar\u015f\u0131land\u0131. Arjantinli Jorge Mario Bergoglio, 2013 y\u0131l\u0131nda Papa olarak se\u00e7ilmi\u015f ve g\u00f6rev s\u00fcresi boyunca \u00f6nemli reformlar yapm\u0131\u015ft\u0131. \u00d6zellikle [&hellip;]<\/p>\n","protected":false},"author":2,"featured_media":1076,"comment_status":"open","ping_status":"open","sticky":false,"template":"","format":"standard","meta":{"footnotes":""},"categories":[6],"tags":[],"class_list":["post-1075","post","type-post","status-publish","format-standard","has-post-thumbnail","hentry","category-dunya"],"yoast_head":"<!-- This site is optimized with the Yoast SEO plugin v27.4 - https:\/\/yoast.com\/product\/yoast-seo-wordpress\/ -->\n<title>Papa Francis Hayat\u0131n\u0131 Kaybetti: Yeni Papa Ne Zaman Se\u00e7ilecek ve S\u00fcre\u00e7 Nas\u0131l \u0130\u015fleyecek? - Avrupal\u0131 T\u00fcrklerin en Yeni Haber Portal\u0131<\/title>\n<meta name=\"robots\" content=\"index, follow, max-snippet:-1, max-image-preview:large, max-video-preview:-1\" \/>\n<link rel=\"canonical\" href=\"https:\/\/avrupatv.eu\/index.php\/2025\/04\/21\/papa-francis-hayatini-kaybetti-yeni-papa-ne-zaman-secilecek-ve-surec-nasil-isleyecek\/\" \/>\n<meta property=\"og:locale\" content=\"tr_TR\" \/>\n<meta property=\"og:type\" content=\"article\" \/>\n<meta property=\"og:title\" content=\"Papa Francis Hayat\u0131n\u0131 Kaybetti: Yeni Papa Ne Zaman Se\u00e7ilecek ve S\u00fcre\u00e7 Nas\u0131l \u0130\u015fleyecek? - Avrupal\u0131 T\u00fcrklerin en Yeni Haber Portal\u0131\" \/>\n<meta property=\"og:description\" content=\"&#8220;Papa Francis Hayat\u0131n\u0131 Kaybetti: Yeni Papa Se\u00e7imi \u0130\u00e7in S\u00fcre\u00e7 Ba\u015flad\u0131&#8221; Katolik Kilisesi&#8217;nin lideri Papa Francis, 21 Nisan 2025 tarihinde 88 ya\u015f\u0131nda hayat\u0131n\u0131 kaybetti. Son d\u00f6nemde sa\u011fl\u0131k sorunlar\u0131yla m\u00fccadele eden Papa Francis&#8217;in vefat\u0131, d\u00fcnya \u00e7ap\u0131nda b\u00fcy\u00fck bir \u00fcz\u00fcnt\u00fcyle kar\u015f\u0131land\u0131. Arjantinli Jorge Mario Bergoglio, 2013 y\u0131l\u0131nda Papa olarak se\u00e7ilmi\u015f ve g\u00f6rev s\u00fcresi boyunca \u00f6nemli reformlar yapm\u0131\u015ft\u0131. \u00d6zellikle [&hellip;]\" \/>\n<meta property=\"og:url\" content=\"https:\/\/avrupatv.eu\/index.php\/2025\/04\/21\/papa-francis-hayatini-kaybetti-yeni-papa-ne-zaman-secilecek-ve-surec-nasil-isleyecek\/\" \/>\n<meta property=\"og:site_name\" content=\"Avrupal\u0131 T\u00fcrklerin en Yeni Haber Portal\u0131\" \/>\n<meta property=\"article:published_time\" content=\"2025-04-21T17:21:23+00:00\" \/>\n<meta property=\"og:image\" content=\"https:\/\/avrupatv.eu\/wp-content\/uploads\/2025\/04\/son-dakika-papa-oldu-mu-kac-yasindaydi-papa-francis-hayatini-kaybetti_1200x675_hlFtA96fIH.webp\" \/>\n\t<meta property=\"og:image:width\" content=\"1200\" \/>\n\t<meta property=\"og:image:height\" content=\"675\" \/>\n\t<meta property=\"og:image:type\" content=\"image\/webp\" \/>\n<meta name=\"author\" content=\"Onur Akpinar\" \/>\n<meta name=\"twitter:card\" content=\"summary_large_image\" \/>\n<meta name=\"twitter:label1\" content=\"Yazan:\" \/>\n\t<meta name=\"twitter:data1\" content=\"Onur Akpinar\" \/>\n\t<meta name=\"twitter:label2\" content=\"Tahmini okuma s\u00fcresi\" \/>\n\t<meta name=\"twitter:data2\" content=\"2 dakika\" \/>\n<script type=\"application\/ld+json\" class=\"yoast-schema-graph\">{\"@context\":\"https:\\\/\\\/schema.org\",\"@graph\":[{\"@type\":\"Article\",\"@id\":\"https:\\\/\\\/avrupatv.eu\\\/index.php\\\/2025\\\/04\\\/21\\\/papa-francis-hayatini-kaybetti-yeni-papa-ne-zaman-secilecek-ve-surec-nasil-isleyecek\\\/#article\",\"isPartOf\":{\"@id\":\"https:\\\/\\\/avrupatv.eu\\\/index.php\\\/2025\\\/04\\\/21\\\/papa-francis-hayatini-kaybetti-yeni-papa-ne-zaman-secilecek-ve-surec-nasil-isleyecek\\\/\"},\"author\":{\"name\":\"Onur Akpinar\",\"@id\":\"https:\\\/\\\/avrupatv.eu\\\/#\\\/schema\\\/person\\\/d56afa5d5569da4029d483da36c0c17d\"},\"headline\":\"Papa Francis Hayat\u0131n\u0131 Kaybetti: Yeni Papa Ne Zaman Se\u00e7ilecek ve S\u00fcre\u00e7 Nas\u0131l \u0130\u015fleyecek?\",\"datePublished\":\"2025-04-21T17:21:23+00:00\",\"mainEntityOfPage\":{\"@id\":\"https:\\\/\\\/avrupatv.eu\\\/index.php\\\/2025\\\/04\\\/21\\\/papa-francis-hayatini-kaybetti-yeni-papa-ne-zaman-secilecek-ve-surec-nasil-isleyecek\\\/\"},\"wordCount\":285,\"commentCount\":0,\"publisher\":{\"@id\":\"https:\\\/\\\/avrupatv.eu\\\/#organization\"},\"image\":{\"@id\":\"https:\\\/\\\/avrupatv.eu\\\/index.php\\\/2025\\\/04\\\/21\\\/papa-francis-hayatini-kaybetti-yeni-papa-ne-zaman-secilecek-ve-surec-nasil-isleyecek\\\/#primaryimage\"},\"thumbnailUrl\":\"https:\\\/\\\/avrupatv.eu\\\/wp-content\\\/uploads\\\/2025\\\/04\\\/son-dakika-papa-oldu-mu-kac-yasindaydi-papa-francis-hayatini-kaybetti_1200x675_hlFtA96fIH.webp\",\"articleSection\":[\"D\u00fcnya\"],\"inLanguage\":\"tr\",\"potentialAction\":[{\"@type\":\"CommentAction\",\"name\":\"Comment\",\"target\":[\"https:\\\/\\\/avrupatv.eu\\\/index.php\\\/2025\\\/04\\\/21\\\/papa-francis-hayatini-kaybetti-yeni-papa-ne-zaman-secilecek-ve-surec-nasil-isleyecek\\\/#respond\"]}]},{\"@type\":\"WebPage\",\"@id\":\"https:\\\/\\\/avrupatv.eu\\\/index.php\\\/2025\\\/04\\\/21\\\/papa-francis-hayatini-kaybetti-yeni-papa-ne-zaman-secilecek-ve-surec-nasil-isleyecek\\\/\",\"url\":\"https:\\\/\\\/avrupatv.eu\\\/index.php\\\/2025\\\/04\\\/21\\\/papa-francis-hayatini-kaybetti-yeni-papa-ne-zaman-secilecek-ve-surec-nasil-isleyecek\\\/\",\"name\":\"Papa Francis Hayat\u0131n\u0131 Kaybetti: Yeni Papa Ne Zaman Se\u00e7ilecek ve S\u00fcre\u00e7 Nas\u0131l \u0130\u015fleyecek? - Avrupal\u0131 T\u00fcrklerin en Yeni Haber Portal\u0131\",\"isPartOf\":{\"@id\":\"https:\\\/\\\/avrupatv.eu\\\/#website\"},\"primaryImageOfPage\":{\"@id\":\"https:\\\/\\\/avrupatv.eu\\\/index.php\\\/2025\\\/04\\\/21\\\/papa-francis-hayatini-kaybetti-yeni-papa-ne-zaman-secilecek-ve-surec-nasil-isleyecek\\\/#primaryimage\"},\"image\":{\"@id\":\"https:\\\/\\\/avrupatv.eu\\\/index.php\\\/2025\\\/04\\\/21\\\/papa-francis-hayatini-kaybetti-yeni-papa-ne-zaman-secilecek-ve-surec-nasil-isleyecek\\\/#primaryimage\"},\"thumbnailUrl\":\"https:\\\/\\\/avrupatv.eu\\\/wp-content\\\/uploads\\\/2025\\\/04\\\/son-dakika-papa-oldu-mu-kac-yasindaydi-papa-francis-hayatini-kaybetti_1200x675_hlFtA96fIH.webp\",\"datePublished\":\"2025-04-21T17:21:23+00:00\",\"breadcrumb\":{\"@id\":\"https:\\\/\\\/avrupatv.eu\\\/index.php\\\/2025\\\/04\\\/21\\\/papa-francis-hayatini-kaybetti-yeni-papa-ne-zaman-secilecek-ve-surec-nasil-isleyecek\\\/#breadcrumb\"},\"inLanguage\":\"tr\",\"potentialAction\":[{\"@type\":\"ReadAction\",\"target\":[\"https:\\\/\\\/avrupatv.eu\\\/index.php\\\/2025\\\/04\\\/21\\\/papa-francis-hayatini-kaybetti-yeni-papa-ne-zaman-secilecek-ve-surec-nasil-isleyecek\\\/\"]}]},{\"@type\":\"ImageObject\",\"inLanguage\":\"tr\",\"@id\":\"https:\\\/\\\/avrupatv.eu\\\/index.php\\\/2025\\\/04\\\/21\\\/papa-francis-hayatini-kaybetti-yeni-papa-ne-zaman-secilecek-ve-surec-nasil-isleyecek\\\/#primaryimage\",\"url\":\"https:\\\/\\\/avrupatv.eu\\\/wp-content\\\/uploads\\\/2025\\\/04\\\/son-dakika-papa-oldu-mu-kac-yasindaydi-papa-francis-hayatini-kaybetti_1200x675_hlFtA96fIH.webp\",\"contentUrl\":\"https:\\\/\\\/avrupatv.eu\\\/wp-content\\\/uploads\\\/2025\\\/04\\\/son-dakika-papa-oldu-mu-kac-yasindaydi-papa-francis-hayatini-kaybetti_1200x675_hlFtA96fIH.webp\",\"width\":1200,\"height\":675},{\"@type\":\"BreadcrumbList\",\"@id\":\"https:\\\/\\\/avrupatv.eu\\\/index.php\\\/2025\\\/04\\\/21\\\/papa-francis-hayatini-kaybetti-yeni-papa-ne-zaman-secilecek-ve-surec-nasil-isleyecek\\\/#breadcrumb\",\"itemListElement\":[{\"@type\":\"ListItem\",\"position\":1,\"name\":\"Anasayfa\",\"item\":\"https:\\\/\\\/avrupatv.eu\\\/\"},{\"@type\":\"ListItem\",\"position\":2,\"name\":\"Papa Francis Hayat\u0131n\u0131 Kaybetti: Yeni Papa Ne Zaman Se\u00e7ilecek ve S\u00fcre\u00e7 Nas\u0131l \u0130\u015fleyecek?\"}]},{\"@type\":\"WebSite\",\"@id\":\"https:\\\/\\\/avrupatv.eu\\\/#website\",\"url\":\"https:\\\/\\\/avrupatv.eu\\\/\",\"name\":\"Avrupal\u0131 T\u00fcrklerin en Yeni Haber Portal\u0131\",\"description\":\"\",\"publisher\":{\"@id\":\"https:\\\/\\\/avrupatv.eu\\\/#organization\"},\"alternateName\":\"Avrupa tv\",\"potentialAction\":[{\"@type\":\"SearchAction\",\"target\":{\"@type\":\"EntryPoint\",\"urlTemplate\":\"https:\\\/\\\/avrupatv.eu\\\/?s={search_term_string}\"},\"query-input\":{\"@type\":\"PropertyValueSpecification\",\"valueRequired\":true,\"valueName\":\"search_term_string\"}}],\"inLanguage\":\"tr\"},{\"@type\":\"Organization\",\"@id\":\"https:\\\/\\\/avrupatv.eu\\\/#organization\",\"name\":\"Avrupa Haber\",\"url\":\"https:\\\/\\\/avrupatv.eu\\\/\",\"logo\":{\"@type\":\"ImageObject\",\"inLanguage\":\"tr\",\"@id\":\"https:\\\/\\\/avrupatv.eu\\\/#\\\/schema\\\/logo\\\/image\\\/\",\"url\":\"https:\\\/\\\/avrupatv.eu\\\/wp-content\\\/uploads\\\/2023\\\/10\\\/cropped-thumbnail_logo.png\",\"contentUrl\":\"https:\\\/\\\/avrupatv.eu\\\/wp-content\\\/uploads\\\/2023\\\/10\\\/cropped-thumbnail_logo.png\",\"width\":1025,\"height\":302,\"caption\":\"Avrupa Haber\"},\"image\":{\"@id\":\"https:\\\/\\\/avrupatv.eu\\\/#\\\/schema\\\/logo\\\/image\\\/\"}},{\"@type\":\"Person\",\"@id\":\"https:\\\/\\\/avrupatv.eu\\\/#\\\/schema\\\/person\\\/d56afa5d5569da4029d483da36c0c17d\",\"name\":\"Onur Akpinar\",\"image\":{\"@type\":\"ImageObject\",\"inLanguage\":\"tr\",\"@id\":\"https:\\\/\\\/secure.gravatar.com\\\/avatar\\\/67a1a0bdf34f82da209334e4684b7e7171a58a5a2b0a8f836b61044f5c1f5d6a?s=96&d=mm&r=g\",\"url\":\"https:\\\/\\\/secure.gravatar.com\\\/avatar\\\/67a1a0bdf34f82da209334e4684b7e7171a58a5a2b0a8f836b61044f5c1f5d6a?s=96&d=mm&r=g\",\"contentUrl\":\"https:\\\/\\\/secure.gravatar.com\\\/avatar\\\/67a1a0bdf34f82da209334e4684b7e7171a58a5a2b0a8f836b61044f5c1f5d6a?s=96&d=mm&r=g\",\"caption\":\"Onur Akpinar\"},\"url\":\"https:\\\/\\\/avrupatv.eu\\\/index.php\\\/author\\\/onur-akpinar\\\/\"}]}<\/script>\n<!-- \/ Yoast SEO plugin. -->","yoast_head_json":{"title":"Papa Francis Hayat\u0131n\u0131 Kaybetti: Yeni Papa Ne Zaman Se\u00e7ilecek ve S\u00fcre\u00e7 Nas\u0131l \u0130\u015fleyecek? - Avrupal\u0131 T\u00fcrklerin en Yeni Haber Portal\u0131","robots":{"index":"index","follow":"follow","max-snippet":"max-snippet:-1","max-image-preview":"max-image-preview:large","max-video-preview":"max-video-preview:-1"},"canonical":"https:\/\/avrupatv.eu\/index.php\/2025\/04\/21\/papa-francis-hayatini-kaybetti-yeni-papa-ne-zaman-secilecek-ve-surec-nasil-isleyecek\/","og_locale":"tr_TR","og_type":"article","og_title":"Papa Francis Hayat\u0131n\u0131 Kaybetti: Yeni Papa Ne Zaman Se\u00e7ilecek ve S\u00fcre\u00e7 Nas\u0131l \u0130\u015fleyecek? - Avrupal\u0131 T\u00fcrklerin en Yeni Haber Portal\u0131","og_description":"&#8220;Papa Francis Hayat\u0131n\u0131 Kaybetti: Yeni Papa Se\u00e7imi \u0130\u00e7in S\u00fcre\u00e7 Ba\u015flad\u0131&#8221; Katolik Kilisesi&#8217;nin lideri Papa Francis, 21 Nisan 2025 tarihinde 88 ya\u015f\u0131nda hayat\u0131n\u0131 kaybetti. Son d\u00f6nemde sa\u011fl\u0131k sorunlar\u0131yla m\u00fccadele eden Papa Francis&#8217;in vefat\u0131, d\u00fcnya \u00e7ap\u0131nda b\u00fcy\u00fck bir \u00fcz\u00fcnt\u00fcyle kar\u015f\u0131land\u0131. Arjantinli Jorge Mario Bergoglio, 2013 y\u0131l\u0131nda Papa olarak se\u00e7ilmi\u015f ve g\u00f6rev s\u00fcresi boyunca \u00f6nemli reformlar yapm\u0131\u015ft\u0131. \u00d6zellikle [&hellip;]","og_url":"https:\/\/avrupatv.eu\/index.php\/2025\/04\/21\/papa-francis-hayatini-kaybetti-yeni-papa-ne-zaman-secilecek-ve-surec-nasil-isleyecek\/","og_site_name":"Avrupal\u0131 T\u00fcrklerin en Yeni Haber Portal\u0131","article_published_time":"2025-04-21T17:21:23+00:00","og_image":[{"width":1200,"height":675,"url":"https:\/\/avrupatv.eu\/wp-content\/uploads\/2025\/04\/son-dakika-papa-oldu-mu-kac-yasindaydi-papa-francis-hayatini-kaybetti_1200x675_hlFtA96fIH.webp","type":"image\/webp"}],"author":"Onur Akpinar","twitter_card":"summary_large_image","twitter_misc":{"Yazan:":"Onur Akpinar","Tahmini okuma s\u00fcresi":"2 dakika"},"schema":{"@context":"https:\/\/schema.org","@graph":[{"@type":"Article","@id":"https:\/\/avrupatv.eu\/index.php\/2025\/04\/21\/papa-francis-hayatini-kaybetti-yeni-papa-ne-zaman-secilecek-ve-surec-nasil-isleyecek\/#article","isPartOf":{"@id":"https:\/\/avrupatv.eu\/index.php\/2025\/04\/21\/papa-francis-hayatini-kaybetti-yeni-papa-ne-zaman-secilecek-ve-surec-nasil-isleyecek\/"},"author":{"name":"Onur Akpinar","@id":"https:\/\/avrupatv.eu\/#\/schema\/person\/d56afa5d5569da4029d483da36c0c17d"},"headline":"Papa Francis Hayat\u0131n\u0131 Kaybetti: Yeni Papa Ne Zaman Se\u00e7ilecek ve S\u00fcre\u00e7 Nas\u0131l \u0130\u015fleyecek?","datePublished":"2025-04-21T17:21:23+00:00","mainEntityOfPage":{"@id":"https:\/\/avrupatv.eu\/index.php\/2025\/04\/21\/papa-francis-hayatini-kaybetti-yeni-papa-ne-zaman-secilecek-ve-surec-nasil-isleyecek\/"},"wordCount":285,"commentCount":0,"publisher":{"@id":"https:\/\/avrupatv.eu\/#organization"},"image":{"@id":"https:\/\/avrupatv.eu\/index.php\/2025\/04\/21\/papa-francis-hayatini-kaybetti-yeni-papa-ne-zaman-secilecek-ve-surec-nasil-isleyecek\/#primaryimage"},"thumbnailUrl":"https:\/\/avrupatv.eu\/wp-content\/uploads\/2025\/04\/son-dakika-papa-oldu-mu-kac-yasindaydi-papa-francis-hayatini-kaybetti_1200x675_hlFtA96fIH.webp","articleSection":["D\u00fcnya"],"inLanguage":"tr","potentialAction":[{"@type":"CommentAction","name":"Comment","target":["https:\/\/avrupatv.eu\/index.php\/2025\/04\/21\/papa-francis-hayatini-kaybetti-yeni-papa-ne-zaman-secilecek-ve-surec-nasil-isleyecek\/#respond"]}]},{"@type":"WebPage","@id":"https:\/\/avrupatv.eu\/index.php\/2025\/04\/21\/papa-francis-hayatini-kaybetti-yeni-papa-ne-zaman-secilecek-ve-surec-nasil-isleyecek\/","url":"https:\/\/avrupatv.eu\/index.php\/2025\/04\/21\/papa-francis-hayatini-kaybetti-yeni-papa-ne-zaman-secilecek-ve-surec-nasil-isleyecek\/","name":"Papa Francis Hayat\u0131n\u0131 Kaybetti: Yeni Papa Ne Zaman Se\u00e7ilecek ve S\u00fcre\u00e7 Nas\u0131l \u0130\u015fleyecek? - Avrupal\u0131 T\u00fcrklerin en Yeni Haber Portal\u0131","isPartOf":{"@id":"https:\/\/avrupatv.eu\/#website"},"primaryImageOfPage":{"@id":"https:\/\/avrupatv.eu\/index.php\/2025\/04\/21\/papa-francis-hayatini-kaybetti-yeni-papa-ne-zaman-secilecek-ve-surec-nasil-isleyecek\/#primaryimage"},"image":{"@id":"https:\/\/avrupatv.eu\/index.php\/2025\/04\/21\/papa-francis-hayatini-kaybetti-yeni-papa-ne-zaman-secilecek-ve-surec-nasil-isleyecek\/#primaryimage"},"thumbnailUrl":"https:\/\/avrupatv.eu\/wp-content\/uploads\/2025\/04\/son-dakika-papa-oldu-mu-kac-yasindaydi-papa-francis-hayatini-kaybetti_1200x675_hlFtA96fIH.webp","datePublished":"2025-04-21T17:21:23+00:00","breadcrumb":{"@id":"https:\/\/avrupatv.eu\/index.php\/2025\/04\/21\/papa-francis-hayatini-kaybetti-yeni-papa-ne-zaman-secilecek-ve-surec-nasil-isleyecek\/#breadcrumb"},"inLanguage":"tr","potentialAction":[{"@type":"ReadAction","target":["https:\/\/avrupatv.eu\/index.php\/2025\/04\/21\/papa-francis-hayatini-kaybetti-yeni-papa-ne-zaman-secilecek-ve-surec-nasil-isleyecek\/"]}]},{"@type":"ImageObject","inLanguage":"tr","@id":"https:\/\/avrupatv.eu\/index.php\/2025\/04\/21\/papa-francis-hayatini-kaybetti-yeni-papa-ne-zaman-secilecek-ve-surec-nasil-isleyecek\/#primaryimage","url":"https:\/\/avrupatv.eu\/wp-content\/uploads\/2025\/04\/son-dakika-papa-oldu-mu-kac-yasindaydi-papa-francis-hayatini-kaybetti_1200x675_hlFtA96fIH.webp","contentUrl":"https:\/\/avrupatv.eu\/wp-content\/uploads\/2025\/04\/son-dakika-papa-oldu-mu-kac-yasindaydi-papa-francis-hayatini-kaybetti_1200x675_hlFtA96fIH.webp","width":1200,"height":675},{"@type":"BreadcrumbList","@id":"https:\/\/avrupatv.eu\/index.php\/2025\/04\/21\/papa-francis-hayatini-kaybetti-yeni-papa-ne-zaman-secilecek-ve-surec-nasil-isleyecek\/#breadcrumb","itemListElement":[{"@type":"ListItem","position":1,"name":"Anasayfa","item":"https:\/\/avrupatv.eu\/"},{"@type":"ListItem","position":2,"name":"Papa Francis Hayat\u0131n\u0131 Kaybetti: Yeni Papa Ne Zaman Se\u00e7ilecek ve S\u00fcre\u00e7 Nas\u0131l \u0130\u015fleyecek?"}]},{"@type":"WebSite","@id":"https:\/\/avrupatv.eu\/#website","url":"https:\/\/avrupatv.eu\/","name":"Avrupal\u0131 T\u00fcrklerin en Yeni Haber Portal\u0131","description":"","publisher":{"@id":"https:\/\/avrupatv.eu\/#organization"},"alternateName":"Avrupa tv","potentialAction":[{"@type":"SearchAction","target":{"@type":"EntryPoint","urlTemplate":"https:\/\/avrupatv.eu\/?s={search_term_string}"},"query-input":{"@type":"PropertyValueSpecification","valueRequired":true,"valueName":"search_term_string"}}],"inLanguage":"tr"},{"@type":"Organization","@id":"https:\/\/avrupatv.eu\/#organization","name":"Avrupa Haber","url":"https:\/\/avrupatv.eu\/","logo":{"@type":"ImageObject","inLanguage":"tr","@id":"https:\/\/avrupatv.eu\/#\/schema\/logo\/image\/","url":"https:\/\/avrupatv.eu\/wp-content\/uploads\/2023\/10\/cropped-thumbnail_logo.png","contentUrl":"https:\/\/avrupatv.eu\/wp-content\/uploads\/2023\/10\/cropped-thumbnail_logo.png","width":1025,"height":302,"caption":"Avrupa Haber"},"image":{"@id":"https:\/\/avrupatv.eu\/#\/schema\/logo\/image\/"}},{"@type":"Person","@id":"https:\/\/avrupatv.eu\/#\/schema\/person\/d56afa5d5569da4029d483da36c0c17d","name":"Onur Akpinar","image":{"@type":"ImageObject","inLanguage":"tr","@id":"https:\/\/secure.gravatar.com\/avatar\/67a1a0bdf34f82da209334e4684b7e7171a58a5a2b0a8f836b61044f5c1f5d6a?s=96&d=mm&r=g","url":"https:\/\/secure.gravatar.com\/avatar\/67a1a0bdf34f82da209334e4684b7e7171a58a5a2b0a8f836b61044f5c1f5d6a?s=96&d=mm&r=g","contentUrl":"https:\/\/secure.gravatar.com\/avatar\/67a1a0bdf34f82da209334e4684b7e7171a58a5a2b0a8f836b61044f5c1f5d6a?s=96&d=mm&r=g","caption":"Onur Akpinar"},"url":"https:\/\/avrupatv.eu\/index.php\/author\/onur-akpinar\/"}]}},"_links":{"self":[{"href":"https:\/\/avrupatv.eu\/index.php\/wp-json\/wp\/v2\/posts\/1075","targetHints":{"allow":["GET"]}}],"collection":[{"href":"https:\/\/avrupatv.eu\/index.php\/wp-json\/wp\/v2\/posts"}],"about":[{"href":"https:\/\/avrupatv.eu\/index.php\/wp-json\/wp\/v2\/types\/post"}],"author":[{"embeddable":true,"href":"https:\/\/avrupatv.eu\/index.php\/wp-json\/wp\/v2\/users\/2"}],"replies":[{"embeddable":true,"href":"https:\/\/avrupatv.eu\/index.php\/wp-json\/wp\/v2\/comments?post=1075"}],"version-history":[{"count":1,"href":"https:\/\/avrupatv.eu\/index.php\/wp-json\/wp\/v2\/posts\/1075\/revisions"}],"predecessor-version":[{"id":1077,"href":"https:\/\/avrupatv.eu\/index.php\/wp-json\/wp\/v2\/posts\/1075\/revisions\/1077"}],"wp:featuredmedia":[{"embeddable":true,"href":"https:\/\/avrupatv.eu\/index.php\/wp-json\/wp\/v2\/media\/1076"}],"wp:attachment":[{"href":"https:\/\/avrupatv.eu\/index.php\/wp-json\/wp\/v2\/media?parent=1075"}],"wp:term":[{"taxonomy":"category","embeddable":true,"href":"https:\/\/avrupatv.eu\/index.php\/wp-json\/wp\/v2\/categories?post=1075"},{"taxonomy":"post_tag","embeddable":true,"href":"https:\/\/avrupatv.eu\/index.php\/wp-json\/wp\/v2\/tags?post=1075"}],"curies":[{"name":"wp","href":"https:\/\/api.w.org\/{rel}","templated":true}]}}