{"id":1072,"date":"2025-04-21T17:15:19","date_gmt":"2025-04-21T17:15:19","guid":{"rendered":"https:\/\/avrupatv.eu\/?p=1072"},"modified":"2025-04-21T17:15:19","modified_gmt":"2025-04-21T17:15:19","slug":"cezaevindeki-esila-ayik-bir-an-once-cikip-fotograf-projelerime-devam-etmek-istiyorum","status":"publish","type":"post","link":"https:\/\/avrupatv.eu\/index.php\/2025\/04\/21\/cezaevindeki-esila-ayik-bir-an-once-cikip-fotograf-projelerime-devam-etmek-istiyorum\/","title":{"rendered":"Cezaevindeki Esila Ay\u0131k: &#8216;Bir An \u00d6nce \u00c7\u0131k\u0131p Foto\u011fraf Projelerime Devam Etmek \u0130stiyorum"},"content":{"rendered":"\n<p>\u0130stanbul B\u00fcy\u00fck\u015fehir Belediye Ba\u015fkan\u0131 Ekrem \u0130mamo\u011flu\u2019nun tutuklanmas\u0131n\u0131 protesto etmek amac\u0131yla kat\u0131ld\u0131\u011f\u0131 y\u00fcr\u00fcy\u00fc\u015fte g\u00f6zalt\u0131na al\u0131nan ve 13 g\u00fcnd\u00fcr Bak\u0131rk\u00f6y Kad\u0131n Kapal\u0131 Cezaevinde tutuklu olan Esila Ay\u0131k, sa\u011fl\u0131\u011f\u0131n\u0131n giderek k\u00f6t\u00fcye gitti\u011fini belirtti.<\/p>\n\n\n\n<p>Kalp ve b\u00f6brek hastas\u0131 olan Ay\u0131k, cezaevine girdi\u011fi g\u00fcnden beri sa\u011fl\u0131k sorunlar\u0131n\u0131n artt\u0131\u011f\u0131n\u0131 ve g\u00fcnl\u00fck ya\u015fam\u0131n\u0131 zorla\u015ft\u0131ran semptomlarla m\u00fccadele etti\u011fini ifade etti. Ay\u0131k, kazand\u0131\u011f\u0131 bursla Bel\u00e7ika Gent \u00dcniversitesi\u2019nde e\u011fitimine devam etmekte olup, paskalya tatili i\u00e7in T\u00fcrkiye\u2019ye geldi\u011fi d\u00f6nemde tutuklanm\u0131\u015ft\u0131. Ay\u0131k, tutuklulu\u011fu s\u0131ras\u0131nda Bel\u00e7ika&#8217;daki okuluna d\u00f6n\u00fc\u015f i\u00e7in planlad\u0131\u011f\u0131 u\u00e7u\u015funu ka\u00e7\u0131rd\u0131\u011f\u0131na da dikkat \u00e7ekti. &#8220;Ay sonunda okuluma d\u00f6nmek i\u00e7in biletim vard\u0131. Ama u\u00e7u\u015f yerine bug\u00fcn ko\u011fu\u015fun temizli\u011fine kat\u0131ld\u0131m, duvarlar\u0131 ve yerleri f\u0131r\u00e7alamak zorunda kald\u0131m&#8221; dedi.<\/p>\n\n\n\n<p>Haks\u0131z yere tutuklu oldu\u011funu ve i\u015fledi\u011fi bir su\u00e7 bulunmad\u0131\u011f\u0131n\u0131 vurgulayan Ay\u0131k, sa\u011fl\u0131\u011f\u0131n\u0131n her ge\u00e7en g\u00fcn k\u00f6t\u00fcye gitti\u011fini belirterek, cezaevindeki psikolojik durumunun da zorlay\u0131c\u0131 oldu\u011funu dile getirdi. \u201cBir yandan s\u0131navlar\u0131m\u0131 ka\u00e7\u0131raca\u011f\u0131m i\u00e7in endi\u015feliyim, di\u011fer yandan burada bulunmak bana ne korku ne mutluluk ne de h\u00fcz\u00fcn veriyor. Duygular\u0131m kilitlendi, bu durum \u015fok etkisi yarat\u0131yor,\u201d diye ekledi.<\/p>\n\n\n\n<p>Ay\u0131k, cezaevindeki ya\u015fam\u0131 ve ya\u015fad\u0131\u011f\u0131 ruh halini, \u00fcnl\u00fc y\u00f6netmen Nuri Bilge Ceylan\u2019\u0131n <em>\u0130klimler<\/em> filmine at\u0131fta bulunarak anlatt\u0131. &#8220;Bug\u00fcn avluyu temizlerken tepemizden bir u\u00e7ak ge\u00e7ti, f\u0131r\u00e7ay\u0131 b\u0131rak\u0131p yukar\u0131ya bakt\u0131m. Filmdeki gibi, acaba benim binece\u011fim u\u00e7ak m\u0131yd\u0131 ge\u00e7en?&#8221; ifadelerini kulland\u0131.<\/p>\n\n\n\n<p>Son olarak, sesini duyurmak isteyen Ay\u0131k, cezaevinde kalan t\u00fcm tutuklu arkada\u015flar\u0131 ad\u0131na bir \u00e7a\u011fr\u0131da bulundu: &#8220;Beni ve di\u011fer tutuklu arkada\u015flar\u0131m\u0131 buradan kurtaracak olan sizlersiniz. Halk\u0131m\u0131za emanetiz, sesimiz sizsiniz. Bir an \u00f6nce buradan \u00e7\u0131k\u0131p foto\u011fraf projelerime devam etmek istiyorum.&#8221;<\/p>\n\n\n\n<p>Esila Ay\u0131k\u2019\u0131n durumu, haks\u0131z tutuklulu\u011fa ve cezaevindeki ya\u015fam ko\u015fullar\u0131na dikkat \u00e7ekerken, ayn\u0131 zamanda adaletin ve \u00f6zg\u00fcrl\u00fc\u011f\u00fcn \u00f6nemine dair bir mesaj da veriyor.<\/p>\n","protected":false},"excerpt":{"rendered":"<p>\u0130stanbul B\u00fcy\u00fck\u015fehir Belediye Ba\u015fkan\u0131 Ekrem \u0130mamo\u011flu\u2019nun tutuklanmas\u0131n\u0131 protesto etmek amac\u0131yla kat\u0131ld\u0131\u011f\u0131 y\u00fcr\u00fcy\u00fc\u015fte g\u00f6zalt\u0131na al\u0131nan ve 13 g\u00fcnd\u00fcr Bak\u0131rk\u00f6y Kad\u0131n Kapal\u0131 Cezaevinde tutuklu olan Esila Ay\u0131k, sa\u011fl\u0131\u011f\u0131n\u0131n giderek k\u00f6t\u00fcye gitti\u011fini belirtti. Kalp ve b\u00f6brek hastas\u0131 olan Ay\u0131k, cezaevine girdi\u011fi g\u00fcnden beri sa\u011fl\u0131k sorunlar\u0131n\u0131n artt\u0131\u011f\u0131n\u0131 ve g\u00fcnl\u00fck ya\u015fam\u0131n\u0131 zorla\u015ft\u0131ran semptomlarla m\u00fccadele etti\u011fini ifade etti. Ay\u0131k, kazand\u0131\u011f\u0131 bursla [&hellip;]<\/p>\n","protected":false},"author":2,"featured_media":1073,"comment_status":"open","ping_status":"open","sticky":false,"template":"","format":"standard","meta":{"footnotes":""},"categories":[11],"tags":[],"class_list":["post-1072","post","type-post","status-publish","format-standard","has-post-thumbnail","hentry","category-turkiye"],"yoast_head":"<!-- This site is optimized with the Yoast SEO plugin v27.4 - https:\/\/yoast.com\/product\/yoast-seo-wordpress\/ -->\n<title>Cezaevindeki Esila Ay\u0131k: &#039;Bir An \u00d6nce \u00c7\u0131k\u0131p Foto\u011fraf Projelerime Devam Etmek \u0130stiyorum - Avrupal\u0131 T\u00fcrklerin en Yeni Haber Portal\u0131<\/title>\n<meta name=\"robots\" content=\"index, follow, max-snippet:-1, max-image-preview:large, max-video-preview:-1\" \/>\n<link rel=\"canonical\" href=\"https:\/\/avrupatv.eu\/index.php\/2025\/04\/21\/cezaevindeki-esila-ayik-bir-an-once-cikip-fotograf-projelerime-devam-etmek-istiyorum\/\" \/>\n<meta property=\"og:locale\" content=\"tr_TR\" \/>\n<meta property=\"og:type\" content=\"article\" \/>\n<meta property=\"og:title\" content=\"Cezaevindeki Esila Ay\u0131k: &#039;Bir An \u00d6nce \u00c7\u0131k\u0131p Foto\u011fraf Projelerime Devam Etmek \u0130stiyorum - Avrupal\u0131 T\u00fcrklerin en Yeni Haber Portal\u0131\" \/>\n<meta property=\"og:description\" content=\"\u0130stanbul B\u00fcy\u00fck\u015fehir Belediye Ba\u015fkan\u0131 Ekrem \u0130mamo\u011flu\u2019nun tutuklanmas\u0131n\u0131 protesto etmek amac\u0131yla kat\u0131ld\u0131\u011f\u0131 y\u00fcr\u00fcy\u00fc\u015fte g\u00f6zalt\u0131na al\u0131nan ve 13 g\u00fcnd\u00fcr Bak\u0131rk\u00f6y Kad\u0131n Kapal\u0131 Cezaevinde tutuklu olan Esila Ay\u0131k, sa\u011fl\u0131\u011f\u0131n\u0131n giderek k\u00f6t\u00fcye gitti\u011fini belirtti. Kalp ve b\u00f6brek hastas\u0131 olan Ay\u0131k, cezaevine girdi\u011fi g\u00fcnden beri sa\u011fl\u0131k sorunlar\u0131n\u0131n artt\u0131\u011f\u0131n\u0131 ve g\u00fcnl\u00fck ya\u015fam\u0131n\u0131 zorla\u015ft\u0131ran semptomlarla m\u00fccadele etti\u011fini ifade etti. Ay\u0131k, kazand\u0131\u011f\u0131 bursla [&hellip;]\" \/>\n<meta property=\"og:url\" content=\"https:\/\/avrupatv.eu\/index.php\/2025\/04\/21\/cezaevindeki-esila-ayik-bir-an-once-cikip-fotograf-projelerime-devam-etmek-istiyorum\/\" \/>\n<meta property=\"og:site_name\" content=\"Avrupal\u0131 T\u00fcrklerin en Yeni Haber Portal\u0131\" \/>\n<meta property=\"article:published_time\" content=\"2025-04-21T17:15:19+00:00\" \/>\n<meta property=\"og:image\" content=\"https:\/\/avrupatv.eu\/wp-content\/uploads\/2025\/04\/esila-ayik.jpg\" \/>\n\t<meta property=\"og:image:width\" content=\"840\" \/>\n\t<meta property=\"og:image:height\" content=\"558\" \/>\n\t<meta property=\"og:image:type\" content=\"image\/jpeg\" \/>\n<meta name=\"author\" content=\"Onur Akpinar\" \/>\n<meta name=\"twitter:card\" content=\"summary_large_image\" \/>\n<meta name=\"twitter:label1\" content=\"Yazan:\" \/>\n\t<meta name=\"twitter:data1\" content=\"Onur Akpinar\" \/>\n\t<meta name=\"twitter:label2\" content=\"Tahmini okuma s\u00fcresi\" \/>\n\t<meta name=\"twitter:data2\" content=\"2 dakika\" \/>\n<script type=\"application\/ld+json\" class=\"yoast-schema-graph\">{\"@context\":\"https:\\\/\\\/schema.org\",\"@graph\":[{\"@type\":\"Article\",\"@id\":\"https:\\\/\\\/avrupatv.eu\\\/index.php\\\/2025\\\/04\\\/21\\\/cezaevindeki-esila-ayik-bir-an-once-cikip-fotograf-projelerime-devam-etmek-istiyorum\\\/#article\",\"isPartOf\":{\"@id\":\"https:\\\/\\\/avrupatv.eu\\\/index.php\\\/2025\\\/04\\\/21\\\/cezaevindeki-esila-ayik-bir-an-once-cikip-fotograf-projelerime-devam-etmek-istiyorum\\\/\"},\"author\":{\"name\":\"Onur Akpinar\",\"@id\":\"https:\\\/\\\/avrupatv.eu\\\/#\\\/schema\\\/person\\\/d56afa5d5569da4029d483da36c0c17d\"},\"headline\":\"Cezaevindeki Esila Ay\u0131k: &#8216;Bir An \u00d6nce \u00c7\u0131k\u0131p Foto\u011fraf Projelerime Devam Etmek \u0130stiyorum\",\"datePublished\":\"2025-04-21T17:15:19+00:00\",\"mainEntityOfPage\":{\"@id\":\"https:\\\/\\\/avrupatv.eu\\\/index.php\\\/2025\\\/04\\\/21\\\/cezaevindeki-esila-ayik-bir-an-once-cikip-fotograf-projelerime-devam-etmek-istiyorum\\\/\"},\"wordCount\":415,\"commentCount\":0,\"publisher\":{\"@id\":\"https:\\\/\\\/avrupatv.eu\\\/#organization\"},\"image\":{\"@id\":\"https:\\\/\\\/avrupatv.eu\\\/index.php\\\/2025\\\/04\\\/21\\\/cezaevindeki-esila-ayik-bir-an-once-cikip-fotograf-projelerime-devam-etmek-istiyorum\\\/#primaryimage\"},\"thumbnailUrl\":\"https:\\\/\\\/avrupatv.eu\\\/wp-content\\\/uploads\\\/2025\\\/04\\\/esila-ayik.jpg\",\"articleSection\":[\"T\u00fcrkiye\"],\"inLanguage\":\"tr\",\"potentialAction\":[{\"@type\":\"CommentAction\",\"name\":\"Comment\",\"target\":[\"https:\\\/\\\/avrupatv.eu\\\/index.php\\\/2025\\\/04\\\/21\\\/cezaevindeki-esila-ayik-bir-an-once-cikip-fotograf-projelerime-devam-etmek-istiyorum\\\/#respond\"]}]},{\"@type\":\"WebPage\",\"@id\":\"https:\\\/\\\/avrupatv.eu\\\/index.php\\\/2025\\\/04\\\/21\\\/cezaevindeki-esila-ayik-bir-an-once-cikip-fotograf-projelerime-devam-etmek-istiyorum\\\/\",\"url\":\"https:\\\/\\\/avrupatv.eu\\\/index.php\\\/2025\\\/04\\\/21\\\/cezaevindeki-esila-ayik-bir-an-once-cikip-fotograf-projelerime-devam-etmek-istiyorum\\\/\",\"name\":\"Cezaevindeki Esila Ay\u0131k: 'Bir An \u00d6nce \u00c7\u0131k\u0131p Foto\u011fraf Projelerime Devam Etmek \u0130stiyorum - Avrupal\u0131 T\u00fcrklerin en Yeni Haber Portal\u0131\",\"isPartOf\":{\"@id\":\"https:\\\/\\\/avrupatv.eu\\\/#website\"},\"primaryImageOfPage\":{\"@id\":\"https:\\\/\\\/avrupatv.eu\\\/index.php\\\/2025\\\/04\\\/21\\\/cezaevindeki-esila-ayik-bir-an-once-cikip-fotograf-projelerime-devam-etmek-istiyorum\\\/#primaryimage\"},\"image\":{\"@id\":\"https:\\\/\\\/avrupatv.eu\\\/index.php\\\/2025\\\/04\\\/21\\\/cezaevindeki-esila-ayik-bir-an-once-cikip-fotograf-projelerime-devam-etmek-istiyorum\\\/#primaryimage\"},\"thumbnailUrl\":\"https:\\\/\\\/avrupatv.eu\\\/wp-content\\\/uploads\\\/2025\\\/04\\\/esila-ayik.jpg\",\"datePublished\":\"2025-04-21T17:15:19+00:00\",\"breadcrumb\":{\"@id\":\"https:\\\/\\\/avrupatv.eu\\\/index.php\\\/2025\\\/04\\\/21\\\/cezaevindeki-esila-ayik-bir-an-once-cikip-fotograf-projelerime-devam-etmek-istiyorum\\\/#breadcrumb\"},\"inLanguage\":\"tr\",\"potentialAction\":[{\"@type\":\"ReadAction\",\"target\":[\"https:\\\/\\\/avrupatv.eu\\\/index.php\\\/2025\\\/04\\\/21\\\/cezaevindeki-esila-ayik-bir-an-once-cikip-fotograf-projelerime-devam-etmek-istiyorum\\\/\"]}]},{\"@type\":\"ImageObject\",\"inLanguage\":\"tr\",\"@id\":\"https:\\\/\\\/avrupatv.eu\\\/index.php\\\/2025\\\/04\\\/21\\\/cezaevindeki-esila-ayik-bir-an-once-cikip-fotograf-projelerime-devam-etmek-istiyorum\\\/#primaryimage\",\"url\":\"https:\\\/\\\/avrupatv.eu\\\/wp-content\\\/uploads\\\/2025\\\/04\\\/esila-ayik.jpg\",\"contentUrl\":\"https:\\\/\\\/avrupatv.eu\\\/wp-content\\\/uploads\\\/2025\\\/04\\\/esila-ayik.jpg\",\"width\":840,\"height\":558},{\"@type\":\"BreadcrumbList\",\"@id\":\"https:\\\/\\\/avrupatv.eu\\\/index.php\\\/2025\\\/04\\\/21\\\/cezaevindeki-esila-ayik-bir-an-once-cikip-fotograf-projelerime-devam-etmek-istiyorum\\\/#breadcrumb\",\"itemListElement\":[{\"@type\":\"ListItem\",\"position\":1,\"name\":\"Anasayfa\",\"item\":\"https:\\\/\\\/avrupatv.eu\\\/\"},{\"@type\":\"ListItem\",\"position\":2,\"name\":\"Cezaevindeki Esila Ay\u0131k: &#8216;Bir An \u00d6nce \u00c7\u0131k\u0131p Foto\u011fraf Projelerime Devam Etmek \u0130stiyorum\"}]},{\"@type\":\"WebSite\",\"@id\":\"https:\\\/\\\/avrupatv.eu\\\/#website\",\"url\":\"https:\\\/\\\/avrupatv.eu\\\/\",\"name\":\"Avrupal\u0131 T\u00fcrklerin en Yeni Haber Portal\u0131\",\"description\":\"\",\"publisher\":{\"@id\":\"https:\\\/\\\/avrupatv.eu\\\/#organization\"},\"alternateName\":\"Avrupa tv\",\"potentialAction\":[{\"@type\":\"SearchAction\",\"target\":{\"@type\":\"EntryPoint\",\"urlTemplate\":\"https:\\\/\\\/avrupatv.eu\\\/?s={search_term_string}\"},\"query-input\":{\"@type\":\"PropertyValueSpecification\",\"valueRequired\":true,\"valueName\":\"search_term_string\"}}],\"inLanguage\":\"tr\"},{\"@type\":\"Organization\",\"@id\":\"https:\\\/\\\/avrupatv.eu\\\/#organization\",\"name\":\"Avrupa Haber\",\"url\":\"https:\\\/\\\/avrupatv.eu\\\/\",\"logo\":{\"@type\":\"ImageObject\",\"inLanguage\":\"tr\",\"@id\":\"https:\\\/\\\/avrupatv.eu\\\/#\\\/schema\\\/logo\\\/image\\\/\",\"url\":\"https:\\\/\\\/avrupatv.eu\\\/wp-content\\\/uploads\\\/2023\\\/10\\\/cropped-thumbnail_logo.png\",\"contentUrl\":\"https:\\\/\\\/avrupatv.eu\\\/wp-content\\\/uploads\\\/2023\\\/10\\\/cropped-thumbnail_logo.png\",\"width\":1025,\"height\":302,\"caption\":\"Avrupa Haber\"},\"image\":{\"@id\":\"https:\\\/\\\/avrupatv.eu\\\/#\\\/schema\\\/logo\\\/image\\\/\"}},{\"@type\":\"Person\",\"@id\":\"https:\\\/\\\/avrupatv.eu\\\/#\\\/schema\\\/person\\\/d56afa5d5569da4029d483da36c0c17d\",\"name\":\"Onur Akpinar\",\"image\":{\"@type\":\"ImageObject\",\"inLanguage\":\"tr\",\"@id\":\"https:\\\/\\\/secure.gravatar.com\\\/avatar\\\/67a1a0bdf34f82da209334e4684b7e7171a58a5a2b0a8f836b61044f5c1f5d6a?s=96&d=mm&r=g\",\"url\":\"https:\\\/\\\/secure.gravatar.com\\\/avatar\\\/67a1a0bdf34f82da209334e4684b7e7171a58a5a2b0a8f836b61044f5c1f5d6a?s=96&d=mm&r=g\",\"contentUrl\":\"https:\\\/\\\/secure.gravatar.com\\\/avatar\\\/67a1a0bdf34f82da209334e4684b7e7171a58a5a2b0a8f836b61044f5c1f5d6a?s=96&d=mm&r=g\",\"caption\":\"Onur Akpinar\"},\"url\":\"https:\\\/\\\/avrupatv.eu\\\/index.php\\\/author\\\/onur-akpinar\\\/\"}]}<\/script>\n<!-- \/ Yoast SEO plugin. -->","yoast_head_json":{"title":"Cezaevindeki Esila Ay\u0131k: 'Bir An \u00d6nce \u00c7\u0131k\u0131p Foto\u011fraf Projelerime Devam Etmek \u0130stiyorum - Avrupal\u0131 T\u00fcrklerin en Yeni Haber Portal\u0131","robots":{"index":"index","follow":"follow","max-snippet":"max-snippet:-1","max-image-preview":"max-image-preview:large","max-video-preview":"max-video-preview:-1"},"canonical":"https:\/\/avrupatv.eu\/index.php\/2025\/04\/21\/cezaevindeki-esila-ayik-bir-an-once-cikip-fotograf-projelerime-devam-etmek-istiyorum\/","og_locale":"tr_TR","og_type":"article","og_title":"Cezaevindeki Esila Ay\u0131k: 'Bir An \u00d6nce \u00c7\u0131k\u0131p Foto\u011fraf Projelerime Devam Etmek \u0130stiyorum - Avrupal\u0131 T\u00fcrklerin en Yeni Haber Portal\u0131","og_description":"\u0130stanbul B\u00fcy\u00fck\u015fehir Belediye Ba\u015fkan\u0131 Ekrem \u0130mamo\u011flu\u2019nun tutuklanmas\u0131n\u0131 protesto etmek amac\u0131yla kat\u0131ld\u0131\u011f\u0131 y\u00fcr\u00fcy\u00fc\u015fte g\u00f6zalt\u0131na al\u0131nan ve 13 g\u00fcnd\u00fcr Bak\u0131rk\u00f6y Kad\u0131n Kapal\u0131 Cezaevinde tutuklu olan Esila Ay\u0131k, sa\u011fl\u0131\u011f\u0131n\u0131n giderek k\u00f6t\u00fcye gitti\u011fini belirtti. Kalp ve b\u00f6brek hastas\u0131 olan Ay\u0131k, cezaevine girdi\u011fi g\u00fcnden beri sa\u011fl\u0131k sorunlar\u0131n\u0131n artt\u0131\u011f\u0131n\u0131 ve g\u00fcnl\u00fck ya\u015fam\u0131n\u0131 zorla\u015ft\u0131ran semptomlarla m\u00fccadele etti\u011fini ifade etti. Ay\u0131k, kazand\u0131\u011f\u0131 bursla [&hellip;]","og_url":"https:\/\/avrupatv.eu\/index.php\/2025\/04\/21\/cezaevindeki-esila-ayik-bir-an-once-cikip-fotograf-projelerime-devam-etmek-istiyorum\/","og_site_name":"Avrupal\u0131 T\u00fcrklerin en Yeni Haber Portal\u0131","article_published_time":"2025-04-21T17:15:19+00:00","og_image":[{"width":840,"height":558,"url":"https:\/\/avrupatv.eu\/wp-content\/uploads\/2025\/04\/esila-ayik.jpg","type":"image\/jpeg"}],"author":"Onur Akpinar","twitter_card":"summary_large_image","twitter_misc":{"Yazan:":"Onur Akpinar","Tahmini okuma s\u00fcresi":"2 dakika"},"schema":{"@context":"https:\/\/schema.org","@graph":[{"@type":"Article","@id":"https:\/\/avrupatv.eu\/index.php\/2025\/04\/21\/cezaevindeki-esila-ayik-bir-an-once-cikip-fotograf-projelerime-devam-etmek-istiyorum\/#article","isPartOf":{"@id":"https:\/\/avrupatv.eu\/index.php\/2025\/04\/21\/cezaevindeki-esila-ayik-bir-an-once-cikip-fotograf-projelerime-devam-etmek-istiyorum\/"},"author":{"name":"Onur Akpinar","@id":"https:\/\/avrupatv.eu\/#\/schema\/person\/d56afa5d5569da4029d483da36c0c17d"},"headline":"Cezaevindeki Esila Ay\u0131k: &#8216;Bir An \u00d6nce \u00c7\u0131k\u0131p Foto\u011fraf Projelerime Devam Etmek \u0130stiyorum","datePublished":"2025-04-21T17:15:19+00:00","mainEntityOfPage":{"@id":"https:\/\/avrupatv.eu\/index.php\/2025\/04\/21\/cezaevindeki-esila-ayik-bir-an-once-cikip-fotograf-projelerime-devam-etmek-istiyorum\/"},"wordCount":415,"commentCount":0,"publisher":{"@id":"https:\/\/avrupatv.eu\/#organization"},"image":{"@id":"https:\/\/avrupatv.eu\/index.php\/2025\/04\/21\/cezaevindeki-esila-ayik-bir-an-once-cikip-fotograf-projelerime-devam-etmek-istiyorum\/#primaryimage"},"thumbnailUrl":"https:\/\/avrupatv.eu\/wp-content\/uploads\/2025\/04\/esila-ayik.jpg","articleSection":["T\u00fcrkiye"],"inLanguage":"tr","potentialAction":[{"@type":"CommentAction","name":"Comment","target":["https:\/\/avrupatv.eu\/index.php\/2025\/04\/21\/cezaevindeki-esila-ayik-bir-an-once-cikip-fotograf-projelerime-devam-etmek-istiyorum\/#respond"]}]},{"@type":"WebPage","@id":"https:\/\/avrupatv.eu\/index.php\/2025\/04\/21\/cezaevindeki-esila-ayik-bir-an-once-cikip-fotograf-projelerime-devam-etmek-istiyorum\/","url":"https:\/\/avrupatv.eu\/index.php\/2025\/04\/21\/cezaevindeki-esila-ayik-bir-an-once-cikip-fotograf-projelerime-devam-etmek-istiyorum\/","name":"Cezaevindeki Esila Ay\u0131k: 'Bir An \u00d6nce \u00c7\u0131k\u0131p Foto\u011fraf Projelerime Devam Etmek \u0130stiyorum - Avrupal\u0131 T\u00fcrklerin en Yeni Haber Portal\u0131","isPartOf":{"@id":"https:\/\/avrupatv.eu\/#website"},"primaryImageOfPage":{"@id":"https:\/\/avrupatv.eu\/index.php\/2025\/04\/21\/cezaevindeki-esila-ayik-bir-an-once-cikip-fotograf-projelerime-devam-etmek-istiyorum\/#primaryimage"},"image":{"@id":"https:\/\/avrupatv.eu\/index.php\/2025\/04\/21\/cezaevindeki-esila-ayik-bir-an-once-cikip-fotograf-projelerime-devam-etmek-istiyorum\/#primaryimage"},"thumbnailUrl":"https:\/\/avrupatv.eu\/wp-content\/uploads\/2025\/04\/esila-ayik.jpg","datePublished":"2025-04-21T17:15:19+00:00","breadcrumb":{"@id":"https:\/\/avrupatv.eu\/index.php\/2025\/04\/21\/cezaevindeki-esila-ayik-bir-an-once-cikip-fotograf-projelerime-devam-etmek-istiyorum\/#breadcrumb"},"inLanguage":"tr","potentialAction":[{"@type":"ReadAction","target":["https:\/\/avrupatv.eu\/index.php\/2025\/04\/21\/cezaevindeki-esila-ayik-bir-an-once-cikip-fotograf-projelerime-devam-etmek-istiyorum\/"]}]},{"@type":"ImageObject","inLanguage":"tr","@id":"https:\/\/avrupatv.eu\/index.php\/2025\/04\/21\/cezaevindeki-esila-ayik-bir-an-once-cikip-fotograf-projelerime-devam-etmek-istiyorum\/#primaryimage","url":"https:\/\/avrupatv.eu\/wp-content\/uploads\/2025\/04\/esila-ayik.jpg","contentUrl":"https:\/\/avrupatv.eu\/wp-content\/uploads\/2025\/04\/esila-ayik.jpg","width":840,"height":558},{"@type":"BreadcrumbList","@id":"https:\/\/avrupatv.eu\/index.php\/2025\/04\/21\/cezaevindeki-esila-ayik-bir-an-once-cikip-fotograf-projelerime-devam-etmek-istiyorum\/#breadcrumb","itemListElement":[{"@type":"ListItem","position":1,"name":"Anasayfa","item":"https:\/\/avrupatv.eu\/"},{"@type":"ListItem","position":2,"name":"Cezaevindeki Esila Ay\u0131k: &#8216;Bir An \u00d6nce \u00c7\u0131k\u0131p Foto\u011fraf Projelerime Devam Etmek \u0130stiyorum"}]},{"@type":"WebSite","@id":"https:\/\/avrupatv.eu\/#website","url":"https:\/\/avrupatv.eu\/","name":"Avrupal\u0131 T\u00fcrklerin en Yeni Haber Portal\u0131","description":"","publisher":{"@id":"https:\/\/avrupatv.eu\/#organization"},"alternateName":"Avrupa tv","potentialAction":[{"@type":"SearchAction","target":{"@type":"EntryPoint","urlTemplate":"https:\/\/avrupatv.eu\/?s={search_term_string}"},"query-input":{"@type":"PropertyValueSpecification","valueRequired":true,"valueName":"search_term_string"}}],"inLanguage":"tr"},{"@type":"Organization","@id":"https:\/\/avrupatv.eu\/#organization","name":"Avrupa Haber","url":"https:\/\/avrupatv.eu\/","logo":{"@type":"ImageObject","inLanguage":"tr","@id":"https:\/\/avrupatv.eu\/#\/schema\/logo\/image\/","url":"https:\/\/avrupatv.eu\/wp-content\/uploads\/2023\/10\/cropped-thumbnail_logo.png","contentUrl":"https:\/\/avrupatv.eu\/wp-content\/uploads\/2023\/10\/cropped-thumbnail_logo.png","width":1025,"height":302,"caption":"Avrupa Haber"},"image":{"@id":"https:\/\/avrupatv.eu\/#\/schema\/logo\/image\/"}},{"@type":"Person","@id":"https:\/\/avrupatv.eu\/#\/schema\/person\/d56afa5d5569da4029d483da36c0c17d","name":"Onur Akpinar","image":{"@type":"ImageObject","inLanguage":"tr","@id":"https:\/\/secure.gravatar.com\/avatar\/67a1a0bdf34f82da209334e4684b7e7171a58a5a2b0a8f836b61044f5c1f5d6a?s=96&d=mm&r=g","url":"https:\/\/secure.gravatar.com\/avatar\/67a1a0bdf34f82da209334e4684b7e7171a58a5a2b0a8f836b61044f5c1f5d6a?s=96&d=mm&r=g","contentUrl":"https:\/\/secure.gravatar.com\/avatar\/67a1a0bdf34f82da209334e4684b7e7171a58a5a2b0a8f836b61044f5c1f5d6a?s=96&d=mm&r=g","caption":"Onur Akpinar"},"url":"https:\/\/avrupatv.eu\/index.php\/author\/onur-akpinar\/"}]}},"_links":{"self":[{"href":"https:\/\/avrupatv.eu\/index.php\/wp-json\/wp\/v2\/posts\/1072","targetHints":{"allow":["GET"]}}],"collection":[{"href":"https:\/\/avrupatv.eu\/index.php\/wp-json\/wp\/v2\/posts"}],"about":[{"href":"https:\/\/avrupatv.eu\/index.php\/wp-json\/wp\/v2\/types\/post"}],"author":[{"embeddable":true,"href":"https:\/\/avrupatv.eu\/index.php\/wp-json\/wp\/v2\/users\/2"}],"replies":[{"embeddable":true,"href":"https:\/\/avrupatv.eu\/index.php\/wp-json\/wp\/v2\/comments?post=1072"}],"version-history":[{"count":1,"href":"https:\/\/avrupatv.eu\/index.php\/wp-json\/wp\/v2\/posts\/1072\/revisions"}],"predecessor-version":[{"id":1074,"href":"https:\/\/avrupatv.eu\/index.php\/wp-json\/wp\/v2\/posts\/1072\/revisions\/1074"}],"wp:featuredmedia":[{"embeddable":true,"href":"https:\/\/avrupatv.eu\/index.php\/wp-json\/wp\/v2\/media\/1073"}],"wp:attachment":[{"href":"https:\/\/avrupatv.eu\/index.php\/wp-json\/wp\/v2\/media?parent=1072"}],"wp:term":[{"taxonomy":"category","embeddable":true,"href":"https:\/\/avrupatv.eu\/index.php\/wp-json\/wp\/v2\/categories?post=1072"},{"taxonomy":"post_tag","embeddable":true,"href":"https:\/\/avrupatv.eu\/index.php\/wp-json\/wp\/v2\/tags?post=1072"}],"curies":[{"name":"wp","href":"https:\/\/api.w.org\/{rel}","templated":true}]}}