{"id":1066,"date":"2025-04-20T15:29:05","date_gmt":"2025-04-20T15:29:05","guid":{"rendered":"https:\/\/avrupatv.eu\/?p=1066"},"modified":"2025-04-20T15:29:06","modified_gmt":"2025-04-20T15:29:06","slug":"ozgur-ozelden-hem-kibris-mesaji-hem-imamogluna-sahiplenme-kimse-bizim-evlatlarimiza-dil-uzatamaz","status":"publish","type":"post","link":"https:\/\/avrupatv.eu\/index.php\/2025\/04\/20\/ozgur-ozelden-hem-kibris-mesaji-hem-imamogluna-sahiplenme-kimse-bizim-evlatlarimiza-dil-uzatamaz\/","title":{"rendered":"\u00d6zg\u00fcr \u00d6zel&#8217;den Hem K\u0131br\u0131s Mesaj\u0131 Hem \u0130mamo\u011flu&#8217;na Sahiplenme: \u201cKimse Bizim Evlatlar\u0131m\u0131za Dil Uzatamaz\u201d"},"content":{"rendered":"\n<p><strong>CHP Genel Ba\u015fkan\u0131 \u00d6zg\u00fcr \u00d6zel<\/strong>, partisinin Yozgat\u2019ta d\u00fczenledi\u011fi \u201cMillet \u0130radesine Sahip \u00c7\u0131k\u0131yor\u201d mitinginde yapt\u0131\u011f\u0131 konu\u015fmayla g\u00fcndeme damga vurdu. \u00d6zel, hem d\u0131\u015f politikada Kuzey K\u0131br\u0131s T\u00fcrk Cumhuriyeti (KKTC) ile ilgili \u00f6nemli mesajlar verdi hem de \u0130stanbul B\u00fcy\u00fck\u015fehir Belediye Ba\u015fkan\u0131 Ekrem \u0130mamo\u011flu\u2019na sahip \u00e7\u0131karak, iktidara sert ele\u015ftiriler y\u00f6neltti.<\/p>\n\n\n\n<p>\ud83d\udd34 <strong>\u201cK\u0131br\u0131s T\u00fcrk\u2019t\u00fcr, T\u00fcrk Kalacakt\u0131r!\u201d<\/strong><\/p>\n\n\n\n<p>Konu\u015fmas\u0131n\u0131n bir b\u00f6l\u00fcm\u00fcnde Kuzey K\u0131br\u0131s\u2019a de\u011finen \u00d6zel, KKTC\u2019nin stat\u00fcs\u00fcne y\u00f6nelik uluslararas\u0131 bask\u0131lara tepki g\u00f6sterdi. \u201cKimse bize K\u0131br\u0131s konusunda parmak sallayamaz. K\u0131br\u0131s T\u00fcrk\u2019t\u00fcr, T\u00fcrk kalacakt\u0131r. Biz bar\u0131\u015f\u0131n, karde\u015fli\u011fin yan\u0131nday\u0131z ama bir milim geri ad\u0131m atmay\u0131z,\u201d ifadelerini kulland\u0131. Bu a\u00e7\u0131klama, d\u0131\u015f politika tart\u0131\u015fmalar\u0131n\u0131n k\u0131z\u0131\u015ft\u0131\u011f\u0131 bir d\u00f6nemde dikkat \u00e7ekici bir \u00e7\u0131k\u0131\u015f olarak de\u011ferlendirildi.<\/p>\n\n\n\n<p>\ud83d\udd35 <strong>\u201cEkrem \u0130mamo\u011flu\u2019nu Ezmek \u0130stiyorlar, \u0130zin Vermeyece\u011fiz\u201d<\/strong><\/p>\n\n\n\n<p>\u00d6zel, konu\u015fmas\u0131nda Ekrem \u0130mamo\u011flu\u2019na y\u00f6neltilen bask\u0131lara da de\u011finerek, yerel se\u00e7imlerden sonra \u0130mamo\u011flu\u2019na destek veren \u00e7ift\u00e7ilere kesilen cezalar\u0131 ele\u015ftirdi. \u201c\u0130mamo\u011flu\u2019nu ezmek istiyorlar. Trakt\u00f6rleriyle destek veren \u00e7ift\u00e7ilere ceza ya\u011fd\u0131r\u0131yorlar. Ama o cezalar\u0131 CHP olarak biz \u00fcstleniyoruz,\u201d dedi. Halk\u0131n iradesine sahip \u00e7\u0131kt\u0131klar\u0131n\u0131 ve \u0130mamo\u011flu\u2019nun yaln\u0131z olmad\u0131\u011f\u0131n\u0131 vurgulayan \u00d6zel, \u201c\u0130stanbul\u2019un evlad\u0131na kimse dil uzatamaz,\u201d diye konu\u015ftu.<\/p>\n\n\n\n<p>\ud83c\udfa4 <strong>Yo\u011fun Kat\u0131l\u0131m, Dikkat \u00c7eken Detaylar<\/strong><\/p>\n\n\n\n<p>Mitinge binlerce ki\u015fi kat\u0131l\u0131rken, \u00e7ift\u00e7ilerin trakt\u00f6rleriyle kortej olu\u015fturmas\u0131 ve miting alan\u0131na bu \u015fekilde gelmesi dikkat \u00e7ekti. Bu sembolik hareket, hem h\u00fck\u00fcmete kar\u015f\u0131 bir protesto hem de \u0130mamo\u011flu&#8217;na destek mesaj\u0131 olarak yorumland\u0131.<\/p>\n","protected":false},"excerpt":{"rendered":"<p>CHP Genel Ba\u015fkan\u0131 \u00d6zg\u00fcr \u00d6zel, partisinin Yozgat\u2019ta d\u00fczenledi\u011fi \u201cMillet \u0130radesine Sahip \u00c7\u0131k\u0131yor\u201d mitinginde yapt\u0131\u011f\u0131 konu\u015fmayla g\u00fcndeme damga vurdu. \u00d6zel, hem d\u0131\u015f politikada Kuzey K\u0131br\u0131s T\u00fcrk Cumhuriyeti (KKTC) ile ilgili \u00f6nemli mesajlar verdi hem de \u0130stanbul B\u00fcy\u00fck\u015fehir Belediye Ba\u015fkan\u0131 Ekrem \u0130mamo\u011flu\u2019na sahip \u00e7\u0131karak, iktidara sert ele\u015ftiriler y\u00f6neltti. \ud83d\udd34 \u201cK\u0131br\u0131s T\u00fcrk\u2019t\u00fcr, T\u00fcrk Kalacakt\u0131r!\u201d Konu\u015fmas\u0131n\u0131n bir b\u00f6l\u00fcm\u00fcnde Kuzey [&hellip;]<\/p>\n","protected":false},"author":2,"featured_media":1067,"comment_status":"open","ping_status":"open","sticky":false,"template":"","format":"standard","meta":{"footnotes":""},"categories":[11],"tags":[],"class_list":["post-1066","post","type-post","status-publish","format-standard","has-post-thumbnail","hentry","category-turkiye"],"yoast_head":"<!-- This site is optimized with the Yoast SEO plugin v27.4 - https:\/\/yoast.com\/product\/yoast-seo-wordpress\/ -->\n<title>\u00d6zg\u00fcr \u00d6zel&#039;den Hem K\u0131br\u0131s Mesaj\u0131 Hem \u0130mamo\u011flu&#039;na Sahiplenme: \u201cKimse Bizim Evlatlar\u0131m\u0131za Dil Uzatamaz\u201d - Avrupal\u0131 T\u00fcrklerin en Yeni Haber Portal\u0131<\/title>\n<meta name=\"robots\" content=\"index, follow, max-snippet:-1, max-image-preview:large, max-video-preview:-1\" \/>\n<link rel=\"canonical\" href=\"https:\/\/avrupatv.eu\/index.php\/2025\/04\/20\/ozgur-ozelden-hem-kibris-mesaji-hem-imamogluna-sahiplenme-kimse-bizim-evlatlarimiza-dil-uzatamaz\/\" \/>\n<meta property=\"og:locale\" content=\"tr_TR\" \/>\n<meta property=\"og:type\" content=\"article\" \/>\n<meta property=\"og:title\" content=\"\u00d6zg\u00fcr \u00d6zel&#039;den Hem K\u0131br\u0131s Mesaj\u0131 Hem \u0130mamo\u011flu&#039;na Sahiplenme: \u201cKimse Bizim Evlatlar\u0131m\u0131za Dil Uzatamaz\u201d - Avrupal\u0131 T\u00fcrklerin en Yeni Haber Portal\u0131\" \/>\n<meta property=\"og:description\" content=\"CHP Genel Ba\u015fkan\u0131 \u00d6zg\u00fcr \u00d6zel, partisinin Yozgat\u2019ta d\u00fczenledi\u011fi \u201cMillet \u0130radesine Sahip \u00c7\u0131k\u0131yor\u201d mitinginde yapt\u0131\u011f\u0131 konu\u015fmayla g\u00fcndeme damga vurdu. \u00d6zel, hem d\u0131\u015f politikada Kuzey K\u0131br\u0131s T\u00fcrk Cumhuriyeti (KKTC) ile ilgili \u00f6nemli mesajlar verdi hem de \u0130stanbul B\u00fcy\u00fck\u015fehir Belediye Ba\u015fkan\u0131 Ekrem \u0130mamo\u011flu\u2019na sahip \u00e7\u0131karak, iktidara sert ele\u015ftiriler y\u00f6neltti. \ud83d\udd34 \u201cK\u0131br\u0131s T\u00fcrk\u2019t\u00fcr, T\u00fcrk Kalacakt\u0131r!\u201d Konu\u015fmas\u0131n\u0131n bir b\u00f6l\u00fcm\u00fcnde Kuzey [&hellip;]\" \/>\n<meta property=\"og:url\" content=\"https:\/\/avrupatv.eu\/index.php\/2025\/04\/20\/ozgur-ozelden-hem-kibris-mesaji-hem-imamogluna-sahiplenme-kimse-bizim-evlatlarimiza-dil-uzatamaz\/\" \/>\n<meta property=\"og:site_name\" content=\"Avrupal\u0131 T\u00fcrklerin en Yeni Haber Portal\u0131\" \/>\n<meta property=\"article:published_time\" content=\"2025-04-20T15:29:05+00:00\" \/>\n<meta property=\"article:modified_time\" content=\"2025-04-20T15:29:06+00:00\" \/>\n<meta property=\"og:image\" content=\"https:\/\/avrupatv.eu\/wp-content\/uploads\/2025\/04\/ozgur-ozel.jpg\" \/>\n\t<meta property=\"og:image:width\" content=\"1600\" \/>\n\t<meta property=\"og:image:height\" content=\"1066\" \/>\n\t<meta property=\"og:image:type\" content=\"image\/jpeg\" \/>\n<meta name=\"author\" content=\"Onur Akpinar\" \/>\n<meta name=\"twitter:card\" content=\"summary_large_image\" \/>\n<meta name=\"twitter:label1\" content=\"Yazan:\" \/>\n\t<meta name=\"twitter:data1\" content=\"Onur Akpinar\" \/>\n\t<meta name=\"twitter:label2\" content=\"Tahmini okuma s\u00fcresi\" \/>\n\t<meta name=\"twitter:data2\" content=\"2 dakika\" \/>\n<script type=\"application\/ld+json\" class=\"yoast-schema-graph\">{\"@context\":\"https:\\\/\\\/schema.org\",\"@graph\":[{\"@type\":\"Article\",\"@id\":\"https:\\\/\\\/avrupatv.eu\\\/index.php\\\/2025\\\/04\\\/20\\\/ozgur-ozelden-hem-kibris-mesaji-hem-imamogluna-sahiplenme-kimse-bizim-evlatlarimiza-dil-uzatamaz\\\/#article\",\"isPartOf\":{\"@id\":\"https:\\\/\\\/avrupatv.eu\\\/index.php\\\/2025\\\/04\\\/20\\\/ozgur-ozelden-hem-kibris-mesaji-hem-imamogluna-sahiplenme-kimse-bizim-evlatlarimiza-dil-uzatamaz\\\/\"},\"author\":{\"name\":\"Onur Akpinar\",\"@id\":\"https:\\\/\\\/avrupatv.eu\\\/#\\\/schema\\\/person\\\/d56afa5d5569da4029d483da36c0c17d\"},\"headline\":\"\u00d6zg\u00fcr \u00d6zel&#8217;den Hem K\u0131br\u0131s Mesaj\u0131 Hem \u0130mamo\u011flu&#8217;na Sahiplenme: \u201cKimse Bizim Evlatlar\u0131m\u0131za Dil Uzatamaz\u201d\",\"datePublished\":\"2025-04-20T15:29:05+00:00\",\"dateModified\":\"2025-04-20T15:29:06+00:00\",\"mainEntityOfPage\":{\"@id\":\"https:\\\/\\\/avrupatv.eu\\\/index.php\\\/2025\\\/04\\\/20\\\/ozgur-ozelden-hem-kibris-mesaji-hem-imamogluna-sahiplenme-kimse-bizim-evlatlarimiza-dil-uzatamaz\\\/\"},\"wordCount\":327,\"commentCount\":0,\"publisher\":{\"@id\":\"https:\\\/\\\/avrupatv.eu\\\/#organization\"},\"image\":{\"@id\":\"https:\\\/\\\/avrupatv.eu\\\/index.php\\\/2025\\\/04\\\/20\\\/ozgur-ozelden-hem-kibris-mesaji-hem-imamogluna-sahiplenme-kimse-bizim-evlatlarimiza-dil-uzatamaz\\\/#primaryimage\"},\"thumbnailUrl\":\"https:\\\/\\\/avrupatv.eu\\\/wp-content\\\/uploads\\\/2025\\\/04\\\/ozgur-ozel.jpg\",\"articleSection\":[\"T\u00fcrkiye\"],\"inLanguage\":\"tr\",\"potentialAction\":[{\"@type\":\"CommentAction\",\"name\":\"Comment\",\"target\":[\"https:\\\/\\\/avrupatv.eu\\\/index.php\\\/2025\\\/04\\\/20\\\/ozgur-ozelden-hem-kibris-mesaji-hem-imamogluna-sahiplenme-kimse-bizim-evlatlarimiza-dil-uzatamaz\\\/#respond\"]}]},{\"@type\":\"WebPage\",\"@id\":\"https:\\\/\\\/avrupatv.eu\\\/index.php\\\/2025\\\/04\\\/20\\\/ozgur-ozelden-hem-kibris-mesaji-hem-imamogluna-sahiplenme-kimse-bizim-evlatlarimiza-dil-uzatamaz\\\/\",\"url\":\"https:\\\/\\\/avrupatv.eu\\\/index.php\\\/2025\\\/04\\\/20\\\/ozgur-ozelden-hem-kibris-mesaji-hem-imamogluna-sahiplenme-kimse-bizim-evlatlarimiza-dil-uzatamaz\\\/\",\"name\":\"\u00d6zg\u00fcr \u00d6zel'den Hem K\u0131br\u0131s Mesaj\u0131 Hem \u0130mamo\u011flu'na Sahiplenme: \u201cKimse Bizim Evlatlar\u0131m\u0131za Dil Uzatamaz\u201d - Avrupal\u0131 T\u00fcrklerin en Yeni Haber Portal\u0131\",\"isPartOf\":{\"@id\":\"https:\\\/\\\/avrupatv.eu\\\/#website\"},\"primaryImageOfPage\":{\"@id\":\"https:\\\/\\\/avrupatv.eu\\\/index.php\\\/2025\\\/04\\\/20\\\/ozgur-ozelden-hem-kibris-mesaji-hem-imamogluna-sahiplenme-kimse-bizim-evlatlarimiza-dil-uzatamaz\\\/#primaryimage\"},\"image\":{\"@id\":\"https:\\\/\\\/avrupatv.eu\\\/index.php\\\/2025\\\/04\\\/20\\\/ozgur-ozelden-hem-kibris-mesaji-hem-imamogluna-sahiplenme-kimse-bizim-evlatlarimiza-dil-uzatamaz\\\/#primaryimage\"},\"thumbnailUrl\":\"https:\\\/\\\/avrupatv.eu\\\/wp-content\\\/uploads\\\/2025\\\/04\\\/ozgur-ozel.jpg\",\"datePublished\":\"2025-04-20T15:29:05+00:00\",\"dateModified\":\"2025-04-20T15:29:06+00:00\",\"breadcrumb\":{\"@id\":\"https:\\\/\\\/avrupatv.eu\\\/index.php\\\/2025\\\/04\\\/20\\\/ozgur-ozelden-hem-kibris-mesaji-hem-imamogluna-sahiplenme-kimse-bizim-evlatlarimiza-dil-uzatamaz\\\/#breadcrumb\"},\"inLanguage\":\"tr\",\"potentialAction\":[{\"@type\":\"ReadAction\",\"target\":[\"https:\\\/\\\/avrupatv.eu\\\/index.php\\\/2025\\\/04\\\/20\\\/ozgur-ozelden-hem-kibris-mesaji-hem-imamogluna-sahiplenme-kimse-bizim-evlatlarimiza-dil-uzatamaz\\\/\"]}]},{\"@type\":\"ImageObject\",\"inLanguage\":\"tr\",\"@id\":\"https:\\\/\\\/avrupatv.eu\\\/index.php\\\/2025\\\/04\\\/20\\\/ozgur-ozelden-hem-kibris-mesaji-hem-imamogluna-sahiplenme-kimse-bizim-evlatlarimiza-dil-uzatamaz\\\/#primaryimage\",\"url\":\"https:\\\/\\\/avrupatv.eu\\\/wp-content\\\/uploads\\\/2025\\\/04\\\/ozgur-ozel.jpg\",\"contentUrl\":\"https:\\\/\\\/avrupatv.eu\\\/wp-content\\\/uploads\\\/2025\\\/04\\\/ozgur-ozel.jpg\",\"width\":1600,\"height\":1066},{\"@type\":\"BreadcrumbList\",\"@id\":\"https:\\\/\\\/avrupatv.eu\\\/index.php\\\/2025\\\/04\\\/20\\\/ozgur-ozelden-hem-kibris-mesaji-hem-imamogluna-sahiplenme-kimse-bizim-evlatlarimiza-dil-uzatamaz\\\/#breadcrumb\",\"itemListElement\":[{\"@type\":\"ListItem\",\"position\":1,\"name\":\"Anasayfa\",\"item\":\"https:\\\/\\\/avrupatv.eu\\\/\"},{\"@type\":\"ListItem\",\"position\":2,\"name\":\"\u00d6zg\u00fcr \u00d6zel&#8217;den Hem K\u0131br\u0131s Mesaj\u0131 Hem \u0130mamo\u011flu&#8217;na Sahiplenme: \u201cKimse Bizim Evlatlar\u0131m\u0131za Dil Uzatamaz\u201d\"}]},{\"@type\":\"WebSite\",\"@id\":\"https:\\\/\\\/avrupatv.eu\\\/#website\",\"url\":\"https:\\\/\\\/avrupatv.eu\\\/\",\"name\":\"Avrupal\u0131 T\u00fcrklerin en Yeni Haber Portal\u0131\",\"description\":\"\",\"publisher\":{\"@id\":\"https:\\\/\\\/avrupatv.eu\\\/#organization\"},\"alternateName\":\"Avrupa tv\",\"potentialAction\":[{\"@type\":\"SearchAction\",\"target\":{\"@type\":\"EntryPoint\",\"urlTemplate\":\"https:\\\/\\\/avrupatv.eu\\\/?s={search_term_string}\"},\"query-input\":{\"@type\":\"PropertyValueSpecification\",\"valueRequired\":true,\"valueName\":\"search_term_string\"}}],\"inLanguage\":\"tr\"},{\"@type\":\"Organization\",\"@id\":\"https:\\\/\\\/avrupatv.eu\\\/#organization\",\"name\":\"Avrupa Haber\",\"url\":\"https:\\\/\\\/avrupatv.eu\\\/\",\"logo\":{\"@type\":\"ImageObject\",\"inLanguage\":\"tr\",\"@id\":\"https:\\\/\\\/avrupatv.eu\\\/#\\\/schema\\\/logo\\\/image\\\/\",\"url\":\"https:\\\/\\\/avrupatv.eu\\\/wp-content\\\/uploads\\\/2023\\\/10\\\/cropped-thumbnail_logo.png\",\"contentUrl\":\"https:\\\/\\\/avrupatv.eu\\\/wp-content\\\/uploads\\\/2023\\\/10\\\/cropped-thumbnail_logo.png\",\"width\":1025,\"height\":302,\"caption\":\"Avrupa Haber\"},\"image\":{\"@id\":\"https:\\\/\\\/avrupatv.eu\\\/#\\\/schema\\\/logo\\\/image\\\/\"}},{\"@type\":\"Person\",\"@id\":\"https:\\\/\\\/avrupatv.eu\\\/#\\\/schema\\\/person\\\/d56afa5d5569da4029d483da36c0c17d\",\"name\":\"Onur Akpinar\",\"image\":{\"@type\":\"ImageObject\",\"inLanguage\":\"tr\",\"@id\":\"https:\\\/\\\/secure.gravatar.com\\\/avatar\\\/67a1a0bdf34f82da209334e4684b7e7171a58a5a2b0a8f836b61044f5c1f5d6a?s=96&d=mm&r=g\",\"url\":\"https:\\\/\\\/secure.gravatar.com\\\/avatar\\\/67a1a0bdf34f82da209334e4684b7e7171a58a5a2b0a8f836b61044f5c1f5d6a?s=96&d=mm&r=g\",\"contentUrl\":\"https:\\\/\\\/secure.gravatar.com\\\/avatar\\\/67a1a0bdf34f82da209334e4684b7e7171a58a5a2b0a8f836b61044f5c1f5d6a?s=96&d=mm&r=g\",\"caption\":\"Onur Akpinar\"},\"url\":\"https:\\\/\\\/avrupatv.eu\\\/index.php\\\/author\\\/onur-akpinar\\\/\"}]}<\/script>\n<!-- \/ Yoast SEO plugin. -->","yoast_head_json":{"title":"\u00d6zg\u00fcr \u00d6zel'den Hem K\u0131br\u0131s Mesaj\u0131 Hem \u0130mamo\u011flu'na Sahiplenme: \u201cKimse Bizim Evlatlar\u0131m\u0131za Dil Uzatamaz\u201d - Avrupal\u0131 T\u00fcrklerin en Yeni Haber Portal\u0131","robots":{"index":"index","follow":"follow","max-snippet":"max-snippet:-1","max-image-preview":"max-image-preview:large","max-video-preview":"max-video-preview:-1"},"canonical":"https:\/\/avrupatv.eu\/index.php\/2025\/04\/20\/ozgur-ozelden-hem-kibris-mesaji-hem-imamogluna-sahiplenme-kimse-bizim-evlatlarimiza-dil-uzatamaz\/","og_locale":"tr_TR","og_type":"article","og_title":"\u00d6zg\u00fcr \u00d6zel'den Hem K\u0131br\u0131s Mesaj\u0131 Hem \u0130mamo\u011flu'na Sahiplenme: \u201cKimse Bizim Evlatlar\u0131m\u0131za Dil Uzatamaz\u201d - Avrupal\u0131 T\u00fcrklerin en Yeni Haber Portal\u0131","og_description":"CHP Genel Ba\u015fkan\u0131 \u00d6zg\u00fcr \u00d6zel, partisinin Yozgat\u2019ta d\u00fczenledi\u011fi \u201cMillet \u0130radesine Sahip \u00c7\u0131k\u0131yor\u201d mitinginde yapt\u0131\u011f\u0131 konu\u015fmayla g\u00fcndeme damga vurdu. \u00d6zel, hem d\u0131\u015f politikada Kuzey K\u0131br\u0131s T\u00fcrk Cumhuriyeti (KKTC) ile ilgili \u00f6nemli mesajlar verdi hem de \u0130stanbul B\u00fcy\u00fck\u015fehir Belediye Ba\u015fkan\u0131 Ekrem \u0130mamo\u011flu\u2019na sahip \u00e7\u0131karak, iktidara sert ele\u015ftiriler y\u00f6neltti. \ud83d\udd34 \u201cK\u0131br\u0131s T\u00fcrk\u2019t\u00fcr, T\u00fcrk Kalacakt\u0131r!\u201d Konu\u015fmas\u0131n\u0131n bir b\u00f6l\u00fcm\u00fcnde Kuzey [&hellip;]","og_url":"https:\/\/avrupatv.eu\/index.php\/2025\/04\/20\/ozgur-ozelden-hem-kibris-mesaji-hem-imamogluna-sahiplenme-kimse-bizim-evlatlarimiza-dil-uzatamaz\/","og_site_name":"Avrupal\u0131 T\u00fcrklerin en Yeni Haber Portal\u0131","article_published_time":"2025-04-20T15:29:05+00:00","article_modified_time":"2025-04-20T15:29:06+00:00","og_image":[{"width":1600,"height":1066,"url":"https:\/\/avrupatv.eu\/wp-content\/uploads\/2025\/04\/ozgur-ozel.jpg","type":"image\/jpeg"}],"author":"Onur Akpinar","twitter_card":"summary_large_image","twitter_misc":{"Yazan:":"Onur Akpinar","Tahmini okuma s\u00fcresi":"2 dakika"},"schema":{"@context":"https:\/\/schema.org","@graph":[{"@type":"Article","@id":"https:\/\/avrupatv.eu\/index.php\/2025\/04\/20\/ozgur-ozelden-hem-kibris-mesaji-hem-imamogluna-sahiplenme-kimse-bizim-evlatlarimiza-dil-uzatamaz\/#article","isPartOf":{"@id":"https:\/\/avrupatv.eu\/index.php\/2025\/04\/20\/ozgur-ozelden-hem-kibris-mesaji-hem-imamogluna-sahiplenme-kimse-bizim-evlatlarimiza-dil-uzatamaz\/"},"author":{"name":"Onur Akpinar","@id":"https:\/\/avrupatv.eu\/#\/schema\/person\/d56afa5d5569da4029d483da36c0c17d"},"headline":"\u00d6zg\u00fcr \u00d6zel&#8217;den Hem K\u0131br\u0131s Mesaj\u0131 Hem \u0130mamo\u011flu&#8217;na Sahiplenme: \u201cKimse Bizim Evlatlar\u0131m\u0131za Dil Uzatamaz\u201d","datePublished":"2025-04-20T15:29:05+00:00","dateModified":"2025-04-20T15:29:06+00:00","mainEntityOfPage":{"@id":"https:\/\/avrupatv.eu\/index.php\/2025\/04\/20\/ozgur-ozelden-hem-kibris-mesaji-hem-imamogluna-sahiplenme-kimse-bizim-evlatlarimiza-dil-uzatamaz\/"},"wordCount":327,"commentCount":0,"publisher":{"@id":"https:\/\/avrupatv.eu\/#organization"},"image":{"@id":"https:\/\/avrupatv.eu\/index.php\/2025\/04\/20\/ozgur-ozelden-hem-kibris-mesaji-hem-imamogluna-sahiplenme-kimse-bizim-evlatlarimiza-dil-uzatamaz\/#primaryimage"},"thumbnailUrl":"https:\/\/avrupatv.eu\/wp-content\/uploads\/2025\/04\/ozgur-ozel.jpg","articleSection":["T\u00fcrkiye"],"inLanguage":"tr","potentialAction":[{"@type":"CommentAction","name":"Comment","target":["https:\/\/avrupatv.eu\/index.php\/2025\/04\/20\/ozgur-ozelden-hem-kibris-mesaji-hem-imamogluna-sahiplenme-kimse-bizim-evlatlarimiza-dil-uzatamaz\/#respond"]}]},{"@type":"WebPage","@id":"https:\/\/avrupatv.eu\/index.php\/2025\/04\/20\/ozgur-ozelden-hem-kibris-mesaji-hem-imamogluna-sahiplenme-kimse-bizim-evlatlarimiza-dil-uzatamaz\/","url":"https:\/\/avrupatv.eu\/index.php\/2025\/04\/20\/ozgur-ozelden-hem-kibris-mesaji-hem-imamogluna-sahiplenme-kimse-bizim-evlatlarimiza-dil-uzatamaz\/","name":"\u00d6zg\u00fcr \u00d6zel'den Hem K\u0131br\u0131s Mesaj\u0131 Hem \u0130mamo\u011flu'na Sahiplenme: \u201cKimse Bizim Evlatlar\u0131m\u0131za Dil Uzatamaz\u201d - Avrupal\u0131 T\u00fcrklerin en Yeni Haber Portal\u0131","isPartOf":{"@id":"https:\/\/avrupatv.eu\/#website"},"primaryImageOfPage":{"@id":"https:\/\/avrupatv.eu\/index.php\/2025\/04\/20\/ozgur-ozelden-hem-kibris-mesaji-hem-imamogluna-sahiplenme-kimse-bizim-evlatlarimiza-dil-uzatamaz\/#primaryimage"},"image":{"@id":"https:\/\/avrupatv.eu\/index.php\/2025\/04\/20\/ozgur-ozelden-hem-kibris-mesaji-hem-imamogluna-sahiplenme-kimse-bizim-evlatlarimiza-dil-uzatamaz\/#primaryimage"},"thumbnailUrl":"https:\/\/avrupatv.eu\/wp-content\/uploads\/2025\/04\/ozgur-ozel.jpg","datePublished":"2025-04-20T15:29:05+00:00","dateModified":"2025-04-20T15:29:06+00:00","breadcrumb":{"@id":"https:\/\/avrupatv.eu\/index.php\/2025\/04\/20\/ozgur-ozelden-hem-kibris-mesaji-hem-imamogluna-sahiplenme-kimse-bizim-evlatlarimiza-dil-uzatamaz\/#breadcrumb"},"inLanguage":"tr","potentialAction":[{"@type":"ReadAction","target":["https:\/\/avrupatv.eu\/index.php\/2025\/04\/20\/ozgur-ozelden-hem-kibris-mesaji-hem-imamogluna-sahiplenme-kimse-bizim-evlatlarimiza-dil-uzatamaz\/"]}]},{"@type":"ImageObject","inLanguage":"tr","@id":"https:\/\/avrupatv.eu\/index.php\/2025\/04\/20\/ozgur-ozelden-hem-kibris-mesaji-hem-imamogluna-sahiplenme-kimse-bizim-evlatlarimiza-dil-uzatamaz\/#primaryimage","url":"https:\/\/avrupatv.eu\/wp-content\/uploads\/2025\/04\/ozgur-ozel.jpg","contentUrl":"https:\/\/avrupatv.eu\/wp-content\/uploads\/2025\/04\/ozgur-ozel.jpg","width":1600,"height":1066},{"@type":"BreadcrumbList","@id":"https:\/\/avrupatv.eu\/index.php\/2025\/04\/20\/ozgur-ozelden-hem-kibris-mesaji-hem-imamogluna-sahiplenme-kimse-bizim-evlatlarimiza-dil-uzatamaz\/#breadcrumb","itemListElement":[{"@type":"ListItem","position":1,"name":"Anasayfa","item":"https:\/\/avrupatv.eu\/"},{"@type":"ListItem","position":2,"name":"\u00d6zg\u00fcr \u00d6zel&#8217;den Hem K\u0131br\u0131s Mesaj\u0131 Hem \u0130mamo\u011flu&#8217;na Sahiplenme: \u201cKimse Bizim Evlatlar\u0131m\u0131za Dil Uzatamaz\u201d"}]},{"@type":"WebSite","@id":"https:\/\/avrupatv.eu\/#website","url":"https:\/\/avrupatv.eu\/","name":"Avrupal\u0131 T\u00fcrklerin en Yeni Haber Portal\u0131","description":"","publisher":{"@id":"https:\/\/avrupatv.eu\/#organization"},"alternateName":"Avrupa tv","potentialAction":[{"@type":"SearchAction","target":{"@type":"EntryPoint","urlTemplate":"https:\/\/avrupatv.eu\/?s={search_term_string}"},"query-input":{"@type":"PropertyValueSpecification","valueRequired":true,"valueName":"search_term_string"}}],"inLanguage":"tr"},{"@type":"Organization","@id":"https:\/\/avrupatv.eu\/#organization","name":"Avrupa Haber","url":"https:\/\/avrupatv.eu\/","logo":{"@type":"ImageObject","inLanguage":"tr","@id":"https:\/\/avrupatv.eu\/#\/schema\/logo\/image\/","url":"https:\/\/avrupatv.eu\/wp-content\/uploads\/2023\/10\/cropped-thumbnail_logo.png","contentUrl":"https:\/\/avrupatv.eu\/wp-content\/uploads\/2023\/10\/cropped-thumbnail_logo.png","width":1025,"height":302,"caption":"Avrupa Haber"},"image":{"@id":"https:\/\/avrupatv.eu\/#\/schema\/logo\/image\/"}},{"@type":"Person","@id":"https:\/\/avrupatv.eu\/#\/schema\/person\/d56afa5d5569da4029d483da36c0c17d","name":"Onur Akpinar","image":{"@type":"ImageObject","inLanguage":"tr","@id":"https:\/\/secure.gravatar.com\/avatar\/67a1a0bdf34f82da209334e4684b7e7171a58a5a2b0a8f836b61044f5c1f5d6a?s=96&d=mm&r=g","url":"https:\/\/secure.gravatar.com\/avatar\/67a1a0bdf34f82da209334e4684b7e7171a58a5a2b0a8f836b61044f5c1f5d6a?s=96&d=mm&r=g","contentUrl":"https:\/\/secure.gravatar.com\/avatar\/67a1a0bdf34f82da209334e4684b7e7171a58a5a2b0a8f836b61044f5c1f5d6a?s=96&d=mm&r=g","caption":"Onur Akpinar"},"url":"https:\/\/avrupatv.eu\/index.php\/author\/onur-akpinar\/"}]}},"_links":{"self":[{"href":"https:\/\/avrupatv.eu\/index.php\/wp-json\/wp\/v2\/posts\/1066","targetHints":{"allow":["GET"]}}],"collection":[{"href":"https:\/\/avrupatv.eu\/index.php\/wp-json\/wp\/v2\/posts"}],"about":[{"href":"https:\/\/avrupatv.eu\/index.php\/wp-json\/wp\/v2\/types\/post"}],"author":[{"embeddable":true,"href":"https:\/\/avrupatv.eu\/index.php\/wp-json\/wp\/v2\/users\/2"}],"replies":[{"embeddable":true,"href":"https:\/\/avrupatv.eu\/index.php\/wp-json\/wp\/v2\/comments?post=1066"}],"version-history":[{"count":1,"href":"https:\/\/avrupatv.eu\/index.php\/wp-json\/wp\/v2\/posts\/1066\/revisions"}],"predecessor-version":[{"id":1068,"href":"https:\/\/avrupatv.eu\/index.php\/wp-json\/wp\/v2\/posts\/1066\/revisions\/1068"}],"wp:featuredmedia":[{"embeddable":true,"href":"https:\/\/avrupatv.eu\/index.php\/wp-json\/wp\/v2\/media\/1067"}],"wp:attachment":[{"href":"https:\/\/avrupatv.eu\/index.php\/wp-json\/wp\/v2\/media?parent=1066"}],"wp:term":[{"taxonomy":"category","embeddable":true,"href":"https:\/\/avrupatv.eu\/index.php\/wp-json\/wp\/v2\/categories?post=1066"},{"taxonomy":"post_tag","embeddable":true,"href":"https:\/\/avrupatv.eu\/index.php\/wp-json\/wp\/v2\/tags?post=1066"}],"curies":[{"name":"wp","href":"https:\/\/api.w.org\/{rel}","templated":true}]}}