{"id":1062,"date":"2025-04-20T15:05:59","date_gmt":"2025-04-20T15:05:59","guid":{"rendered":"https:\/\/avrupatv.eu\/?p=1062"},"modified":"2025-04-21T14:33:10","modified_gmt":"2025-04-21T14:33:10","slug":"motorlar-calisti-adrenalin-yukseldi-ispartada-modifiye-soleni","status":"publish","type":"post","link":"https:\/\/avrupatv.eu\/index.php\/2025\/04\/20\/motorlar-calisti-adrenalin-yukseldi-ispartada-modifiye-soleni\/","title":{"rendered":"Motorlar \u00c7al\u0131\u015ft\u0131, Adrenalin Y\u00fckseldi: Isparta\u2019da Modifiye \u015e\u00f6leni!"},"content":{"rendered":"\n<h3 class=\"wp-block-heading\"><strong>Isparta\u2019da Modifiye R\u00fczg\u00e2r\u0131 Esti: G\u00f6kkubbe\u2019de Ara\u00e7 Tutkunlar\u0131 Bulu\u015ftu<\/strong><\/h3>\n\n\n\n<p><strong>ISPARTA \u2013<\/strong> Isparta G\u00f6kkubbe Fuar ve Kongre Merkezi, bu hafta sonu otomobil merakl\u0131lar\u0131n\u0131n ak\u0131n\u0131na u\u011frad\u0131. 19-20 Nisan tarihlerinde d\u00fczenlenen <strong>2. Isparta Modifiyeli Ara\u00e7lar Festivali<\/strong>, T\u00fcrkiye\u2019nin d\u00f6rt bir yan\u0131ndan gelen modifiye tutkunlar\u0131n\u0131 bir araya getirdi.<\/p>\n\n\n\n<p>Etkinlikte modifiye ara\u00e7 sergileri, <strong>desibel yar\u0131\u015fmalar\u0131<\/strong>, <strong>g\u00fczellik yar\u0131\u015fmalar\u0131<\/strong>, <strong>drift g\u00f6sterileri<\/strong> ve pek \u00e7ok e\u011flenceli aktivite yer ald\u0131. Festival alan\u0131, rengarenk ara\u00e7lar ve co\u015fkulu kat\u0131l\u0131mc\u0131larla adeta bir otomobil \u015fenli\u011fine d\u00f6n\u00fc\u015ft\u00fc.<\/p>\n\n\n\n<p>Bu y\u0131lki festival sadece bir tutkunun payla\u015f\u0131m\u0131 de\u011fil, ayn\u0131 zamanda anlaml\u0131 bir sosyal sorumluluk projesine de ev sahipli\u011fi yapt\u0131. Etkinlikten elde edilen gelir, <strong>DMD kas hastas\u0131 16 ya\u015f\u0131ndaki G\u00f6rkem Efe \u015eeng\u00fcn<\/strong>\u2019e destek olmak amac\u0131yla ba\u011f\u0131\u015flanacak. Organizasyon ekibi, hem otomobil sevgisini hem de dayan\u0131\u015fmay\u0131 bir araya getiren festivalin her y\u0131l daha da b\u00fcy\u00fcmesini hedefliyor.<\/p>\n\n\n\n<p>Modifiye severler, ara\u00e7lar\u0131n\u0131 tan\u0131tman\u0131n yan\u0131 s\u0131ra di\u011fer kat\u0131l\u0131mc\u0131larla deneyimlerini payla\u015fma ve yeni projeler i\u00e7in ilham alma f\u0131rsat\u0131 buldu. Kat\u0131l\u0131mc\u0131lar, drift g\u00f6sterileri s\u0131ras\u0131nda heyecan dolu anlar ya\u015farken, desibel yar\u0131\u015fmalar\u0131 da festivalin en \u00e7ok ilgi g\u00f6ren b\u00f6l\u00fcmlerinden biri oldu.<\/p>\n\n\n\n<p>Festival organizat\u00f6rleri, bu y\u0131lki yo\u011fun ilgiden memnun olduklar\u0131n\u0131 belirterek, \u00f6n\u00fcm\u00fczdeki y\u0131l i\u00e7in daha b\u00fcy\u00fck ve kapsaml\u0131 bir organizasyon planlad\u0131klar\u0131n\u0131 ifade etti.<\/p>\n","protected":false},"excerpt":{"rendered":"<p>Isparta\u2019da Modifiye R\u00fczg\u00e2r\u0131 Esti: G\u00f6kkubbe\u2019de Ara\u00e7 Tutkunlar\u0131 Bulu\u015ftu ISPARTA \u2013 Isparta G\u00f6kkubbe Fuar ve Kongre Merkezi, bu hafta sonu otomobil merakl\u0131lar\u0131n\u0131n ak\u0131n\u0131na u\u011frad\u0131. 19-20 Nisan tarihlerinde d\u00fczenlenen 2. Isparta Modifiyeli Ara\u00e7lar Festivali, T\u00fcrkiye\u2019nin d\u00f6rt bir yan\u0131ndan gelen modifiye tutkunlar\u0131n\u0131 bir araya getirdi. Etkinlikte modifiye ara\u00e7 sergileri, desibel yar\u0131\u015fmalar\u0131, g\u00fczellik yar\u0131\u015fmalar\u0131, drift g\u00f6sterileri ve pek \u00e7ok [&hellip;]<\/p>\n","protected":false},"author":2,"featured_media":1064,"comment_status":"open","ping_status":"open","sticky":false,"template":"","format":"standard","meta":{"footnotes":""},"categories":[11],"tags":[],"class_list":["post-1062","post","type-post","status-publish","format-standard","has-post-thumbnail","hentry","category-turkiye"],"yoast_head":"<!-- This site is optimized with the Yoast SEO plugin v27.4 - https:\/\/yoast.com\/product\/yoast-seo-wordpress\/ -->\n<title>Motorlar \u00c7al\u0131\u015ft\u0131, Adrenalin Y\u00fckseldi: Isparta\u2019da Modifiye \u015e\u00f6leni! - Avrupal\u0131 T\u00fcrklerin en Yeni Haber Portal\u0131<\/title>\n<meta name=\"robots\" content=\"index, follow, max-snippet:-1, max-image-preview:large, max-video-preview:-1\" \/>\n<link rel=\"canonical\" href=\"https:\/\/avrupatv.eu\/index.php\/2025\/04\/20\/motorlar-calisti-adrenalin-yukseldi-ispartada-modifiye-soleni\/\" \/>\n<meta property=\"og:locale\" content=\"tr_TR\" \/>\n<meta property=\"og:type\" content=\"article\" \/>\n<meta property=\"og:title\" content=\"Motorlar \u00c7al\u0131\u015ft\u0131, Adrenalin Y\u00fckseldi: Isparta\u2019da Modifiye \u015e\u00f6leni! - Avrupal\u0131 T\u00fcrklerin en Yeni Haber Portal\u0131\" \/>\n<meta property=\"og:description\" content=\"Isparta\u2019da Modifiye R\u00fczg\u00e2r\u0131 Esti: G\u00f6kkubbe\u2019de Ara\u00e7 Tutkunlar\u0131 Bulu\u015ftu ISPARTA \u2013 Isparta G\u00f6kkubbe Fuar ve Kongre Merkezi, bu hafta sonu otomobil merakl\u0131lar\u0131n\u0131n ak\u0131n\u0131na u\u011frad\u0131. 19-20 Nisan tarihlerinde d\u00fczenlenen 2. Isparta Modifiyeli Ara\u00e7lar Festivali, T\u00fcrkiye\u2019nin d\u00f6rt bir yan\u0131ndan gelen modifiye tutkunlar\u0131n\u0131 bir araya getirdi. Etkinlikte modifiye ara\u00e7 sergileri, desibel yar\u0131\u015fmalar\u0131, g\u00fczellik yar\u0131\u015fmalar\u0131, drift g\u00f6sterileri ve pek \u00e7ok [&hellip;]\" \/>\n<meta property=\"og:url\" content=\"https:\/\/avrupatv.eu\/index.php\/2025\/04\/20\/motorlar-calisti-adrenalin-yukseldi-ispartada-modifiye-soleni\/\" \/>\n<meta property=\"og:site_name\" content=\"Avrupal\u0131 T\u00fcrklerin en Yeni Haber Portal\u0131\" \/>\n<meta property=\"article:published_time\" content=\"2025-04-20T15:05:59+00:00\" \/>\n<meta property=\"article:modified_time\" content=\"2025-04-21T14:33:10+00:00\" \/>\n<meta property=\"og:image\" content=\"https:\/\/avrupatv.eu\/wp-content\/uploads\/2025\/04\/isparta2.jpeg\" \/>\n\t<meta property=\"og:image:width\" content=\"287\" \/>\n\t<meta property=\"og:image:height\" content=\"175\" \/>\n\t<meta property=\"og:image:type\" content=\"image\/jpeg\" \/>\n<meta name=\"author\" content=\"Onur Akpinar\" \/>\n<meta name=\"twitter:card\" content=\"summary_large_image\" \/>\n<meta name=\"twitter:label1\" content=\"Yazan:\" \/>\n\t<meta name=\"twitter:data1\" content=\"Onur Akpinar\" \/>\n\t<meta name=\"twitter:label2\" content=\"Tahmini okuma s\u00fcresi\" \/>\n\t<meta name=\"twitter:data2\" content=\"2 dakika\" \/>\n<script type=\"application\/ld+json\" class=\"yoast-schema-graph\">{\"@context\":\"https:\\\/\\\/schema.org\",\"@graph\":[{\"@type\":\"Article\",\"@id\":\"https:\\\/\\\/avrupatv.eu\\\/index.php\\\/2025\\\/04\\\/20\\\/motorlar-calisti-adrenalin-yukseldi-ispartada-modifiye-soleni\\\/#article\",\"isPartOf\":{\"@id\":\"https:\\\/\\\/avrupatv.eu\\\/index.php\\\/2025\\\/04\\\/20\\\/motorlar-calisti-adrenalin-yukseldi-ispartada-modifiye-soleni\\\/\"},\"author\":{\"name\":\"Onur Akpinar\",\"@id\":\"https:\\\/\\\/avrupatv.eu\\\/#\\\/schema\\\/person\\\/d56afa5d5569da4029d483da36c0c17d\"},\"headline\":\"Motorlar \u00c7al\u0131\u015ft\u0131, Adrenalin Y\u00fckseldi: Isparta\u2019da Modifiye \u015e\u00f6leni!\",\"datePublished\":\"2025-04-20T15:05:59+00:00\",\"dateModified\":\"2025-04-21T14:33:10+00:00\",\"mainEntityOfPage\":{\"@id\":\"https:\\\/\\\/avrupatv.eu\\\/index.php\\\/2025\\\/04\\\/20\\\/motorlar-calisti-adrenalin-yukseldi-ispartada-modifiye-soleni\\\/\"},\"wordCount\":271,\"commentCount\":0,\"publisher\":{\"@id\":\"https:\\\/\\\/avrupatv.eu\\\/#organization\"},\"image\":{\"@id\":\"https:\\\/\\\/avrupatv.eu\\\/index.php\\\/2025\\\/04\\\/20\\\/motorlar-calisti-adrenalin-yukseldi-ispartada-modifiye-soleni\\\/#primaryimage\"},\"thumbnailUrl\":\"https:\\\/\\\/avrupatv.eu\\\/wp-content\\\/uploads\\\/2025\\\/04\\\/isparta2.jpeg\",\"articleSection\":[\"T\u00fcrkiye\"],\"inLanguage\":\"tr\",\"potentialAction\":[{\"@type\":\"CommentAction\",\"name\":\"Comment\",\"target\":[\"https:\\\/\\\/avrupatv.eu\\\/index.php\\\/2025\\\/04\\\/20\\\/motorlar-calisti-adrenalin-yukseldi-ispartada-modifiye-soleni\\\/#respond\"]}]},{\"@type\":\"WebPage\",\"@id\":\"https:\\\/\\\/avrupatv.eu\\\/index.php\\\/2025\\\/04\\\/20\\\/motorlar-calisti-adrenalin-yukseldi-ispartada-modifiye-soleni\\\/\",\"url\":\"https:\\\/\\\/avrupatv.eu\\\/index.php\\\/2025\\\/04\\\/20\\\/motorlar-calisti-adrenalin-yukseldi-ispartada-modifiye-soleni\\\/\",\"name\":\"Motorlar \u00c7al\u0131\u015ft\u0131, Adrenalin Y\u00fckseldi: Isparta\u2019da Modifiye \u015e\u00f6leni! - Avrupal\u0131 T\u00fcrklerin en Yeni Haber Portal\u0131\",\"isPartOf\":{\"@id\":\"https:\\\/\\\/avrupatv.eu\\\/#website\"},\"primaryImageOfPage\":{\"@id\":\"https:\\\/\\\/avrupatv.eu\\\/index.php\\\/2025\\\/04\\\/20\\\/motorlar-calisti-adrenalin-yukseldi-ispartada-modifiye-soleni\\\/#primaryimage\"},\"image\":{\"@id\":\"https:\\\/\\\/avrupatv.eu\\\/index.php\\\/2025\\\/04\\\/20\\\/motorlar-calisti-adrenalin-yukseldi-ispartada-modifiye-soleni\\\/#primaryimage\"},\"thumbnailUrl\":\"https:\\\/\\\/avrupatv.eu\\\/wp-content\\\/uploads\\\/2025\\\/04\\\/isparta2.jpeg\",\"datePublished\":\"2025-04-20T15:05:59+00:00\",\"dateModified\":\"2025-04-21T14:33:10+00:00\",\"breadcrumb\":{\"@id\":\"https:\\\/\\\/avrupatv.eu\\\/index.php\\\/2025\\\/04\\\/20\\\/motorlar-calisti-adrenalin-yukseldi-ispartada-modifiye-soleni\\\/#breadcrumb\"},\"inLanguage\":\"tr\",\"potentialAction\":[{\"@type\":\"ReadAction\",\"target\":[\"https:\\\/\\\/avrupatv.eu\\\/index.php\\\/2025\\\/04\\\/20\\\/motorlar-calisti-adrenalin-yukseldi-ispartada-modifiye-soleni\\\/\"]}]},{\"@type\":\"ImageObject\",\"inLanguage\":\"tr\",\"@id\":\"https:\\\/\\\/avrupatv.eu\\\/index.php\\\/2025\\\/04\\\/20\\\/motorlar-calisti-adrenalin-yukseldi-ispartada-modifiye-soleni\\\/#primaryimage\",\"url\":\"https:\\\/\\\/avrupatv.eu\\\/wp-content\\\/uploads\\\/2025\\\/04\\\/isparta2.jpeg\",\"contentUrl\":\"https:\\\/\\\/avrupatv.eu\\\/wp-content\\\/uploads\\\/2025\\\/04\\\/isparta2.jpeg\",\"width\":287,\"height\":175},{\"@type\":\"BreadcrumbList\",\"@id\":\"https:\\\/\\\/avrupatv.eu\\\/index.php\\\/2025\\\/04\\\/20\\\/motorlar-calisti-adrenalin-yukseldi-ispartada-modifiye-soleni\\\/#breadcrumb\",\"itemListElement\":[{\"@type\":\"ListItem\",\"position\":1,\"name\":\"Anasayfa\",\"item\":\"https:\\\/\\\/avrupatv.eu\\\/\"},{\"@type\":\"ListItem\",\"position\":2,\"name\":\"Motorlar \u00c7al\u0131\u015ft\u0131, Adrenalin Y\u00fckseldi: Isparta\u2019da Modifiye \u015e\u00f6leni!\"}]},{\"@type\":\"WebSite\",\"@id\":\"https:\\\/\\\/avrupatv.eu\\\/#website\",\"url\":\"https:\\\/\\\/avrupatv.eu\\\/\",\"name\":\"Avrupal\u0131 T\u00fcrklerin en Yeni Haber Portal\u0131\",\"description\":\"\",\"publisher\":{\"@id\":\"https:\\\/\\\/avrupatv.eu\\\/#organization\"},\"alternateName\":\"Avrupa tv\",\"potentialAction\":[{\"@type\":\"SearchAction\",\"target\":{\"@type\":\"EntryPoint\",\"urlTemplate\":\"https:\\\/\\\/avrupatv.eu\\\/?s={search_term_string}\"},\"query-input\":{\"@type\":\"PropertyValueSpecification\",\"valueRequired\":true,\"valueName\":\"search_term_string\"}}],\"inLanguage\":\"tr\"},{\"@type\":\"Organization\",\"@id\":\"https:\\\/\\\/avrupatv.eu\\\/#organization\",\"name\":\"Avrupa Haber\",\"url\":\"https:\\\/\\\/avrupatv.eu\\\/\",\"logo\":{\"@type\":\"ImageObject\",\"inLanguage\":\"tr\",\"@id\":\"https:\\\/\\\/avrupatv.eu\\\/#\\\/schema\\\/logo\\\/image\\\/\",\"url\":\"https:\\\/\\\/avrupatv.eu\\\/wp-content\\\/uploads\\\/2023\\\/10\\\/cropped-thumbnail_logo.png\",\"contentUrl\":\"https:\\\/\\\/avrupatv.eu\\\/wp-content\\\/uploads\\\/2023\\\/10\\\/cropped-thumbnail_logo.png\",\"width\":1025,\"height\":302,\"caption\":\"Avrupa Haber\"},\"image\":{\"@id\":\"https:\\\/\\\/avrupatv.eu\\\/#\\\/schema\\\/logo\\\/image\\\/\"}},{\"@type\":\"Person\",\"@id\":\"https:\\\/\\\/avrupatv.eu\\\/#\\\/schema\\\/person\\\/d56afa5d5569da4029d483da36c0c17d\",\"name\":\"Onur Akpinar\",\"image\":{\"@type\":\"ImageObject\",\"inLanguage\":\"tr\",\"@id\":\"https:\\\/\\\/secure.gravatar.com\\\/avatar\\\/67a1a0bdf34f82da209334e4684b7e7171a58a5a2b0a8f836b61044f5c1f5d6a?s=96&d=mm&r=g\",\"url\":\"https:\\\/\\\/secure.gravatar.com\\\/avatar\\\/67a1a0bdf34f82da209334e4684b7e7171a58a5a2b0a8f836b61044f5c1f5d6a?s=96&d=mm&r=g\",\"contentUrl\":\"https:\\\/\\\/secure.gravatar.com\\\/avatar\\\/67a1a0bdf34f82da209334e4684b7e7171a58a5a2b0a8f836b61044f5c1f5d6a?s=96&d=mm&r=g\",\"caption\":\"Onur Akpinar\"},\"url\":\"https:\\\/\\\/avrupatv.eu\\\/index.php\\\/author\\\/onur-akpinar\\\/\"}]}<\/script>\n<!-- \/ Yoast SEO plugin. -->","yoast_head_json":{"title":"Motorlar \u00c7al\u0131\u015ft\u0131, Adrenalin Y\u00fckseldi: Isparta\u2019da Modifiye \u015e\u00f6leni! - Avrupal\u0131 T\u00fcrklerin en Yeni Haber Portal\u0131","robots":{"index":"index","follow":"follow","max-snippet":"max-snippet:-1","max-image-preview":"max-image-preview:large","max-video-preview":"max-video-preview:-1"},"canonical":"https:\/\/avrupatv.eu\/index.php\/2025\/04\/20\/motorlar-calisti-adrenalin-yukseldi-ispartada-modifiye-soleni\/","og_locale":"tr_TR","og_type":"article","og_title":"Motorlar \u00c7al\u0131\u015ft\u0131, Adrenalin Y\u00fckseldi: Isparta\u2019da Modifiye \u015e\u00f6leni! - Avrupal\u0131 T\u00fcrklerin en Yeni Haber Portal\u0131","og_description":"Isparta\u2019da Modifiye R\u00fczg\u00e2r\u0131 Esti: G\u00f6kkubbe\u2019de Ara\u00e7 Tutkunlar\u0131 Bulu\u015ftu ISPARTA \u2013 Isparta G\u00f6kkubbe Fuar ve Kongre Merkezi, bu hafta sonu otomobil merakl\u0131lar\u0131n\u0131n ak\u0131n\u0131na u\u011frad\u0131. 19-20 Nisan tarihlerinde d\u00fczenlenen 2. Isparta Modifiyeli Ara\u00e7lar Festivali, T\u00fcrkiye\u2019nin d\u00f6rt bir yan\u0131ndan gelen modifiye tutkunlar\u0131n\u0131 bir araya getirdi. Etkinlikte modifiye ara\u00e7 sergileri, desibel yar\u0131\u015fmalar\u0131, g\u00fczellik yar\u0131\u015fmalar\u0131, drift g\u00f6sterileri ve pek \u00e7ok [&hellip;]","og_url":"https:\/\/avrupatv.eu\/index.php\/2025\/04\/20\/motorlar-calisti-adrenalin-yukseldi-ispartada-modifiye-soleni\/","og_site_name":"Avrupal\u0131 T\u00fcrklerin en Yeni Haber Portal\u0131","article_published_time":"2025-04-20T15:05:59+00:00","article_modified_time":"2025-04-21T14:33:10+00:00","og_image":[{"width":287,"height":175,"url":"https:\/\/avrupatv.eu\/wp-content\/uploads\/2025\/04\/isparta2.jpeg","type":"image\/jpeg"}],"author":"Onur Akpinar","twitter_card":"summary_large_image","twitter_misc":{"Yazan:":"Onur Akpinar","Tahmini okuma s\u00fcresi":"2 dakika"},"schema":{"@context":"https:\/\/schema.org","@graph":[{"@type":"Article","@id":"https:\/\/avrupatv.eu\/index.php\/2025\/04\/20\/motorlar-calisti-adrenalin-yukseldi-ispartada-modifiye-soleni\/#article","isPartOf":{"@id":"https:\/\/avrupatv.eu\/index.php\/2025\/04\/20\/motorlar-calisti-adrenalin-yukseldi-ispartada-modifiye-soleni\/"},"author":{"name":"Onur Akpinar","@id":"https:\/\/avrupatv.eu\/#\/schema\/person\/d56afa5d5569da4029d483da36c0c17d"},"headline":"Motorlar \u00c7al\u0131\u015ft\u0131, Adrenalin Y\u00fckseldi: Isparta\u2019da Modifiye \u015e\u00f6leni!","datePublished":"2025-04-20T15:05:59+00:00","dateModified":"2025-04-21T14:33:10+00:00","mainEntityOfPage":{"@id":"https:\/\/avrupatv.eu\/index.php\/2025\/04\/20\/motorlar-calisti-adrenalin-yukseldi-ispartada-modifiye-soleni\/"},"wordCount":271,"commentCount":0,"publisher":{"@id":"https:\/\/avrupatv.eu\/#organization"},"image":{"@id":"https:\/\/avrupatv.eu\/index.php\/2025\/04\/20\/motorlar-calisti-adrenalin-yukseldi-ispartada-modifiye-soleni\/#primaryimage"},"thumbnailUrl":"https:\/\/avrupatv.eu\/wp-content\/uploads\/2025\/04\/isparta2.jpeg","articleSection":["T\u00fcrkiye"],"inLanguage":"tr","potentialAction":[{"@type":"CommentAction","name":"Comment","target":["https:\/\/avrupatv.eu\/index.php\/2025\/04\/20\/motorlar-calisti-adrenalin-yukseldi-ispartada-modifiye-soleni\/#respond"]}]},{"@type":"WebPage","@id":"https:\/\/avrupatv.eu\/index.php\/2025\/04\/20\/motorlar-calisti-adrenalin-yukseldi-ispartada-modifiye-soleni\/","url":"https:\/\/avrupatv.eu\/index.php\/2025\/04\/20\/motorlar-calisti-adrenalin-yukseldi-ispartada-modifiye-soleni\/","name":"Motorlar \u00c7al\u0131\u015ft\u0131, Adrenalin Y\u00fckseldi: Isparta\u2019da Modifiye \u015e\u00f6leni! - Avrupal\u0131 T\u00fcrklerin en Yeni Haber Portal\u0131","isPartOf":{"@id":"https:\/\/avrupatv.eu\/#website"},"primaryImageOfPage":{"@id":"https:\/\/avrupatv.eu\/index.php\/2025\/04\/20\/motorlar-calisti-adrenalin-yukseldi-ispartada-modifiye-soleni\/#primaryimage"},"image":{"@id":"https:\/\/avrupatv.eu\/index.php\/2025\/04\/20\/motorlar-calisti-adrenalin-yukseldi-ispartada-modifiye-soleni\/#primaryimage"},"thumbnailUrl":"https:\/\/avrupatv.eu\/wp-content\/uploads\/2025\/04\/isparta2.jpeg","datePublished":"2025-04-20T15:05:59+00:00","dateModified":"2025-04-21T14:33:10+00:00","breadcrumb":{"@id":"https:\/\/avrupatv.eu\/index.php\/2025\/04\/20\/motorlar-calisti-adrenalin-yukseldi-ispartada-modifiye-soleni\/#breadcrumb"},"inLanguage":"tr","potentialAction":[{"@type":"ReadAction","target":["https:\/\/avrupatv.eu\/index.php\/2025\/04\/20\/motorlar-calisti-adrenalin-yukseldi-ispartada-modifiye-soleni\/"]}]},{"@type":"ImageObject","inLanguage":"tr","@id":"https:\/\/avrupatv.eu\/index.php\/2025\/04\/20\/motorlar-calisti-adrenalin-yukseldi-ispartada-modifiye-soleni\/#primaryimage","url":"https:\/\/avrupatv.eu\/wp-content\/uploads\/2025\/04\/isparta2.jpeg","contentUrl":"https:\/\/avrupatv.eu\/wp-content\/uploads\/2025\/04\/isparta2.jpeg","width":287,"height":175},{"@type":"BreadcrumbList","@id":"https:\/\/avrupatv.eu\/index.php\/2025\/04\/20\/motorlar-calisti-adrenalin-yukseldi-ispartada-modifiye-soleni\/#breadcrumb","itemListElement":[{"@type":"ListItem","position":1,"name":"Anasayfa","item":"https:\/\/avrupatv.eu\/"},{"@type":"ListItem","position":2,"name":"Motorlar \u00c7al\u0131\u015ft\u0131, Adrenalin Y\u00fckseldi: Isparta\u2019da Modifiye \u015e\u00f6leni!"}]},{"@type":"WebSite","@id":"https:\/\/avrupatv.eu\/#website","url":"https:\/\/avrupatv.eu\/","name":"Avrupal\u0131 T\u00fcrklerin en Yeni Haber Portal\u0131","description":"","publisher":{"@id":"https:\/\/avrupatv.eu\/#organization"},"alternateName":"Avrupa tv","potentialAction":[{"@type":"SearchAction","target":{"@type":"EntryPoint","urlTemplate":"https:\/\/avrupatv.eu\/?s={search_term_string}"},"query-input":{"@type":"PropertyValueSpecification","valueRequired":true,"valueName":"search_term_string"}}],"inLanguage":"tr"},{"@type":"Organization","@id":"https:\/\/avrupatv.eu\/#organization","name":"Avrupa Haber","url":"https:\/\/avrupatv.eu\/","logo":{"@type":"ImageObject","inLanguage":"tr","@id":"https:\/\/avrupatv.eu\/#\/schema\/logo\/image\/","url":"https:\/\/avrupatv.eu\/wp-content\/uploads\/2023\/10\/cropped-thumbnail_logo.png","contentUrl":"https:\/\/avrupatv.eu\/wp-content\/uploads\/2023\/10\/cropped-thumbnail_logo.png","width":1025,"height":302,"caption":"Avrupa Haber"},"image":{"@id":"https:\/\/avrupatv.eu\/#\/schema\/logo\/image\/"}},{"@type":"Person","@id":"https:\/\/avrupatv.eu\/#\/schema\/person\/d56afa5d5569da4029d483da36c0c17d","name":"Onur Akpinar","image":{"@type":"ImageObject","inLanguage":"tr","@id":"https:\/\/secure.gravatar.com\/avatar\/67a1a0bdf34f82da209334e4684b7e7171a58a5a2b0a8f836b61044f5c1f5d6a?s=96&d=mm&r=g","url":"https:\/\/secure.gravatar.com\/avatar\/67a1a0bdf34f82da209334e4684b7e7171a58a5a2b0a8f836b61044f5c1f5d6a?s=96&d=mm&r=g","contentUrl":"https:\/\/secure.gravatar.com\/avatar\/67a1a0bdf34f82da209334e4684b7e7171a58a5a2b0a8f836b61044f5c1f5d6a?s=96&d=mm&r=g","caption":"Onur Akpinar"},"url":"https:\/\/avrupatv.eu\/index.php\/author\/onur-akpinar\/"}]}},"_links":{"self":[{"href":"https:\/\/avrupatv.eu\/index.php\/wp-json\/wp\/v2\/posts\/1062","targetHints":{"allow":["GET"]}}],"collection":[{"href":"https:\/\/avrupatv.eu\/index.php\/wp-json\/wp\/v2\/posts"}],"about":[{"href":"https:\/\/avrupatv.eu\/index.php\/wp-json\/wp\/v2\/types\/post"}],"author":[{"embeddable":true,"href":"https:\/\/avrupatv.eu\/index.php\/wp-json\/wp\/v2\/users\/2"}],"replies":[{"embeddable":true,"href":"https:\/\/avrupatv.eu\/index.php\/wp-json\/wp\/v2\/comments?post=1062"}],"version-history":[{"count":1,"href":"https:\/\/avrupatv.eu\/index.php\/wp-json\/wp\/v2\/posts\/1062\/revisions"}],"predecessor-version":[{"id":1065,"href":"https:\/\/avrupatv.eu\/index.php\/wp-json\/wp\/v2\/posts\/1062\/revisions\/1065"}],"wp:featuredmedia":[{"embeddable":true,"href":"https:\/\/avrupatv.eu\/index.php\/wp-json\/wp\/v2\/media\/1064"}],"wp:attachment":[{"href":"https:\/\/avrupatv.eu\/index.php\/wp-json\/wp\/v2\/media?parent=1062"}],"wp:term":[{"taxonomy":"category","embeddable":true,"href":"https:\/\/avrupatv.eu\/index.php\/wp-json\/wp\/v2\/categories?post=1062"},{"taxonomy":"post_tag","embeddable":true,"href":"https:\/\/avrupatv.eu\/index.php\/wp-json\/wp\/v2\/tags?post=1062"}],"curies":[{"name":"wp","href":"https:\/\/api.w.org\/{rel}","templated":true}]}}