{"id":1056,"date":"2025-04-20T14:29:26","date_gmt":"2025-04-20T14:29:26","guid":{"rendered":"https:\/\/avrupatv.eu\/?p=1056"},"modified":"2025-04-20T14:29:27","modified_gmt":"2025-04-20T14:29:27","slug":"belcikada-16-yasindaki-yusufun-gizemli-olumu-uvey-baba-almanyada-yakalandi","status":"publish","type":"post","link":"https:\/\/avrupatv.eu\/index.php\/2025\/04\/20\/belcikada-16-yasindaki-yusufun-gizemli-olumu-uvey-baba-almanyada-yakalandi\/","title":{"rendered":"Bel\u00e7ika\u2019da 16 Ya\u015f\u0131ndaki Yusuf\u2019un Gizemli \u00d6l\u00fcm\u00fc: \u00dcvey Baba Almanya\u2019da Yakaland\u0131!"},"content":{"rendered":"\n<p>Onur Akp\u0131nar<\/p>\n\n\n\n<p><strong>Bel\u00e7ika\u2019da 16 Ya\u015f\u0131ndaki Yusuf G\u00fcng\u00f6r\u2019\u00fcn \u00d6l\u00fcm\u00fcnde Cinayet \u015e\u00fcphesi<\/strong><\/p>\n\n\n\n<p>Bel\u00e7ika\u2019n\u0131n Li\u00e8ge kenti ile Hollanda\u2019n\u0131n Maastricht \u015fehri aras\u0131nda yer alan Vise b\u00f6lgesindeki Meuse\u2019de, 18 Nisan Cuma g\u00fcn\u00fc gelen bir ihbar \u00fczerine harekete ge\u00e7en polis ekipleri, 16 ya\u015f\u0131ndaki T\u00fcrk genci Yusuf G\u00fcng\u00f6r\u2019\u00fcn cans\u0131z bedenine ula\u015ft\u0131. Yerel medya organlar\u0131ndan <em><strong>Sudinfo La Meuse<\/strong><\/em> gazetesine g\u00f6re, olay yerinde yap\u0131lan ilk incelemelerde \u00f6l\u00fcm\u00fcn intihar ya da kaza sonucu ger\u00e7ekle\u015fmedi\u011fi belirlendi. Bu bulgular \u00fczerine soru\u015fturma cinayet \u015f\u00fcphesiyle derinle\u015ftirildi.<\/p>\n\n\n\n<p>Li\u00e8ge mahkemesi, Yusuf\u2019un \u00fcvey babas\u0131 hakk\u0131nda Avrupa genelinde ge\u00e7erli k\u0131rm\u0131z\u0131 b\u00fcltenle arama ve tutuklama karar\u0131 \u00e7\u0131kard\u0131. Polis kaynaklar\u0131, Yusuf\u2019un v\u00fccudunda darp ve travma izlerine rastland\u0131\u011f\u0131n\u0131, boynunun da k\u0131r\u0131k oldu\u011funu a\u00e7\u0131klad\u0131.<\/p>\n\n\n\n<p>K\u0131sa s\u00fcre i\u00e7inde Almanya\u2019da yakalanan \u00fcvey baba halen g\u00f6zalt\u0131nda bulunuyor. Bel\u00e7ika makamlar\u0131, \u015f\u00fcphelinin \u00fclkeye iadesi i\u00e7in resmi s\u00fcre\u00e7leri ba\u015flatt\u0131. \u00dcvey baban\u0131n \u00f6n\u00fcm\u00fczdeki g\u00fcnlerde Bel\u00e7ika\u2019ya getirilerek sorgulanmas\u0131 bekleniyor.<\/p>\n\n\n\n<p>Bu geli\u015fme, hem Bel\u00e7ika\u2019da ya\u015fayan T\u00fcrk toplumunda hem de kamuoyunda derin \u00fcz\u00fcnt\u00fcye neden oldu.<\/p>\n\n\n\n<p>Avrupa tv ailesi olarak aileye ba\u015f sa\u011fl\u0131\u011f\u0131 diliyor ve olay\u0131n en h\u0131zl\u0131 bir \u015fekilde sonu\u00e7lanmas\u0131n\u0131 \u00fcmit ediyoruz.<\/p>\n\n\n\n<p><\/p>\n\n\n\n<p>kaynak: Avrupa Haber Ajans\u0131<\/p>\n","protected":false},"excerpt":{"rendered":"<p>Onur Akp\u0131nar Bel\u00e7ika\u2019da 16 Ya\u015f\u0131ndaki Yusuf G\u00fcng\u00f6r\u2019\u00fcn \u00d6l\u00fcm\u00fcnde Cinayet \u015e\u00fcphesi Bel\u00e7ika\u2019n\u0131n Li\u00e8ge kenti ile Hollanda\u2019n\u0131n Maastricht \u015fehri aras\u0131nda yer alan Vise b\u00f6lgesindeki Meuse\u2019de, 18 Nisan Cuma g\u00fcn\u00fc gelen bir ihbar \u00fczerine harekete ge\u00e7en polis ekipleri, 16 ya\u015f\u0131ndaki T\u00fcrk genci Yusuf G\u00fcng\u00f6r\u2019\u00fcn cans\u0131z bedenine ula\u015ft\u0131. Yerel medya organlar\u0131ndan Sudinfo La Meuse gazetesine g\u00f6re, olay yerinde yap\u0131lan [&hellip;]<\/p>\n","protected":false},"author":2,"featured_media":1057,"comment_status":"open","ping_status":"open","sticky":false,"template":"","format":"standard","meta":{"footnotes":""},"categories":[21],"tags":[],"class_list":["post-1056","post","type-post","status-publish","format-standard","has-post-thumbnail","hentry","category-belcika"],"yoast_head":"<!-- This site is optimized with the Yoast SEO plugin v27.5 - https:\/\/yoast.com\/product\/yoast-seo-wordpress\/ -->\n<title>Bel\u00e7ika\u2019da 16 Ya\u015f\u0131ndaki Yusuf\u2019un Gizemli \u00d6l\u00fcm\u00fc: \u00dcvey Baba Almanya\u2019da Yakaland\u0131! - Avrupal\u0131 T\u00fcrklerin en Yeni Haber Portal\u0131<\/title>\n<meta name=\"robots\" content=\"index, follow, max-snippet:-1, max-image-preview:large, max-video-preview:-1\" \/>\n<link rel=\"canonical\" href=\"https:\/\/avrupatv.eu\/index.php\/2025\/04\/20\/belcikada-16-yasindaki-yusufun-gizemli-olumu-uvey-baba-almanyada-yakalandi\/\" \/>\n<meta property=\"og:locale\" content=\"tr_TR\" \/>\n<meta property=\"og:type\" content=\"article\" \/>\n<meta property=\"og:title\" content=\"Bel\u00e7ika\u2019da 16 Ya\u015f\u0131ndaki Yusuf\u2019un Gizemli \u00d6l\u00fcm\u00fc: \u00dcvey Baba Almanya\u2019da Yakaland\u0131! - Avrupal\u0131 T\u00fcrklerin en Yeni Haber Portal\u0131\" \/>\n<meta property=\"og:description\" content=\"Onur Akp\u0131nar Bel\u00e7ika\u2019da 16 Ya\u015f\u0131ndaki Yusuf G\u00fcng\u00f6r\u2019\u00fcn \u00d6l\u00fcm\u00fcnde Cinayet \u015e\u00fcphesi Bel\u00e7ika\u2019n\u0131n Li\u00e8ge kenti ile Hollanda\u2019n\u0131n Maastricht \u015fehri aras\u0131nda yer alan Vise b\u00f6lgesindeki Meuse\u2019de, 18 Nisan Cuma g\u00fcn\u00fc gelen bir ihbar \u00fczerine harekete ge\u00e7en polis ekipleri, 16 ya\u015f\u0131ndaki T\u00fcrk genci Yusuf G\u00fcng\u00f6r\u2019\u00fcn cans\u0131z bedenine ula\u015ft\u0131. Yerel medya organlar\u0131ndan Sudinfo La Meuse gazetesine g\u00f6re, olay yerinde yap\u0131lan [&hellip;]\" \/>\n<meta property=\"og:url\" content=\"https:\/\/avrupatv.eu\/index.php\/2025\/04\/20\/belcikada-16-yasindaki-yusufun-gizemli-olumu-uvey-baba-almanyada-yakalandi\/\" \/>\n<meta property=\"og:site_name\" content=\"Avrupal\u0131 T\u00fcrklerin en Yeni Haber Portal\u0131\" \/>\n<meta property=\"article:published_time\" content=\"2025-04-20T14:29:26+00:00\" \/>\n<meta property=\"article:modified_time\" content=\"2025-04-20T14:29:27+00:00\" \/>\n<meta property=\"og:image\" content=\"https:\/\/avrupatv.eu\/wp-content\/uploads\/2023\/10\/cropped-cropped-thumbnail_logo.png\" \/>\n\t<meta property=\"og:image:width\" content=\"512\" \/>\n\t<meta property=\"og:image:height\" content=\"512\" \/>\n\t<meta property=\"og:image:type\" content=\"image\/png\" \/>\n<meta name=\"author\" content=\"Onur Akpinar\" \/>\n<meta name=\"twitter:card\" content=\"summary_large_image\" \/>\n<meta name=\"twitter:label1\" content=\"Yazan:\" \/>\n\t<meta name=\"twitter:data1\" content=\"Onur Akpinar\" \/>\n\t<meta name=\"twitter:label2\" content=\"Tahmini okuma s\u00fcresi\" \/>\n\t<meta name=\"twitter:data2\" content=\"2 dakika\" \/>\n<script type=\"application\/ld+json\" class=\"yoast-schema-graph\">{\"@context\":\"https:\\\/\\\/schema.org\",\"@graph\":[{\"@type\":\"Article\",\"@id\":\"https:\\\/\\\/avrupatv.eu\\\/index.php\\\/2025\\\/04\\\/20\\\/belcikada-16-yasindaki-yusufun-gizemli-olumu-uvey-baba-almanyada-yakalandi\\\/#article\",\"isPartOf\":{\"@id\":\"https:\\\/\\\/avrupatv.eu\\\/index.php\\\/2025\\\/04\\\/20\\\/belcikada-16-yasindaki-yusufun-gizemli-olumu-uvey-baba-almanyada-yakalandi\\\/\"},\"author\":{\"name\":\"Onur Akpinar\",\"@id\":\"https:\\\/\\\/avrupatv.eu\\\/#\\\/schema\\\/person\\\/d56afa5d5569da4029d483da36c0c17d\"},\"headline\":\"Bel\u00e7ika\u2019da 16 Ya\u015f\u0131ndaki Yusuf\u2019un Gizemli \u00d6l\u00fcm\u00fc: \u00dcvey Baba Almanya\u2019da Yakaland\u0131!\",\"datePublished\":\"2025-04-20T14:29:26+00:00\",\"dateModified\":\"2025-04-20T14:29:27+00:00\",\"mainEntityOfPage\":{\"@id\":\"https:\\\/\\\/avrupatv.eu\\\/index.php\\\/2025\\\/04\\\/20\\\/belcikada-16-yasindaki-yusufun-gizemli-olumu-uvey-baba-almanyada-yakalandi\\\/\"},\"wordCount\":256,\"commentCount\":0,\"publisher\":{\"@id\":\"https:\\\/\\\/avrupatv.eu\\\/#organization\"},\"image\":{\"@id\":\"https:\\\/\\\/avrupatv.eu\\\/index.php\\\/2025\\\/04\\\/20\\\/belcikada-16-yasindaki-yusufun-gizemli-olumu-uvey-baba-almanyada-yakalandi\\\/#primaryimage\"},\"thumbnailUrl\":\"https:\\\/\\\/avrupatv.eu\\\/wp-content\\\/uploads\\\/2025\\\/04\\\/yusuf-gungor.avif\",\"articleSection\":[\"Bel\u00e7ika\"],\"inLanguage\":\"tr\",\"potentialAction\":[{\"@type\":\"CommentAction\",\"name\":\"Comment\",\"target\":[\"https:\\\/\\\/avrupatv.eu\\\/index.php\\\/2025\\\/04\\\/20\\\/belcikada-16-yasindaki-yusufun-gizemli-olumu-uvey-baba-almanyada-yakalandi\\\/#respond\"]}]},{\"@type\":\"WebPage\",\"@id\":\"https:\\\/\\\/avrupatv.eu\\\/index.php\\\/2025\\\/04\\\/20\\\/belcikada-16-yasindaki-yusufun-gizemli-olumu-uvey-baba-almanyada-yakalandi\\\/\",\"url\":\"https:\\\/\\\/avrupatv.eu\\\/index.php\\\/2025\\\/04\\\/20\\\/belcikada-16-yasindaki-yusufun-gizemli-olumu-uvey-baba-almanyada-yakalandi\\\/\",\"name\":\"Bel\u00e7ika\u2019da 16 Ya\u015f\u0131ndaki Yusuf\u2019un Gizemli \u00d6l\u00fcm\u00fc: \u00dcvey Baba Almanya\u2019da Yakaland\u0131! - Avrupal\u0131 T\u00fcrklerin en Yeni Haber Portal\u0131\",\"isPartOf\":{\"@id\":\"https:\\\/\\\/avrupatv.eu\\\/#website\"},\"primaryImageOfPage\":{\"@id\":\"https:\\\/\\\/avrupatv.eu\\\/index.php\\\/2025\\\/04\\\/20\\\/belcikada-16-yasindaki-yusufun-gizemli-olumu-uvey-baba-almanyada-yakalandi\\\/#primaryimage\"},\"image\":{\"@id\":\"https:\\\/\\\/avrupatv.eu\\\/index.php\\\/2025\\\/04\\\/20\\\/belcikada-16-yasindaki-yusufun-gizemli-olumu-uvey-baba-almanyada-yakalandi\\\/#primaryimage\"},\"thumbnailUrl\":\"https:\\\/\\\/avrupatv.eu\\\/wp-content\\\/uploads\\\/2025\\\/04\\\/yusuf-gungor.avif\",\"datePublished\":\"2025-04-20T14:29:26+00:00\",\"dateModified\":\"2025-04-20T14:29:27+00:00\",\"breadcrumb\":{\"@id\":\"https:\\\/\\\/avrupatv.eu\\\/index.php\\\/2025\\\/04\\\/20\\\/belcikada-16-yasindaki-yusufun-gizemli-olumu-uvey-baba-almanyada-yakalandi\\\/#breadcrumb\"},\"inLanguage\":\"tr\",\"potentialAction\":[{\"@type\":\"ReadAction\",\"target\":[\"https:\\\/\\\/avrupatv.eu\\\/index.php\\\/2025\\\/04\\\/20\\\/belcikada-16-yasindaki-yusufun-gizemli-olumu-uvey-baba-almanyada-yakalandi\\\/\"]}]},{\"@type\":\"ImageObject\",\"inLanguage\":\"tr\",\"@id\":\"https:\\\/\\\/avrupatv.eu\\\/index.php\\\/2025\\\/04\\\/20\\\/belcikada-16-yasindaki-yusufun-gizemli-olumu-uvey-baba-almanyada-yakalandi\\\/#primaryimage\",\"url\":\"https:\\\/\\\/avrupatv.eu\\\/wp-content\\\/uploads\\\/2025\\\/04\\\/yusuf-gungor.avif\",\"contentUrl\":\"https:\\\/\\\/avrupatv.eu\\\/wp-content\\\/uploads\\\/2025\\\/04\\\/yusuf-gungor.avif\",\"width\":1200,\"height\":800},{\"@type\":\"BreadcrumbList\",\"@id\":\"https:\\\/\\\/avrupatv.eu\\\/index.php\\\/2025\\\/04\\\/20\\\/belcikada-16-yasindaki-yusufun-gizemli-olumu-uvey-baba-almanyada-yakalandi\\\/#breadcrumb\",\"itemListElement\":[{\"@type\":\"ListItem\",\"position\":1,\"name\":\"Anasayfa\",\"item\":\"https:\\\/\\\/avrupatv.eu\\\/\"},{\"@type\":\"ListItem\",\"position\":2,\"name\":\"Bel\u00e7ika\u2019da 16 Ya\u015f\u0131ndaki Yusuf\u2019un Gizemli \u00d6l\u00fcm\u00fc: \u00dcvey Baba Almanya\u2019da Yakaland\u0131!\"}]},{\"@type\":\"WebSite\",\"@id\":\"https:\\\/\\\/avrupatv.eu\\\/#website\",\"url\":\"https:\\\/\\\/avrupatv.eu\\\/\",\"name\":\"Avrupal\u0131 T\u00fcrklerin en Yeni Haber Portal\u0131\",\"description\":\"\",\"publisher\":{\"@id\":\"https:\\\/\\\/avrupatv.eu\\\/#organization\"},\"alternateName\":\"Avrupa tv\",\"potentialAction\":[{\"@type\":\"SearchAction\",\"target\":{\"@type\":\"EntryPoint\",\"urlTemplate\":\"https:\\\/\\\/avrupatv.eu\\\/?s={search_term_string}\"},\"query-input\":{\"@type\":\"PropertyValueSpecification\",\"valueRequired\":true,\"valueName\":\"search_term_string\"}}],\"inLanguage\":\"tr\"},{\"@type\":\"Organization\",\"@id\":\"https:\\\/\\\/avrupatv.eu\\\/#organization\",\"name\":\"Avrupa Haber\",\"url\":\"https:\\\/\\\/avrupatv.eu\\\/\",\"logo\":{\"@type\":\"ImageObject\",\"inLanguage\":\"tr\",\"@id\":\"https:\\\/\\\/avrupatv.eu\\\/#\\\/schema\\\/logo\\\/image\\\/\",\"url\":\"https:\\\/\\\/avrupatv.eu\\\/wp-content\\\/uploads\\\/2023\\\/10\\\/cropped-thumbnail_logo.png\",\"contentUrl\":\"https:\\\/\\\/avrupatv.eu\\\/wp-content\\\/uploads\\\/2023\\\/10\\\/cropped-thumbnail_logo.png\",\"width\":1025,\"height\":302,\"caption\":\"Avrupa Haber\"},\"image\":{\"@id\":\"https:\\\/\\\/avrupatv.eu\\\/#\\\/schema\\\/logo\\\/image\\\/\"}},{\"@type\":\"Person\",\"@id\":\"https:\\\/\\\/avrupatv.eu\\\/#\\\/schema\\\/person\\\/d56afa5d5569da4029d483da36c0c17d\",\"name\":\"Onur Akpinar\",\"image\":{\"@type\":\"ImageObject\",\"inLanguage\":\"tr\",\"@id\":\"https:\\\/\\\/secure.gravatar.com\\\/avatar\\\/67a1a0bdf34f82da209334e4684b7e7171a58a5a2b0a8f836b61044f5c1f5d6a?s=96&d=mm&r=g\",\"url\":\"https:\\\/\\\/secure.gravatar.com\\\/avatar\\\/67a1a0bdf34f82da209334e4684b7e7171a58a5a2b0a8f836b61044f5c1f5d6a?s=96&d=mm&r=g\",\"contentUrl\":\"https:\\\/\\\/secure.gravatar.com\\\/avatar\\\/67a1a0bdf34f82da209334e4684b7e7171a58a5a2b0a8f836b61044f5c1f5d6a?s=96&d=mm&r=g\",\"caption\":\"Onur Akpinar\"},\"url\":\"https:\\\/\\\/avrupatv.eu\\\/index.php\\\/author\\\/onur-akpinar\\\/\"}]}<\/script>\n<!-- \/ Yoast SEO plugin. -->","yoast_head_json":{"title":"Bel\u00e7ika\u2019da 16 Ya\u015f\u0131ndaki Yusuf\u2019un Gizemli \u00d6l\u00fcm\u00fc: \u00dcvey Baba Almanya\u2019da Yakaland\u0131! - Avrupal\u0131 T\u00fcrklerin en Yeni Haber Portal\u0131","robots":{"index":"index","follow":"follow","max-snippet":"max-snippet:-1","max-image-preview":"max-image-preview:large","max-video-preview":"max-video-preview:-1"},"canonical":"https:\/\/avrupatv.eu\/index.php\/2025\/04\/20\/belcikada-16-yasindaki-yusufun-gizemli-olumu-uvey-baba-almanyada-yakalandi\/","og_locale":"tr_TR","og_type":"article","og_title":"Bel\u00e7ika\u2019da 16 Ya\u015f\u0131ndaki Yusuf\u2019un Gizemli \u00d6l\u00fcm\u00fc: \u00dcvey Baba Almanya\u2019da Yakaland\u0131! - Avrupal\u0131 T\u00fcrklerin en Yeni Haber Portal\u0131","og_description":"Onur Akp\u0131nar Bel\u00e7ika\u2019da 16 Ya\u015f\u0131ndaki Yusuf G\u00fcng\u00f6r\u2019\u00fcn \u00d6l\u00fcm\u00fcnde Cinayet \u015e\u00fcphesi Bel\u00e7ika\u2019n\u0131n Li\u00e8ge kenti ile Hollanda\u2019n\u0131n Maastricht \u015fehri aras\u0131nda yer alan Vise b\u00f6lgesindeki Meuse\u2019de, 18 Nisan Cuma g\u00fcn\u00fc gelen bir ihbar \u00fczerine harekete ge\u00e7en polis ekipleri, 16 ya\u015f\u0131ndaki T\u00fcrk genci Yusuf G\u00fcng\u00f6r\u2019\u00fcn cans\u0131z bedenine ula\u015ft\u0131. Yerel medya organlar\u0131ndan Sudinfo La Meuse gazetesine g\u00f6re, olay yerinde yap\u0131lan [&hellip;]","og_url":"https:\/\/avrupatv.eu\/index.php\/2025\/04\/20\/belcikada-16-yasindaki-yusufun-gizemli-olumu-uvey-baba-almanyada-yakalandi\/","og_site_name":"Avrupal\u0131 T\u00fcrklerin en Yeni Haber Portal\u0131","article_published_time":"2025-04-20T14:29:26+00:00","article_modified_time":"2025-04-20T14:29:27+00:00","og_image":[{"width":512,"height":512,"url":"https:\/\/avrupatv.eu\/wp-content\/uploads\/2023\/10\/cropped-cropped-thumbnail_logo.png","type":"image\/png"}],"author":"Onur Akpinar","twitter_card":"summary_large_image","twitter_misc":{"Yazan:":"Onur Akpinar","Tahmini okuma s\u00fcresi":"2 dakika"},"schema":{"@context":"https:\/\/schema.org","@graph":[{"@type":"Article","@id":"https:\/\/avrupatv.eu\/index.php\/2025\/04\/20\/belcikada-16-yasindaki-yusufun-gizemli-olumu-uvey-baba-almanyada-yakalandi\/#article","isPartOf":{"@id":"https:\/\/avrupatv.eu\/index.php\/2025\/04\/20\/belcikada-16-yasindaki-yusufun-gizemli-olumu-uvey-baba-almanyada-yakalandi\/"},"author":{"name":"Onur Akpinar","@id":"https:\/\/avrupatv.eu\/#\/schema\/person\/d56afa5d5569da4029d483da36c0c17d"},"headline":"Bel\u00e7ika\u2019da 16 Ya\u015f\u0131ndaki Yusuf\u2019un Gizemli \u00d6l\u00fcm\u00fc: \u00dcvey Baba Almanya\u2019da Yakaland\u0131!","datePublished":"2025-04-20T14:29:26+00:00","dateModified":"2025-04-20T14:29:27+00:00","mainEntityOfPage":{"@id":"https:\/\/avrupatv.eu\/index.php\/2025\/04\/20\/belcikada-16-yasindaki-yusufun-gizemli-olumu-uvey-baba-almanyada-yakalandi\/"},"wordCount":256,"commentCount":0,"publisher":{"@id":"https:\/\/avrupatv.eu\/#organization"},"image":{"@id":"https:\/\/avrupatv.eu\/index.php\/2025\/04\/20\/belcikada-16-yasindaki-yusufun-gizemli-olumu-uvey-baba-almanyada-yakalandi\/#primaryimage"},"thumbnailUrl":"https:\/\/avrupatv.eu\/wp-content\/uploads\/2025\/04\/yusuf-gungor.avif","articleSection":["Bel\u00e7ika"],"inLanguage":"tr","potentialAction":[{"@type":"CommentAction","name":"Comment","target":["https:\/\/avrupatv.eu\/index.php\/2025\/04\/20\/belcikada-16-yasindaki-yusufun-gizemli-olumu-uvey-baba-almanyada-yakalandi\/#respond"]}]},{"@type":"WebPage","@id":"https:\/\/avrupatv.eu\/index.php\/2025\/04\/20\/belcikada-16-yasindaki-yusufun-gizemli-olumu-uvey-baba-almanyada-yakalandi\/","url":"https:\/\/avrupatv.eu\/index.php\/2025\/04\/20\/belcikada-16-yasindaki-yusufun-gizemli-olumu-uvey-baba-almanyada-yakalandi\/","name":"Bel\u00e7ika\u2019da 16 Ya\u015f\u0131ndaki Yusuf\u2019un Gizemli \u00d6l\u00fcm\u00fc: \u00dcvey Baba Almanya\u2019da Yakaland\u0131! - Avrupal\u0131 T\u00fcrklerin en Yeni Haber Portal\u0131","isPartOf":{"@id":"https:\/\/avrupatv.eu\/#website"},"primaryImageOfPage":{"@id":"https:\/\/avrupatv.eu\/index.php\/2025\/04\/20\/belcikada-16-yasindaki-yusufun-gizemli-olumu-uvey-baba-almanyada-yakalandi\/#primaryimage"},"image":{"@id":"https:\/\/avrupatv.eu\/index.php\/2025\/04\/20\/belcikada-16-yasindaki-yusufun-gizemli-olumu-uvey-baba-almanyada-yakalandi\/#primaryimage"},"thumbnailUrl":"https:\/\/avrupatv.eu\/wp-content\/uploads\/2025\/04\/yusuf-gungor.avif","datePublished":"2025-04-20T14:29:26+00:00","dateModified":"2025-04-20T14:29:27+00:00","breadcrumb":{"@id":"https:\/\/avrupatv.eu\/index.php\/2025\/04\/20\/belcikada-16-yasindaki-yusufun-gizemli-olumu-uvey-baba-almanyada-yakalandi\/#breadcrumb"},"inLanguage":"tr","potentialAction":[{"@type":"ReadAction","target":["https:\/\/avrupatv.eu\/index.php\/2025\/04\/20\/belcikada-16-yasindaki-yusufun-gizemli-olumu-uvey-baba-almanyada-yakalandi\/"]}]},{"@type":"ImageObject","inLanguage":"tr","@id":"https:\/\/avrupatv.eu\/index.php\/2025\/04\/20\/belcikada-16-yasindaki-yusufun-gizemli-olumu-uvey-baba-almanyada-yakalandi\/#primaryimage","url":"https:\/\/avrupatv.eu\/wp-content\/uploads\/2025\/04\/yusuf-gungor.avif","contentUrl":"https:\/\/avrupatv.eu\/wp-content\/uploads\/2025\/04\/yusuf-gungor.avif","width":1200,"height":800},{"@type":"BreadcrumbList","@id":"https:\/\/avrupatv.eu\/index.php\/2025\/04\/20\/belcikada-16-yasindaki-yusufun-gizemli-olumu-uvey-baba-almanyada-yakalandi\/#breadcrumb","itemListElement":[{"@type":"ListItem","position":1,"name":"Anasayfa","item":"https:\/\/avrupatv.eu\/"},{"@type":"ListItem","position":2,"name":"Bel\u00e7ika\u2019da 16 Ya\u015f\u0131ndaki Yusuf\u2019un Gizemli \u00d6l\u00fcm\u00fc: \u00dcvey Baba Almanya\u2019da Yakaland\u0131!"}]},{"@type":"WebSite","@id":"https:\/\/avrupatv.eu\/#website","url":"https:\/\/avrupatv.eu\/","name":"Avrupal\u0131 T\u00fcrklerin en Yeni Haber Portal\u0131","description":"","publisher":{"@id":"https:\/\/avrupatv.eu\/#organization"},"alternateName":"Avrupa tv","potentialAction":[{"@type":"SearchAction","target":{"@type":"EntryPoint","urlTemplate":"https:\/\/avrupatv.eu\/?s={search_term_string}"},"query-input":{"@type":"PropertyValueSpecification","valueRequired":true,"valueName":"search_term_string"}}],"inLanguage":"tr"},{"@type":"Organization","@id":"https:\/\/avrupatv.eu\/#organization","name":"Avrupa Haber","url":"https:\/\/avrupatv.eu\/","logo":{"@type":"ImageObject","inLanguage":"tr","@id":"https:\/\/avrupatv.eu\/#\/schema\/logo\/image\/","url":"https:\/\/avrupatv.eu\/wp-content\/uploads\/2023\/10\/cropped-thumbnail_logo.png","contentUrl":"https:\/\/avrupatv.eu\/wp-content\/uploads\/2023\/10\/cropped-thumbnail_logo.png","width":1025,"height":302,"caption":"Avrupa Haber"},"image":{"@id":"https:\/\/avrupatv.eu\/#\/schema\/logo\/image\/"}},{"@type":"Person","@id":"https:\/\/avrupatv.eu\/#\/schema\/person\/d56afa5d5569da4029d483da36c0c17d","name":"Onur Akpinar","image":{"@type":"ImageObject","inLanguage":"tr","@id":"https:\/\/secure.gravatar.com\/avatar\/67a1a0bdf34f82da209334e4684b7e7171a58a5a2b0a8f836b61044f5c1f5d6a?s=96&d=mm&r=g","url":"https:\/\/secure.gravatar.com\/avatar\/67a1a0bdf34f82da209334e4684b7e7171a58a5a2b0a8f836b61044f5c1f5d6a?s=96&d=mm&r=g","contentUrl":"https:\/\/secure.gravatar.com\/avatar\/67a1a0bdf34f82da209334e4684b7e7171a58a5a2b0a8f836b61044f5c1f5d6a?s=96&d=mm&r=g","caption":"Onur Akpinar"},"url":"https:\/\/avrupatv.eu\/index.php\/author\/onur-akpinar\/"}]}},"_links":{"self":[{"href":"https:\/\/avrupatv.eu\/index.php\/wp-json\/wp\/v2\/posts\/1056","targetHints":{"allow":["GET"]}}],"collection":[{"href":"https:\/\/avrupatv.eu\/index.php\/wp-json\/wp\/v2\/posts"}],"about":[{"href":"https:\/\/avrupatv.eu\/index.php\/wp-json\/wp\/v2\/types\/post"}],"author":[{"embeddable":true,"href":"https:\/\/avrupatv.eu\/index.php\/wp-json\/wp\/v2\/users\/2"}],"replies":[{"embeddable":true,"href":"https:\/\/avrupatv.eu\/index.php\/wp-json\/wp\/v2\/comments?post=1056"}],"version-history":[{"count":1,"href":"https:\/\/avrupatv.eu\/index.php\/wp-json\/wp\/v2\/posts\/1056\/revisions"}],"predecessor-version":[{"id":1058,"href":"https:\/\/avrupatv.eu\/index.php\/wp-json\/wp\/v2\/posts\/1056\/revisions\/1058"}],"wp:featuredmedia":[{"embeddable":true,"href":"https:\/\/avrupatv.eu\/index.php\/wp-json\/wp\/v2\/media\/1057"}],"wp:attachment":[{"href":"https:\/\/avrupatv.eu\/index.php\/wp-json\/wp\/v2\/media?parent=1056"}],"wp:term":[{"taxonomy":"category","embeddable":true,"href":"https:\/\/avrupatv.eu\/index.php\/wp-json\/wp\/v2\/categories?post=1056"},{"taxonomy":"post_tag","embeddable":true,"href":"https:\/\/avrupatv.eu\/index.php\/wp-json\/wp\/v2\/tags?post=1056"}],"curies":[{"name":"wp","href":"https:\/\/api.w.org\/{rel}","templated":true}]}}