{"id":1044,"date":"2025-03-31T08:56:07","date_gmt":"2025-03-31T08:56:07","guid":{"rendered":"https:\/\/avrupatv.eu\/?p=1044"},"modified":"2025-03-31T08:56:08","modified_gmt":"2025-03-31T08:56:08","slug":"genc-girisimci-emir-kesandan-yeni-bir-adim","status":"publish","type":"post","link":"https:\/\/avrupatv.eu\/index.php\/2025\/03\/31\/genc-girisimci-emir-kesandan-yeni-bir-adim\/","title":{"rendered":"Gen\u00e7 Giri\u015fimci Emir Ke\u015fan&#8217;dan yeni bir ad\u0131m"},"content":{"rendered":"\n<p><strong>Gen\u00e7 Giri\u015fimcilerden Yeni Bir Ad\u0131m<\/strong><\/p>\n\n\n\n<p>Gazeteci ve gen\u00e7 giri\u015fimci Emir Ke\u015fan, i\u015fletmecilik alan\u0131ndaki tecr\u00fcbelerine yeni bir sayfa ekliyor. Y\u0131llar \u00f6nce bu sekt\u00f6rde deneyim kazanan Ke\u015fan, bir s\u00fcredir ara verdi\u011fi i\u015fletmecili\u011fe geri d\u00f6n\u00fcyor. 5 Nisan Cumartesi g\u00fcn\u00fc bu yolculu\u011fa resmen ba\u015flayacak.<\/p>\n\n\n\n<p>Yeni giri\u015fimiyle ilgili d\u00fc\u015f\u00fcncelerini payla\u015fan Ke\u015fan, &#8220;Benim i\u00e7in yeni bir deneyim. Uzun zaman oldu ve nas\u0131l olaca\u011f\u0131n\u0131 ger\u00e7ekten bilmiyorum. Kendimi deneyece\u011fim, olursa mutlu olurum, olmazsa hay\u0131rl\u0131s\u0131 buymu\u015f diyece\u011fim. Herkesi bekliyorum,&#8221; diyerek s\u00fcrece dair samimi bir mesaj verdi.<\/p>\n\n\n\n<p>A\u00e7\u0131l\u0131\u015f, 5 Nisan&#8217;da \u0130stanbul Beyo\u011flu\u2019nda ger\u00e7ekle\u015fecek. Daha fazla detay i\u00e7in Emir Ke\u015fan\u2019\u0131n Instagram hesab\u0131 (@emirkesan) \u00fczerinden bilgi al\u0131nabilir.<\/p>\n\n\n\n<p>Gen\u00e7 giri\u015fimciye ba\u015far\u0131lar diliyoruz.<\/p>\n\n\n\n<figure class=\"wp-block-gallery has-nested-images columns-default is-cropped wp-block-gallery-1 is-layout-flex wp-block-gallery-is-layout-flex\"><\/figure>\n","protected":false},"excerpt":{"rendered":"<p>Gen\u00e7 Giri\u015fimcilerden Yeni Bir Ad\u0131m Gazeteci ve gen\u00e7 giri\u015fimci Emir Ke\u015fan, i\u015fletmecilik alan\u0131ndaki tecr\u00fcbelerine yeni bir sayfa ekliyor. Y\u0131llar \u00f6nce bu sekt\u00f6rde deneyim kazanan Ke\u015fan, bir s\u00fcredir ara verdi\u011fi i\u015fletmecili\u011fe geri d\u00f6n\u00fcyor. 5 Nisan Cumartesi g\u00fcn\u00fc bu yolculu\u011fa resmen ba\u015flayacak. Yeni giri\u015fimiyle ilgili d\u00fc\u015f\u00fcncelerini payla\u015fan Ke\u015fan, &#8220;Benim i\u00e7in yeni bir deneyim. Uzun zaman oldu ve [&hellip;]<\/p>\n","protected":false},"author":2,"featured_media":1045,"comment_status":"open","ping_status":"open","sticky":false,"template":"","format":"standard","meta":{"footnotes":""},"categories":[20],"tags":[],"class_list":["post-1044","post","type-post","status-publish","format-standard","has-post-thumbnail","hentry","category-magazin-turkiye"],"yoast_head":"<!-- This site is optimized with the Yoast SEO plugin v27.4 - https:\/\/yoast.com\/product\/yoast-seo-wordpress\/ -->\n<title>Gen\u00e7 Giri\u015fimci Emir Ke\u015fan&#039;dan yeni bir ad\u0131m - Avrupal\u0131 T\u00fcrklerin en Yeni Haber Portal\u0131<\/title>\n<meta name=\"robots\" content=\"index, follow, max-snippet:-1, max-image-preview:large, max-video-preview:-1\" \/>\n<link rel=\"canonical\" href=\"https:\/\/avrupatv.eu\/index.php\/2025\/03\/31\/genc-girisimci-emir-kesandan-yeni-bir-adim\/\" \/>\n<meta property=\"og:locale\" content=\"tr_TR\" \/>\n<meta property=\"og:type\" content=\"article\" \/>\n<meta property=\"og:title\" content=\"Gen\u00e7 Giri\u015fimci Emir Ke\u015fan&#039;dan yeni bir ad\u0131m - Avrupal\u0131 T\u00fcrklerin en Yeni Haber Portal\u0131\" \/>\n<meta property=\"og:description\" content=\"Gen\u00e7 Giri\u015fimcilerden Yeni Bir Ad\u0131m Gazeteci ve gen\u00e7 giri\u015fimci Emir Ke\u015fan, i\u015fletmecilik alan\u0131ndaki tecr\u00fcbelerine yeni bir sayfa ekliyor. Y\u0131llar \u00f6nce bu sekt\u00f6rde deneyim kazanan Ke\u015fan, bir s\u00fcredir ara verdi\u011fi i\u015fletmecili\u011fe geri d\u00f6n\u00fcyor. 5 Nisan Cumartesi g\u00fcn\u00fc bu yolculu\u011fa resmen ba\u015flayacak. Yeni giri\u015fimiyle ilgili d\u00fc\u015f\u00fcncelerini payla\u015fan Ke\u015fan, &#8220;Benim i\u00e7in yeni bir deneyim. Uzun zaman oldu ve [&hellip;]\" \/>\n<meta property=\"og:url\" content=\"https:\/\/avrupatv.eu\/index.php\/2025\/03\/31\/genc-girisimci-emir-kesandan-yeni-bir-adim\/\" \/>\n<meta property=\"og:site_name\" content=\"Avrupal\u0131 T\u00fcrklerin en Yeni Haber Portal\u0131\" \/>\n<meta property=\"article:published_time\" content=\"2025-03-31T08:56:07+00:00\" \/>\n<meta property=\"article:modified_time\" content=\"2025-03-31T08:56:08+00:00\" \/>\n<meta property=\"og:image\" content=\"https:\/\/avrupatv.eu\/wp-content\/uploads\/2025\/03\/IMG-20250331-WA0006.jpg\" \/>\n\t<meta property=\"og:image:width\" content=\"1536\" \/>\n\t<meta property=\"og:image:height\" content=\"2048\" \/>\n\t<meta property=\"og:image:type\" content=\"image\/jpeg\" \/>\n<meta name=\"author\" content=\"Onur Akpinar\" \/>\n<meta name=\"twitter:card\" content=\"summary_large_image\" \/>\n<meta name=\"twitter:label1\" content=\"Yazan:\" \/>\n\t<meta name=\"twitter:data1\" content=\"Onur Akpinar\" \/>\n\t<meta name=\"twitter:label2\" content=\"Tahmini okuma s\u00fcresi\" \/>\n\t<meta name=\"twitter:data2\" content=\"1 dakika\" \/>\n<script type=\"application\/ld+json\" class=\"yoast-schema-graph\">{\"@context\":\"https:\\\/\\\/schema.org\",\"@graph\":[{\"@type\":\"Article\",\"@id\":\"https:\\\/\\\/avrupatv.eu\\\/index.php\\\/2025\\\/03\\\/31\\\/genc-girisimci-emir-kesandan-yeni-bir-adim\\\/#article\",\"isPartOf\":{\"@id\":\"https:\\\/\\\/avrupatv.eu\\\/index.php\\\/2025\\\/03\\\/31\\\/genc-girisimci-emir-kesandan-yeni-bir-adim\\\/\"},\"author\":{\"name\":\"Onur Akpinar\",\"@id\":\"https:\\\/\\\/avrupatv.eu\\\/#\\\/schema\\\/person\\\/d56afa5d5569da4029d483da36c0c17d\"},\"headline\":\"Gen\u00e7 Giri\u015fimci Emir Ke\u015fan&#8217;dan yeni bir ad\u0131m\",\"datePublished\":\"2025-03-31T08:56:07+00:00\",\"dateModified\":\"2025-03-31T08:56:08+00:00\",\"mainEntityOfPage\":{\"@id\":\"https:\\\/\\\/avrupatv.eu\\\/index.php\\\/2025\\\/03\\\/31\\\/genc-girisimci-emir-kesandan-yeni-bir-adim\\\/\"},\"wordCount\":153,\"commentCount\":0,\"publisher\":{\"@id\":\"https:\\\/\\\/avrupatv.eu\\\/#organization\"},\"image\":{\"@id\":\"https:\\\/\\\/avrupatv.eu\\\/index.php\\\/2025\\\/03\\\/31\\\/genc-girisimci-emir-kesandan-yeni-bir-adim\\\/#primaryimage\"},\"thumbnailUrl\":\"https:\\\/\\\/avrupatv.eu\\\/wp-content\\\/uploads\\\/2025\\\/03\\\/IMG-20250331-WA0006.jpg\",\"articleSection\":[\"Magazin T\u00fcrkiye\"],\"inLanguage\":\"tr\",\"potentialAction\":[{\"@type\":\"CommentAction\",\"name\":\"Comment\",\"target\":[\"https:\\\/\\\/avrupatv.eu\\\/index.php\\\/2025\\\/03\\\/31\\\/genc-girisimci-emir-kesandan-yeni-bir-adim\\\/#respond\"]}]},{\"@type\":\"WebPage\",\"@id\":\"https:\\\/\\\/avrupatv.eu\\\/index.php\\\/2025\\\/03\\\/31\\\/genc-girisimci-emir-kesandan-yeni-bir-adim\\\/\",\"url\":\"https:\\\/\\\/avrupatv.eu\\\/index.php\\\/2025\\\/03\\\/31\\\/genc-girisimci-emir-kesandan-yeni-bir-adim\\\/\",\"name\":\"Gen\u00e7 Giri\u015fimci Emir Ke\u015fan'dan yeni bir ad\u0131m - Avrupal\u0131 T\u00fcrklerin en Yeni Haber Portal\u0131\",\"isPartOf\":{\"@id\":\"https:\\\/\\\/avrupatv.eu\\\/#website\"},\"primaryImageOfPage\":{\"@id\":\"https:\\\/\\\/avrupatv.eu\\\/index.php\\\/2025\\\/03\\\/31\\\/genc-girisimci-emir-kesandan-yeni-bir-adim\\\/#primaryimage\"},\"image\":{\"@id\":\"https:\\\/\\\/avrupatv.eu\\\/index.php\\\/2025\\\/03\\\/31\\\/genc-girisimci-emir-kesandan-yeni-bir-adim\\\/#primaryimage\"},\"thumbnailUrl\":\"https:\\\/\\\/avrupatv.eu\\\/wp-content\\\/uploads\\\/2025\\\/03\\\/IMG-20250331-WA0006.jpg\",\"datePublished\":\"2025-03-31T08:56:07+00:00\",\"dateModified\":\"2025-03-31T08:56:08+00:00\",\"breadcrumb\":{\"@id\":\"https:\\\/\\\/avrupatv.eu\\\/index.php\\\/2025\\\/03\\\/31\\\/genc-girisimci-emir-kesandan-yeni-bir-adim\\\/#breadcrumb\"},\"inLanguage\":\"tr\",\"potentialAction\":[{\"@type\":\"ReadAction\",\"target\":[\"https:\\\/\\\/avrupatv.eu\\\/index.php\\\/2025\\\/03\\\/31\\\/genc-girisimci-emir-kesandan-yeni-bir-adim\\\/\"]}]},{\"@type\":\"ImageObject\",\"inLanguage\":\"tr\",\"@id\":\"https:\\\/\\\/avrupatv.eu\\\/index.php\\\/2025\\\/03\\\/31\\\/genc-girisimci-emir-kesandan-yeni-bir-adim\\\/#primaryimage\",\"url\":\"https:\\\/\\\/avrupatv.eu\\\/wp-content\\\/uploads\\\/2025\\\/03\\\/IMG-20250331-WA0006.jpg\",\"contentUrl\":\"https:\\\/\\\/avrupatv.eu\\\/wp-content\\\/uploads\\\/2025\\\/03\\\/IMG-20250331-WA0006.jpg\",\"width\":1536,\"height\":2048},{\"@type\":\"BreadcrumbList\",\"@id\":\"https:\\\/\\\/avrupatv.eu\\\/index.php\\\/2025\\\/03\\\/31\\\/genc-girisimci-emir-kesandan-yeni-bir-adim\\\/#breadcrumb\",\"itemListElement\":[{\"@type\":\"ListItem\",\"position\":1,\"name\":\"Anasayfa\",\"item\":\"https:\\\/\\\/avrupatv.eu\\\/\"},{\"@type\":\"ListItem\",\"position\":2,\"name\":\"Gen\u00e7 Giri\u015fimci Emir Ke\u015fan&#8217;dan yeni bir ad\u0131m\"}]},{\"@type\":\"WebSite\",\"@id\":\"https:\\\/\\\/avrupatv.eu\\\/#website\",\"url\":\"https:\\\/\\\/avrupatv.eu\\\/\",\"name\":\"Avrupal\u0131 T\u00fcrklerin en Yeni Haber Portal\u0131\",\"description\":\"\",\"publisher\":{\"@id\":\"https:\\\/\\\/avrupatv.eu\\\/#organization\"},\"alternateName\":\"Avrupa tv\",\"potentialAction\":[{\"@type\":\"SearchAction\",\"target\":{\"@type\":\"EntryPoint\",\"urlTemplate\":\"https:\\\/\\\/avrupatv.eu\\\/?s={search_term_string}\"},\"query-input\":{\"@type\":\"PropertyValueSpecification\",\"valueRequired\":true,\"valueName\":\"search_term_string\"}}],\"inLanguage\":\"tr\"},{\"@type\":\"Organization\",\"@id\":\"https:\\\/\\\/avrupatv.eu\\\/#organization\",\"name\":\"Avrupa Haber\",\"url\":\"https:\\\/\\\/avrupatv.eu\\\/\",\"logo\":{\"@type\":\"ImageObject\",\"inLanguage\":\"tr\",\"@id\":\"https:\\\/\\\/avrupatv.eu\\\/#\\\/schema\\\/logo\\\/image\\\/\",\"url\":\"https:\\\/\\\/avrupatv.eu\\\/wp-content\\\/uploads\\\/2023\\\/10\\\/cropped-thumbnail_logo.png\",\"contentUrl\":\"https:\\\/\\\/avrupatv.eu\\\/wp-content\\\/uploads\\\/2023\\\/10\\\/cropped-thumbnail_logo.png\",\"width\":1025,\"height\":302,\"caption\":\"Avrupa Haber\"},\"image\":{\"@id\":\"https:\\\/\\\/avrupatv.eu\\\/#\\\/schema\\\/logo\\\/image\\\/\"}},{\"@type\":\"Person\",\"@id\":\"https:\\\/\\\/avrupatv.eu\\\/#\\\/schema\\\/person\\\/d56afa5d5569da4029d483da36c0c17d\",\"name\":\"Onur Akpinar\",\"image\":{\"@type\":\"ImageObject\",\"inLanguage\":\"tr\",\"@id\":\"https:\\\/\\\/secure.gravatar.com\\\/avatar\\\/67a1a0bdf34f82da209334e4684b7e7171a58a5a2b0a8f836b61044f5c1f5d6a?s=96&d=mm&r=g\",\"url\":\"https:\\\/\\\/secure.gravatar.com\\\/avatar\\\/67a1a0bdf34f82da209334e4684b7e7171a58a5a2b0a8f836b61044f5c1f5d6a?s=96&d=mm&r=g\",\"contentUrl\":\"https:\\\/\\\/secure.gravatar.com\\\/avatar\\\/67a1a0bdf34f82da209334e4684b7e7171a58a5a2b0a8f836b61044f5c1f5d6a?s=96&d=mm&r=g\",\"caption\":\"Onur Akpinar\"},\"url\":\"https:\\\/\\\/avrupatv.eu\\\/index.php\\\/author\\\/onur-akpinar\\\/\"}]}<\/script>\n<!-- \/ Yoast SEO plugin. -->","yoast_head_json":{"title":"Gen\u00e7 Giri\u015fimci Emir Ke\u015fan'dan yeni bir ad\u0131m - Avrupal\u0131 T\u00fcrklerin en Yeni Haber Portal\u0131","robots":{"index":"index","follow":"follow","max-snippet":"max-snippet:-1","max-image-preview":"max-image-preview:large","max-video-preview":"max-video-preview:-1"},"canonical":"https:\/\/avrupatv.eu\/index.php\/2025\/03\/31\/genc-girisimci-emir-kesandan-yeni-bir-adim\/","og_locale":"tr_TR","og_type":"article","og_title":"Gen\u00e7 Giri\u015fimci Emir Ke\u015fan'dan yeni bir ad\u0131m - Avrupal\u0131 T\u00fcrklerin en Yeni Haber Portal\u0131","og_description":"Gen\u00e7 Giri\u015fimcilerden Yeni Bir Ad\u0131m Gazeteci ve gen\u00e7 giri\u015fimci Emir Ke\u015fan, i\u015fletmecilik alan\u0131ndaki tecr\u00fcbelerine yeni bir sayfa ekliyor. Y\u0131llar \u00f6nce bu sekt\u00f6rde deneyim kazanan Ke\u015fan, bir s\u00fcredir ara verdi\u011fi i\u015fletmecili\u011fe geri d\u00f6n\u00fcyor. 5 Nisan Cumartesi g\u00fcn\u00fc bu yolculu\u011fa resmen ba\u015flayacak. Yeni giri\u015fimiyle ilgili d\u00fc\u015f\u00fcncelerini payla\u015fan Ke\u015fan, &#8220;Benim i\u00e7in yeni bir deneyim. Uzun zaman oldu ve [&hellip;]","og_url":"https:\/\/avrupatv.eu\/index.php\/2025\/03\/31\/genc-girisimci-emir-kesandan-yeni-bir-adim\/","og_site_name":"Avrupal\u0131 T\u00fcrklerin en Yeni Haber Portal\u0131","article_published_time":"2025-03-31T08:56:07+00:00","article_modified_time":"2025-03-31T08:56:08+00:00","og_image":[{"width":1536,"height":2048,"url":"https:\/\/avrupatv.eu\/wp-content\/uploads\/2025\/03\/IMG-20250331-WA0006.jpg","type":"image\/jpeg"}],"author":"Onur Akpinar","twitter_card":"summary_large_image","twitter_misc":{"Yazan:":"Onur Akpinar","Tahmini okuma s\u00fcresi":"1 dakika"},"schema":{"@context":"https:\/\/schema.org","@graph":[{"@type":"Article","@id":"https:\/\/avrupatv.eu\/index.php\/2025\/03\/31\/genc-girisimci-emir-kesandan-yeni-bir-adim\/#article","isPartOf":{"@id":"https:\/\/avrupatv.eu\/index.php\/2025\/03\/31\/genc-girisimci-emir-kesandan-yeni-bir-adim\/"},"author":{"name":"Onur Akpinar","@id":"https:\/\/avrupatv.eu\/#\/schema\/person\/d56afa5d5569da4029d483da36c0c17d"},"headline":"Gen\u00e7 Giri\u015fimci Emir Ke\u015fan&#8217;dan yeni bir ad\u0131m","datePublished":"2025-03-31T08:56:07+00:00","dateModified":"2025-03-31T08:56:08+00:00","mainEntityOfPage":{"@id":"https:\/\/avrupatv.eu\/index.php\/2025\/03\/31\/genc-girisimci-emir-kesandan-yeni-bir-adim\/"},"wordCount":153,"commentCount":0,"publisher":{"@id":"https:\/\/avrupatv.eu\/#organization"},"image":{"@id":"https:\/\/avrupatv.eu\/index.php\/2025\/03\/31\/genc-girisimci-emir-kesandan-yeni-bir-adim\/#primaryimage"},"thumbnailUrl":"https:\/\/avrupatv.eu\/wp-content\/uploads\/2025\/03\/IMG-20250331-WA0006.jpg","articleSection":["Magazin T\u00fcrkiye"],"inLanguage":"tr","potentialAction":[{"@type":"CommentAction","name":"Comment","target":["https:\/\/avrupatv.eu\/index.php\/2025\/03\/31\/genc-girisimci-emir-kesandan-yeni-bir-adim\/#respond"]}]},{"@type":"WebPage","@id":"https:\/\/avrupatv.eu\/index.php\/2025\/03\/31\/genc-girisimci-emir-kesandan-yeni-bir-adim\/","url":"https:\/\/avrupatv.eu\/index.php\/2025\/03\/31\/genc-girisimci-emir-kesandan-yeni-bir-adim\/","name":"Gen\u00e7 Giri\u015fimci Emir Ke\u015fan'dan yeni bir ad\u0131m - Avrupal\u0131 T\u00fcrklerin en Yeni Haber Portal\u0131","isPartOf":{"@id":"https:\/\/avrupatv.eu\/#website"},"primaryImageOfPage":{"@id":"https:\/\/avrupatv.eu\/index.php\/2025\/03\/31\/genc-girisimci-emir-kesandan-yeni-bir-adim\/#primaryimage"},"image":{"@id":"https:\/\/avrupatv.eu\/index.php\/2025\/03\/31\/genc-girisimci-emir-kesandan-yeni-bir-adim\/#primaryimage"},"thumbnailUrl":"https:\/\/avrupatv.eu\/wp-content\/uploads\/2025\/03\/IMG-20250331-WA0006.jpg","datePublished":"2025-03-31T08:56:07+00:00","dateModified":"2025-03-31T08:56:08+00:00","breadcrumb":{"@id":"https:\/\/avrupatv.eu\/index.php\/2025\/03\/31\/genc-girisimci-emir-kesandan-yeni-bir-adim\/#breadcrumb"},"inLanguage":"tr","potentialAction":[{"@type":"ReadAction","target":["https:\/\/avrupatv.eu\/index.php\/2025\/03\/31\/genc-girisimci-emir-kesandan-yeni-bir-adim\/"]}]},{"@type":"ImageObject","inLanguage":"tr","@id":"https:\/\/avrupatv.eu\/index.php\/2025\/03\/31\/genc-girisimci-emir-kesandan-yeni-bir-adim\/#primaryimage","url":"https:\/\/avrupatv.eu\/wp-content\/uploads\/2025\/03\/IMG-20250331-WA0006.jpg","contentUrl":"https:\/\/avrupatv.eu\/wp-content\/uploads\/2025\/03\/IMG-20250331-WA0006.jpg","width":1536,"height":2048},{"@type":"BreadcrumbList","@id":"https:\/\/avrupatv.eu\/index.php\/2025\/03\/31\/genc-girisimci-emir-kesandan-yeni-bir-adim\/#breadcrumb","itemListElement":[{"@type":"ListItem","position":1,"name":"Anasayfa","item":"https:\/\/avrupatv.eu\/"},{"@type":"ListItem","position":2,"name":"Gen\u00e7 Giri\u015fimci Emir Ke\u015fan&#8217;dan yeni bir ad\u0131m"}]},{"@type":"WebSite","@id":"https:\/\/avrupatv.eu\/#website","url":"https:\/\/avrupatv.eu\/","name":"Avrupal\u0131 T\u00fcrklerin en Yeni Haber Portal\u0131","description":"","publisher":{"@id":"https:\/\/avrupatv.eu\/#organization"},"alternateName":"Avrupa tv","potentialAction":[{"@type":"SearchAction","target":{"@type":"EntryPoint","urlTemplate":"https:\/\/avrupatv.eu\/?s={search_term_string}"},"query-input":{"@type":"PropertyValueSpecification","valueRequired":true,"valueName":"search_term_string"}}],"inLanguage":"tr"},{"@type":"Organization","@id":"https:\/\/avrupatv.eu\/#organization","name":"Avrupa Haber","url":"https:\/\/avrupatv.eu\/","logo":{"@type":"ImageObject","inLanguage":"tr","@id":"https:\/\/avrupatv.eu\/#\/schema\/logo\/image\/","url":"https:\/\/avrupatv.eu\/wp-content\/uploads\/2023\/10\/cropped-thumbnail_logo.png","contentUrl":"https:\/\/avrupatv.eu\/wp-content\/uploads\/2023\/10\/cropped-thumbnail_logo.png","width":1025,"height":302,"caption":"Avrupa Haber"},"image":{"@id":"https:\/\/avrupatv.eu\/#\/schema\/logo\/image\/"}},{"@type":"Person","@id":"https:\/\/avrupatv.eu\/#\/schema\/person\/d56afa5d5569da4029d483da36c0c17d","name":"Onur Akpinar","image":{"@type":"ImageObject","inLanguage":"tr","@id":"https:\/\/secure.gravatar.com\/avatar\/67a1a0bdf34f82da209334e4684b7e7171a58a5a2b0a8f836b61044f5c1f5d6a?s=96&d=mm&r=g","url":"https:\/\/secure.gravatar.com\/avatar\/67a1a0bdf34f82da209334e4684b7e7171a58a5a2b0a8f836b61044f5c1f5d6a?s=96&d=mm&r=g","contentUrl":"https:\/\/secure.gravatar.com\/avatar\/67a1a0bdf34f82da209334e4684b7e7171a58a5a2b0a8f836b61044f5c1f5d6a?s=96&d=mm&r=g","caption":"Onur Akpinar"},"url":"https:\/\/avrupatv.eu\/index.php\/author\/onur-akpinar\/"}]}},"_links":{"self":[{"href":"https:\/\/avrupatv.eu\/index.php\/wp-json\/wp\/v2\/posts\/1044","targetHints":{"allow":["GET"]}}],"collection":[{"href":"https:\/\/avrupatv.eu\/index.php\/wp-json\/wp\/v2\/posts"}],"about":[{"href":"https:\/\/avrupatv.eu\/index.php\/wp-json\/wp\/v2\/types\/post"}],"author":[{"embeddable":true,"href":"https:\/\/avrupatv.eu\/index.php\/wp-json\/wp\/v2\/users\/2"}],"replies":[{"embeddable":true,"href":"https:\/\/avrupatv.eu\/index.php\/wp-json\/wp\/v2\/comments?post=1044"}],"version-history":[{"count":1,"href":"https:\/\/avrupatv.eu\/index.php\/wp-json\/wp\/v2\/posts\/1044\/revisions"}],"predecessor-version":[{"id":1046,"href":"https:\/\/avrupatv.eu\/index.php\/wp-json\/wp\/v2\/posts\/1044\/revisions\/1046"}],"wp:featuredmedia":[{"embeddable":true,"href":"https:\/\/avrupatv.eu\/index.php\/wp-json\/wp\/v2\/media\/1045"}],"wp:attachment":[{"href":"https:\/\/avrupatv.eu\/index.php\/wp-json\/wp\/v2\/media?parent=1044"}],"wp:term":[{"taxonomy":"category","embeddable":true,"href":"https:\/\/avrupatv.eu\/index.php\/wp-json\/wp\/v2\/categories?post=1044"},{"taxonomy":"post_tag","embeddable":true,"href":"https:\/\/avrupatv.eu\/index.php\/wp-json\/wp\/v2\/tags?post=1044"}],"curies":[{"name":"wp","href":"https:\/\/api.w.org\/{rel}","templated":true}]}}