{"id":1039,"date":"2025-03-30T22:16:53","date_gmt":"2025-03-30T22:16:53","guid":{"rendered":"https:\/\/avrupatv.eu\/?p=1039"},"modified":"2025-03-30T22:22:55","modified_gmt":"2025-03-30T22:22:55","slug":"volkan-konak-hayatini-kaybettiolum-sebebi-nedir","status":"publish","type":"post","link":"https:\/\/avrupatv.eu\/index.php\/2025\/03\/30\/volkan-konak-hayatini-kaybettiolum-sebebi-nedir\/","title":{"rendered":"Volkan Konak Hayat\u0131n\u0131 Kaybetti,\u00f6l\u00fcm sebebi nedir?"},"content":{"rendered":"\n<p><strong>Volkan Konak Hayat\u0131n\u0131 Kaybetti<\/strong><\/p>\n\n\n\n<p>T\u00fcrk m\u00fczi\u011finin sevilen sanat\u00e7\u0131lar\u0131ndan Volkan Konak, 30 Mart 2025 ak\u015fam\u0131 Kuzey K\u0131br\u0131s T\u00fcrk Cumhuriyeti&#8217;nde (KKTC) verdi\u011fi konser s\u0131ras\u0131nda aniden fenala\u015farak sahnede yere y\u0131\u011f\u0131ld\u0131. Konser alan\u0131nda yap\u0131lan ilk m\u00fcdahalenin ard\u0131ndan \u00fcnl\u00fc sanat\u00e7\u0131, h\u0131zla Gazima\u011fusa Devlet Hastanesi&#8217;ne kald\u0131r\u0131ld\u0131. Ancak, t\u00fcm \u00e7abalara ra\u011fmen 31 Mart 2025 tarihinde hayat\u0131n\u0131 kaybetti.<\/p>\n\n\n\n<p><strong>\u00d6l\u00fcm Nedeni Kalp Krizi<\/strong><\/p>\n\n\n\n<p>Sanat\u00e7\u0131n\u0131n ani \u00f6l\u00fcm\u00fc hayranlar\u0131n\u0131 ve m\u00fczik d\u00fcnyas\u0131n\u0131 derin bir \u00fcz\u00fcnt\u00fcye bo\u011fdu. Doktorlar\u0131n yapt\u0131\u011f\u0131 a\u00e7\u0131klamaya g\u00f6re Volkan Konak&#8217;\u0131n \u00f6l\u00fcm sebebi kalp krizi olarak belirlendi.<\/p>\n\n\n\n<p><strong>Volkan Konak Kimdir?<\/strong><\/p>\n\n\n\n<p>27 \u015eubat 1967&#8217;de Trabzon&#8217;un Ma\u00e7ka il\u00e7esinde do\u011fan Volkan Konak, T\u00fcrk halk m\u00fczi\u011finin en \u00f6nemli isimlerinden biri olarak kabul ediliyordu. Karadeniz m\u00fczi\u011fini modern dokunu\u015flarla birle\u015ftirerek geni\u015f kitlelere ula\u015ft\u0131ran sanat\u00e7\u0131, y\u0131llar boyunca say\u0131s\u0131z alb\u00fcm ve eser \u00fcretti. 2006 y\u0131l\u0131nda \u00e7\u0131kard\u0131\u011f\u0131 &#8220;Mora&#8221; alb\u00fcm\u00fc, M\u00dc-YAP taraf\u0131ndan alt\u0131n plak \u00f6d\u00fcl\u00fcne lay\u0131k g\u00f6r\u00fclm\u00fc\u015ft\u00fc.<\/p>\n\n\n\n<p><strong>Hayranlar\u0131 ve Sanat Camias\u0131 Yasta<\/strong><\/p>\n\n\n\n<p>Volkan Konak\u2019\u0131n beklenmedik vefat\u0131 sanat camias\u0131nda ve hayranlar\u0131 aras\u0131nda b\u00fcy\u00fck \u00fcz\u00fcnt\u00fc yaratt\u0131. Sosyal medyada \u00fcnl\u00fc isimler ve dinleyicileri taraf\u0131ndan duygusal mesajlar payla\u015f\u0131l\u0131rken, ailesi ve yak\u0131nlar\u0131 da b\u00fcy\u00fck bir ac\u0131 i\u00e7inde olduklar\u0131n\u0131 belirtti.<\/p>\n","protected":false},"excerpt":{"rendered":"<p>Volkan Konak Hayat\u0131n\u0131 Kaybetti T\u00fcrk m\u00fczi\u011finin sevilen sanat\u00e7\u0131lar\u0131ndan Volkan Konak, 30 Mart 2025 ak\u015fam\u0131 Kuzey K\u0131br\u0131s T\u00fcrk Cumhuriyeti&#8217;nde (KKTC) verdi\u011fi konser s\u0131ras\u0131nda aniden fenala\u015farak sahnede yere y\u0131\u011f\u0131ld\u0131. Konser alan\u0131nda yap\u0131lan ilk m\u00fcdahalenin ard\u0131ndan \u00fcnl\u00fc sanat\u00e7\u0131, h\u0131zla Gazima\u011fusa Devlet Hastanesi&#8217;ne kald\u0131r\u0131ld\u0131. Ancak, t\u00fcm \u00e7abalara ra\u011fmen 31 Mart 2025 tarihinde hayat\u0131n\u0131 kaybetti. \u00d6l\u00fcm Nedeni Kalp Krizi Sanat\u00e7\u0131n\u0131n [&hellip;]<\/p>\n","protected":false},"author":2,"featured_media":1040,"comment_status":"open","ping_status":"open","sticky":false,"template":"","format":"standard","meta":{"footnotes":""},"categories":[20],"tags":[],"class_list":["post-1039","post","type-post","status-publish","format-standard","has-post-thumbnail","hentry","category-magazin-turkiye"],"yoast_head":"<!-- This site is optimized with the Yoast SEO plugin v27.4 - https:\/\/yoast.com\/product\/yoast-seo-wordpress\/ -->\n<title>Volkan Konak Hayat\u0131n\u0131 Kaybetti,\u00f6l\u00fcm sebebi nedir? - Avrupal\u0131 T\u00fcrklerin en Yeni Haber Portal\u0131<\/title>\n<meta name=\"robots\" content=\"index, follow, max-snippet:-1, max-image-preview:large, max-video-preview:-1\" \/>\n<link rel=\"canonical\" href=\"https:\/\/avrupatv.eu\/index.php\/2025\/03\/30\/volkan-konak-hayatini-kaybettiolum-sebebi-nedir\/\" \/>\n<meta property=\"og:locale\" content=\"tr_TR\" \/>\n<meta property=\"og:type\" content=\"article\" \/>\n<meta property=\"og:title\" content=\"Volkan Konak Hayat\u0131n\u0131 Kaybetti,\u00f6l\u00fcm sebebi nedir? - Avrupal\u0131 T\u00fcrklerin en Yeni Haber Portal\u0131\" \/>\n<meta property=\"og:description\" content=\"Volkan Konak Hayat\u0131n\u0131 Kaybetti T\u00fcrk m\u00fczi\u011finin sevilen sanat\u00e7\u0131lar\u0131ndan Volkan Konak, 30 Mart 2025 ak\u015fam\u0131 Kuzey K\u0131br\u0131s T\u00fcrk Cumhuriyeti&#8217;nde (KKTC) verdi\u011fi konser s\u0131ras\u0131nda aniden fenala\u015farak sahnede yere y\u0131\u011f\u0131ld\u0131. Konser alan\u0131nda yap\u0131lan ilk m\u00fcdahalenin ard\u0131ndan \u00fcnl\u00fc sanat\u00e7\u0131, h\u0131zla Gazima\u011fusa Devlet Hastanesi&#8217;ne kald\u0131r\u0131ld\u0131. Ancak, t\u00fcm \u00e7abalara ra\u011fmen 31 Mart 2025 tarihinde hayat\u0131n\u0131 kaybetti. \u00d6l\u00fcm Nedeni Kalp Krizi Sanat\u00e7\u0131n\u0131n [&hellip;]\" \/>\n<meta property=\"og:url\" content=\"https:\/\/avrupatv.eu\/index.php\/2025\/03\/30\/volkan-konak-hayatini-kaybettiolum-sebebi-nedir\/\" \/>\n<meta property=\"og:site_name\" content=\"Avrupal\u0131 T\u00fcrklerin en Yeni Haber Portal\u0131\" \/>\n<meta property=\"article:published_time\" content=\"2025-03-30T22:16:53+00:00\" \/>\n<meta property=\"article:modified_time\" content=\"2025-03-30T22:22:55+00:00\" \/>\n<meta property=\"og:image\" content=\"https:\/\/avrupatv.eu\/wp-content\/uploads\/2025\/03\/s-a649e1bcd64fab666747c8ee2f0c92bdc89c91b7.jpg\" \/>\n\t<meta property=\"og:image:width\" content=\"900\" \/>\n\t<meta property=\"og:image:height\" content=\"507\" \/>\n\t<meta property=\"og:image:type\" content=\"image\/jpeg\" \/>\n<meta name=\"author\" content=\"Onur Akpinar\" \/>\n<meta name=\"twitter:card\" content=\"summary_large_image\" \/>\n<meta name=\"twitter:label1\" content=\"Yazan:\" \/>\n\t<meta name=\"twitter:data1\" content=\"Onur Akpinar\" \/>\n\t<meta name=\"twitter:label2\" content=\"Tahmini okuma s\u00fcresi\" \/>\n\t<meta name=\"twitter:data2\" content=\"2 dakika\" \/>\n<script type=\"application\/ld+json\" class=\"yoast-schema-graph\">{\"@context\":\"https:\\\/\\\/schema.org\",\"@graph\":[{\"@type\":\"Article\",\"@id\":\"https:\\\/\\\/avrupatv.eu\\\/index.php\\\/2025\\\/03\\\/30\\\/volkan-konak-hayatini-kaybettiolum-sebebi-nedir\\\/#article\",\"isPartOf\":{\"@id\":\"https:\\\/\\\/avrupatv.eu\\\/index.php\\\/2025\\\/03\\\/30\\\/volkan-konak-hayatini-kaybettiolum-sebebi-nedir\\\/\"},\"author\":{\"name\":\"Onur Akpinar\",\"@id\":\"https:\\\/\\\/avrupatv.eu\\\/#\\\/schema\\\/person\\\/d56afa5d5569da4029d483da36c0c17d\"},\"headline\":\"Volkan Konak Hayat\u0131n\u0131 Kaybetti,\u00f6l\u00fcm sebebi nedir?\",\"datePublished\":\"2025-03-30T22:16:53+00:00\",\"dateModified\":\"2025-03-30T22:22:55+00:00\",\"mainEntityOfPage\":{\"@id\":\"https:\\\/\\\/avrupatv.eu\\\/index.php\\\/2025\\\/03\\\/30\\\/volkan-konak-hayatini-kaybettiolum-sebebi-nedir\\\/\"},\"wordCount\":254,\"commentCount\":0,\"publisher\":{\"@id\":\"https:\\\/\\\/avrupatv.eu\\\/#organization\"},\"image\":{\"@id\":\"https:\\\/\\\/avrupatv.eu\\\/index.php\\\/2025\\\/03\\\/30\\\/volkan-konak-hayatini-kaybettiolum-sebebi-nedir\\\/#primaryimage\"},\"thumbnailUrl\":\"https:\\\/\\\/avrupatv.eu\\\/wp-content\\\/uploads\\\/2025\\\/03\\\/s-a649e1bcd64fab666747c8ee2f0c92bdc89c91b7.jpg\",\"articleSection\":[\"Magazin T\u00fcrkiye\"],\"inLanguage\":\"tr\",\"potentialAction\":[{\"@type\":\"CommentAction\",\"name\":\"Comment\",\"target\":[\"https:\\\/\\\/avrupatv.eu\\\/index.php\\\/2025\\\/03\\\/30\\\/volkan-konak-hayatini-kaybettiolum-sebebi-nedir\\\/#respond\"]}]},{\"@type\":\"WebPage\",\"@id\":\"https:\\\/\\\/avrupatv.eu\\\/index.php\\\/2025\\\/03\\\/30\\\/volkan-konak-hayatini-kaybettiolum-sebebi-nedir\\\/\",\"url\":\"https:\\\/\\\/avrupatv.eu\\\/index.php\\\/2025\\\/03\\\/30\\\/volkan-konak-hayatini-kaybettiolum-sebebi-nedir\\\/\",\"name\":\"Volkan Konak Hayat\u0131n\u0131 Kaybetti,\u00f6l\u00fcm sebebi nedir? - Avrupal\u0131 T\u00fcrklerin en Yeni Haber Portal\u0131\",\"isPartOf\":{\"@id\":\"https:\\\/\\\/avrupatv.eu\\\/#website\"},\"primaryImageOfPage\":{\"@id\":\"https:\\\/\\\/avrupatv.eu\\\/index.php\\\/2025\\\/03\\\/30\\\/volkan-konak-hayatini-kaybettiolum-sebebi-nedir\\\/#primaryimage\"},\"image\":{\"@id\":\"https:\\\/\\\/avrupatv.eu\\\/index.php\\\/2025\\\/03\\\/30\\\/volkan-konak-hayatini-kaybettiolum-sebebi-nedir\\\/#primaryimage\"},\"thumbnailUrl\":\"https:\\\/\\\/avrupatv.eu\\\/wp-content\\\/uploads\\\/2025\\\/03\\\/s-a649e1bcd64fab666747c8ee2f0c92bdc89c91b7.jpg\",\"datePublished\":\"2025-03-30T22:16:53+00:00\",\"dateModified\":\"2025-03-30T22:22:55+00:00\",\"breadcrumb\":{\"@id\":\"https:\\\/\\\/avrupatv.eu\\\/index.php\\\/2025\\\/03\\\/30\\\/volkan-konak-hayatini-kaybettiolum-sebebi-nedir\\\/#breadcrumb\"},\"inLanguage\":\"tr\",\"potentialAction\":[{\"@type\":\"ReadAction\",\"target\":[\"https:\\\/\\\/avrupatv.eu\\\/index.php\\\/2025\\\/03\\\/30\\\/volkan-konak-hayatini-kaybettiolum-sebebi-nedir\\\/\"]}]},{\"@type\":\"ImageObject\",\"inLanguage\":\"tr\",\"@id\":\"https:\\\/\\\/avrupatv.eu\\\/index.php\\\/2025\\\/03\\\/30\\\/volkan-konak-hayatini-kaybettiolum-sebebi-nedir\\\/#primaryimage\",\"url\":\"https:\\\/\\\/avrupatv.eu\\\/wp-content\\\/uploads\\\/2025\\\/03\\\/s-a649e1bcd64fab666747c8ee2f0c92bdc89c91b7.jpg\",\"contentUrl\":\"https:\\\/\\\/avrupatv.eu\\\/wp-content\\\/uploads\\\/2025\\\/03\\\/s-a649e1bcd64fab666747c8ee2f0c92bdc89c91b7.jpg\",\"width\":900,\"height\":507},{\"@type\":\"BreadcrumbList\",\"@id\":\"https:\\\/\\\/avrupatv.eu\\\/index.php\\\/2025\\\/03\\\/30\\\/volkan-konak-hayatini-kaybettiolum-sebebi-nedir\\\/#breadcrumb\",\"itemListElement\":[{\"@type\":\"ListItem\",\"position\":1,\"name\":\"Anasayfa\",\"item\":\"https:\\\/\\\/avrupatv.eu\\\/\"},{\"@type\":\"ListItem\",\"position\":2,\"name\":\"Volkan Konak Hayat\u0131n\u0131 Kaybetti,\u00f6l\u00fcm sebebi nedir?\"}]},{\"@type\":\"WebSite\",\"@id\":\"https:\\\/\\\/avrupatv.eu\\\/#website\",\"url\":\"https:\\\/\\\/avrupatv.eu\\\/\",\"name\":\"Avrupal\u0131 T\u00fcrklerin en Yeni Haber Portal\u0131\",\"description\":\"\",\"publisher\":{\"@id\":\"https:\\\/\\\/avrupatv.eu\\\/#organization\"},\"alternateName\":\"Avrupa tv\",\"potentialAction\":[{\"@type\":\"SearchAction\",\"target\":{\"@type\":\"EntryPoint\",\"urlTemplate\":\"https:\\\/\\\/avrupatv.eu\\\/?s={search_term_string}\"},\"query-input\":{\"@type\":\"PropertyValueSpecification\",\"valueRequired\":true,\"valueName\":\"search_term_string\"}}],\"inLanguage\":\"tr\"},{\"@type\":\"Organization\",\"@id\":\"https:\\\/\\\/avrupatv.eu\\\/#organization\",\"name\":\"Avrupa Haber\",\"url\":\"https:\\\/\\\/avrupatv.eu\\\/\",\"logo\":{\"@type\":\"ImageObject\",\"inLanguage\":\"tr\",\"@id\":\"https:\\\/\\\/avrupatv.eu\\\/#\\\/schema\\\/logo\\\/image\\\/\",\"url\":\"https:\\\/\\\/avrupatv.eu\\\/wp-content\\\/uploads\\\/2023\\\/10\\\/cropped-thumbnail_logo.png\",\"contentUrl\":\"https:\\\/\\\/avrupatv.eu\\\/wp-content\\\/uploads\\\/2023\\\/10\\\/cropped-thumbnail_logo.png\",\"width\":1025,\"height\":302,\"caption\":\"Avrupa Haber\"},\"image\":{\"@id\":\"https:\\\/\\\/avrupatv.eu\\\/#\\\/schema\\\/logo\\\/image\\\/\"}},{\"@type\":\"Person\",\"@id\":\"https:\\\/\\\/avrupatv.eu\\\/#\\\/schema\\\/person\\\/d56afa5d5569da4029d483da36c0c17d\",\"name\":\"Onur Akpinar\",\"image\":{\"@type\":\"ImageObject\",\"inLanguage\":\"tr\",\"@id\":\"https:\\\/\\\/secure.gravatar.com\\\/avatar\\\/67a1a0bdf34f82da209334e4684b7e7171a58a5a2b0a8f836b61044f5c1f5d6a?s=96&d=mm&r=g\",\"url\":\"https:\\\/\\\/secure.gravatar.com\\\/avatar\\\/67a1a0bdf34f82da209334e4684b7e7171a58a5a2b0a8f836b61044f5c1f5d6a?s=96&d=mm&r=g\",\"contentUrl\":\"https:\\\/\\\/secure.gravatar.com\\\/avatar\\\/67a1a0bdf34f82da209334e4684b7e7171a58a5a2b0a8f836b61044f5c1f5d6a?s=96&d=mm&r=g\",\"caption\":\"Onur Akpinar\"},\"url\":\"https:\\\/\\\/avrupatv.eu\\\/index.php\\\/author\\\/onur-akpinar\\\/\"}]}<\/script>\n<!-- \/ Yoast SEO plugin. -->","yoast_head_json":{"title":"Volkan Konak Hayat\u0131n\u0131 Kaybetti,\u00f6l\u00fcm sebebi nedir? - Avrupal\u0131 T\u00fcrklerin en Yeni Haber Portal\u0131","robots":{"index":"index","follow":"follow","max-snippet":"max-snippet:-1","max-image-preview":"max-image-preview:large","max-video-preview":"max-video-preview:-1"},"canonical":"https:\/\/avrupatv.eu\/index.php\/2025\/03\/30\/volkan-konak-hayatini-kaybettiolum-sebebi-nedir\/","og_locale":"tr_TR","og_type":"article","og_title":"Volkan Konak Hayat\u0131n\u0131 Kaybetti,\u00f6l\u00fcm sebebi nedir? - Avrupal\u0131 T\u00fcrklerin en Yeni Haber Portal\u0131","og_description":"Volkan Konak Hayat\u0131n\u0131 Kaybetti T\u00fcrk m\u00fczi\u011finin sevilen sanat\u00e7\u0131lar\u0131ndan Volkan Konak, 30 Mart 2025 ak\u015fam\u0131 Kuzey K\u0131br\u0131s T\u00fcrk Cumhuriyeti&#8217;nde (KKTC) verdi\u011fi konser s\u0131ras\u0131nda aniden fenala\u015farak sahnede yere y\u0131\u011f\u0131ld\u0131. Konser alan\u0131nda yap\u0131lan ilk m\u00fcdahalenin ard\u0131ndan \u00fcnl\u00fc sanat\u00e7\u0131, h\u0131zla Gazima\u011fusa Devlet Hastanesi&#8217;ne kald\u0131r\u0131ld\u0131. Ancak, t\u00fcm \u00e7abalara ra\u011fmen 31 Mart 2025 tarihinde hayat\u0131n\u0131 kaybetti. \u00d6l\u00fcm Nedeni Kalp Krizi Sanat\u00e7\u0131n\u0131n [&hellip;]","og_url":"https:\/\/avrupatv.eu\/index.php\/2025\/03\/30\/volkan-konak-hayatini-kaybettiolum-sebebi-nedir\/","og_site_name":"Avrupal\u0131 T\u00fcrklerin en Yeni Haber Portal\u0131","article_published_time":"2025-03-30T22:16:53+00:00","article_modified_time":"2025-03-30T22:22:55+00:00","og_image":[{"width":900,"height":507,"url":"https:\/\/avrupatv.eu\/wp-content\/uploads\/2025\/03\/s-a649e1bcd64fab666747c8ee2f0c92bdc89c91b7.jpg","type":"image\/jpeg"}],"author":"Onur Akpinar","twitter_card":"summary_large_image","twitter_misc":{"Yazan:":"Onur Akpinar","Tahmini okuma s\u00fcresi":"2 dakika"},"schema":{"@context":"https:\/\/schema.org","@graph":[{"@type":"Article","@id":"https:\/\/avrupatv.eu\/index.php\/2025\/03\/30\/volkan-konak-hayatini-kaybettiolum-sebebi-nedir\/#article","isPartOf":{"@id":"https:\/\/avrupatv.eu\/index.php\/2025\/03\/30\/volkan-konak-hayatini-kaybettiolum-sebebi-nedir\/"},"author":{"name":"Onur Akpinar","@id":"https:\/\/avrupatv.eu\/#\/schema\/person\/d56afa5d5569da4029d483da36c0c17d"},"headline":"Volkan Konak Hayat\u0131n\u0131 Kaybetti,\u00f6l\u00fcm sebebi nedir?","datePublished":"2025-03-30T22:16:53+00:00","dateModified":"2025-03-30T22:22:55+00:00","mainEntityOfPage":{"@id":"https:\/\/avrupatv.eu\/index.php\/2025\/03\/30\/volkan-konak-hayatini-kaybettiolum-sebebi-nedir\/"},"wordCount":254,"commentCount":0,"publisher":{"@id":"https:\/\/avrupatv.eu\/#organization"},"image":{"@id":"https:\/\/avrupatv.eu\/index.php\/2025\/03\/30\/volkan-konak-hayatini-kaybettiolum-sebebi-nedir\/#primaryimage"},"thumbnailUrl":"https:\/\/avrupatv.eu\/wp-content\/uploads\/2025\/03\/s-a649e1bcd64fab666747c8ee2f0c92bdc89c91b7.jpg","articleSection":["Magazin T\u00fcrkiye"],"inLanguage":"tr","potentialAction":[{"@type":"CommentAction","name":"Comment","target":["https:\/\/avrupatv.eu\/index.php\/2025\/03\/30\/volkan-konak-hayatini-kaybettiolum-sebebi-nedir\/#respond"]}]},{"@type":"WebPage","@id":"https:\/\/avrupatv.eu\/index.php\/2025\/03\/30\/volkan-konak-hayatini-kaybettiolum-sebebi-nedir\/","url":"https:\/\/avrupatv.eu\/index.php\/2025\/03\/30\/volkan-konak-hayatini-kaybettiolum-sebebi-nedir\/","name":"Volkan Konak Hayat\u0131n\u0131 Kaybetti,\u00f6l\u00fcm sebebi nedir? - Avrupal\u0131 T\u00fcrklerin en Yeni Haber Portal\u0131","isPartOf":{"@id":"https:\/\/avrupatv.eu\/#website"},"primaryImageOfPage":{"@id":"https:\/\/avrupatv.eu\/index.php\/2025\/03\/30\/volkan-konak-hayatini-kaybettiolum-sebebi-nedir\/#primaryimage"},"image":{"@id":"https:\/\/avrupatv.eu\/index.php\/2025\/03\/30\/volkan-konak-hayatini-kaybettiolum-sebebi-nedir\/#primaryimage"},"thumbnailUrl":"https:\/\/avrupatv.eu\/wp-content\/uploads\/2025\/03\/s-a649e1bcd64fab666747c8ee2f0c92bdc89c91b7.jpg","datePublished":"2025-03-30T22:16:53+00:00","dateModified":"2025-03-30T22:22:55+00:00","breadcrumb":{"@id":"https:\/\/avrupatv.eu\/index.php\/2025\/03\/30\/volkan-konak-hayatini-kaybettiolum-sebebi-nedir\/#breadcrumb"},"inLanguage":"tr","potentialAction":[{"@type":"ReadAction","target":["https:\/\/avrupatv.eu\/index.php\/2025\/03\/30\/volkan-konak-hayatini-kaybettiolum-sebebi-nedir\/"]}]},{"@type":"ImageObject","inLanguage":"tr","@id":"https:\/\/avrupatv.eu\/index.php\/2025\/03\/30\/volkan-konak-hayatini-kaybettiolum-sebebi-nedir\/#primaryimage","url":"https:\/\/avrupatv.eu\/wp-content\/uploads\/2025\/03\/s-a649e1bcd64fab666747c8ee2f0c92bdc89c91b7.jpg","contentUrl":"https:\/\/avrupatv.eu\/wp-content\/uploads\/2025\/03\/s-a649e1bcd64fab666747c8ee2f0c92bdc89c91b7.jpg","width":900,"height":507},{"@type":"BreadcrumbList","@id":"https:\/\/avrupatv.eu\/index.php\/2025\/03\/30\/volkan-konak-hayatini-kaybettiolum-sebebi-nedir\/#breadcrumb","itemListElement":[{"@type":"ListItem","position":1,"name":"Anasayfa","item":"https:\/\/avrupatv.eu\/"},{"@type":"ListItem","position":2,"name":"Volkan Konak Hayat\u0131n\u0131 Kaybetti,\u00f6l\u00fcm sebebi nedir?"}]},{"@type":"WebSite","@id":"https:\/\/avrupatv.eu\/#website","url":"https:\/\/avrupatv.eu\/","name":"Avrupal\u0131 T\u00fcrklerin en Yeni Haber Portal\u0131","description":"","publisher":{"@id":"https:\/\/avrupatv.eu\/#organization"},"alternateName":"Avrupa tv","potentialAction":[{"@type":"SearchAction","target":{"@type":"EntryPoint","urlTemplate":"https:\/\/avrupatv.eu\/?s={search_term_string}"},"query-input":{"@type":"PropertyValueSpecification","valueRequired":true,"valueName":"search_term_string"}}],"inLanguage":"tr"},{"@type":"Organization","@id":"https:\/\/avrupatv.eu\/#organization","name":"Avrupa Haber","url":"https:\/\/avrupatv.eu\/","logo":{"@type":"ImageObject","inLanguage":"tr","@id":"https:\/\/avrupatv.eu\/#\/schema\/logo\/image\/","url":"https:\/\/avrupatv.eu\/wp-content\/uploads\/2023\/10\/cropped-thumbnail_logo.png","contentUrl":"https:\/\/avrupatv.eu\/wp-content\/uploads\/2023\/10\/cropped-thumbnail_logo.png","width":1025,"height":302,"caption":"Avrupa Haber"},"image":{"@id":"https:\/\/avrupatv.eu\/#\/schema\/logo\/image\/"}},{"@type":"Person","@id":"https:\/\/avrupatv.eu\/#\/schema\/person\/d56afa5d5569da4029d483da36c0c17d","name":"Onur Akpinar","image":{"@type":"ImageObject","inLanguage":"tr","@id":"https:\/\/secure.gravatar.com\/avatar\/67a1a0bdf34f82da209334e4684b7e7171a58a5a2b0a8f836b61044f5c1f5d6a?s=96&d=mm&r=g","url":"https:\/\/secure.gravatar.com\/avatar\/67a1a0bdf34f82da209334e4684b7e7171a58a5a2b0a8f836b61044f5c1f5d6a?s=96&d=mm&r=g","contentUrl":"https:\/\/secure.gravatar.com\/avatar\/67a1a0bdf34f82da209334e4684b7e7171a58a5a2b0a8f836b61044f5c1f5d6a?s=96&d=mm&r=g","caption":"Onur Akpinar"},"url":"https:\/\/avrupatv.eu\/index.php\/author\/onur-akpinar\/"}]}},"_links":{"self":[{"href":"https:\/\/avrupatv.eu\/index.php\/wp-json\/wp\/v2\/posts\/1039","targetHints":{"allow":["GET"]}}],"collection":[{"href":"https:\/\/avrupatv.eu\/index.php\/wp-json\/wp\/v2\/posts"}],"about":[{"href":"https:\/\/avrupatv.eu\/index.php\/wp-json\/wp\/v2\/types\/post"}],"author":[{"embeddable":true,"href":"https:\/\/avrupatv.eu\/index.php\/wp-json\/wp\/v2\/users\/2"}],"replies":[{"embeddable":true,"href":"https:\/\/avrupatv.eu\/index.php\/wp-json\/wp\/v2\/comments?post=1039"}],"version-history":[{"count":2,"href":"https:\/\/avrupatv.eu\/index.php\/wp-json\/wp\/v2\/posts\/1039\/revisions"}],"predecessor-version":[{"id":1043,"href":"https:\/\/avrupatv.eu\/index.php\/wp-json\/wp\/v2\/posts\/1039\/revisions\/1043"}],"wp:featuredmedia":[{"embeddable":true,"href":"https:\/\/avrupatv.eu\/index.php\/wp-json\/wp\/v2\/media\/1040"}],"wp:attachment":[{"href":"https:\/\/avrupatv.eu\/index.php\/wp-json\/wp\/v2\/media?parent=1039"}],"wp:term":[{"taxonomy":"category","embeddable":true,"href":"https:\/\/avrupatv.eu\/index.php\/wp-json\/wp\/v2\/categories?post=1039"},{"taxonomy":"post_tag","embeddable":true,"href":"https:\/\/avrupatv.eu\/index.php\/wp-json\/wp\/v2\/tags?post=1039"}],"curies":[{"name":"wp","href":"https:\/\/api.w.org\/{rel}","templated":true}]}}