{"id":1027,"date":"2025-03-23T01:01:25","date_gmt":"2025-03-23T01:01:25","guid":{"rendered":"https:\/\/avrupatv.eu\/?p=1027"},"modified":"2025-03-23T01:01:25","modified_gmt":"2025-03-23T01:01:25","slug":"ekrem-imamoglu-icin-tutuklama-karari-verildi-turkiyede-siyasi-gerilim-yukseliyor","status":"publish","type":"post","link":"https:\/\/avrupatv.eu\/index.php\/2025\/03\/23\/ekrem-imamoglu-icin-tutuklama-karari-verildi-turkiyede-siyasi-gerilim-yukseliyor\/","title":{"rendered":"Ekrem \u0130mamo\u011flu \u0130\u00e7in Tutuklama Karar\u0131 Verildi: T\u00fcrkiye\u2019de Siyasi Gerilim Y\u00fckseliyor"},"content":{"rendered":"\n<p><strong>Ekrem \u0130mamo\u011flu \u0130\u00e7in Tutuklama Karar\u0131 Verildi: T\u00fcrkiye\u2019de Siyasi Gerilim Y\u00fckseliyor<\/strong><\/p>\n\n\n\n<p>\u0130stanbul B\u00fcy\u00fck\u015fehir Belediye Ba\u015fkan\u0131 Ekrem \u0130mamo\u011flu hakk\u0131nda y\u00fcr\u00fct\u00fclen iki ayr\u0131 soru\u015fturma kapsam\u0131nda savc\u0131l\u0131\u011f\u0131n tutuklama talebi mahkeme taraf\u0131ndan kabul edildi. Karar\u0131n ard\u0131ndan \u0130mamo\u011flu tutuklanarak cezaevine g\u00f6nderildi. Bu geli\u015fme, T\u00fcrkiye genelinde b\u00fcy\u00fck yank\u0131 uyand\u0131r\u0131rken, protestolar\u0131n daha da b\u00fcy\u00fcmesi bekleniyor.<\/p>\n\n\n\n<p><strong>Mahkemeden \u015eok Karar: \u0130mamo\u011fluna Tutuklama karar\u0131<\/strong> <\/p>\n\n\n\n<p>\u00c7ar\u015famba g\u00fcn\u00fc g\u00f6zalt\u0131na al\u0131nan Ekrem \u0130mamo\u011flu, d\u00f6rt g\u00fcn boyunca \u0130stanbul Emniyet M\u00fcd\u00fcrl\u00fc\u011f\u00fc\u2019nde tutulduktan sonra adliyeye sevk edilmi\u015fti. Savc\u0131l\u0131k, ter\u00f6rle ba\u011flant\u0131l\u0131 faaliyetler ve yolsuzluk su\u00e7lamalar\u0131 kapsam\u0131nda \u0130mamo\u011flu\u2019nun tutuklanmas\u0131n\u0131 talep etmi\u015f, mahkeme ise bug\u00fcn bu talebi kabul ederek tutuklama karar\u0131n\u0131 a\u00e7\u0131klam\u0131\u015ft\u0131.\u0130mamo\u011flu, mahkemede verdi\u011fi savunmada su\u00e7lamalar\u0131 reddederek bunlar\u0131 &#8220;siyasi bir operasyon&#8221; olarak de\u011ferlendirdi. Ancak, mahkeme \u0130mamo\u011flu\u2019nun tutuklanmas\u0131na h\u00fckmetti.<\/p>\n\n\n\n<p>T\u00fcrkiye Genelinde Protestolar Ba\u015flad\u0131\u0130mamo\u011flu\u2019nun tutuklanmas\u0131, T\u00fcrkiye genelinde b\u00fcy\u00fck protestolara yol a\u00e7t\u0131. \u0130stanbul, Ankara ve \u0130zmir ba\u015fta olmak \u00fczere bir\u00e7ok \u015fehirde binlerce ki\u015fi soka\u011fa d\u00f6k\u00fcld\u00fc. \u0130stanbul\u2019daki protestolar s\u0131ras\u0131nda polis kalabal\u0131\u011fa biber gaz\u0131 ve tazyikli su ile m\u00fcdahale etti.<\/p>\n\n\n\n<p>Muhalefet liderleri ve sivil toplum kurulu\u015flar\u0131, karar\u0131 sert bir dille ele\u015ftirerek \u0130mamo\u011flu\u2019nun siyasi sebeplerle hapsedildi\u011fini savundu. Cumhuriyet Halk Partisi (CHP) yetkilileri, T\u00fcrkiye demokrasisi i\u00e7in &#8220;kara bir g\u00fcn&#8221; ya\u015fand\u0131\u011f\u0131n\u0131 belirterek, hukuki s\u00fcrecin takip\u00e7isi olacaklar\u0131n\u0131 duyurdu.<\/p>\n\n\n\n<p><strong>Siyasi Kriz Derinle\u015fiyor<\/strong><\/p>\n\n\n\n<p>Ekrem \u0130mamo\u011flu, 2019 yerel se\u00e7imlerinde Cumhurba\u015fkan\u0131 Recep Tayyip Erdo\u011fan\u2019\u0131n partisine kar\u015f\u0131 b\u00fcy\u00fck bir zafer kazanarak \u0130stanbul B\u00fcy\u00fck\u015fehir Belediye Ba\u015fkan\u0131 olmu\u015f ve o zamandan beri Erdo\u011fan\u2019\u0131n en \u00f6nemli siyasi rakiplerinden biri olarak g\u00f6r\u00fclm\u00fc\u015ft\u00fc.<\/p>\n\n\n\n<p>Uluslararas\u0131 toplum da geli\u015fmeleri yak\u0131ndan takip ediyor. Avrupa Birli\u011fi ve ABD\u2019den gelen ilk a\u00e7\u0131klamalarda, T\u00fcrkiye\u2019de hukukun \u00fcst\u00fcnl\u00fc\u011f\u00fcne ve demokratik de\u011ferlere sayg\u0131 g\u00f6sterilmesi gerekti\u011fi vurguland\u0131.<\/p>\n\n\n\n<p>\u0130mamo\u011flu\u2019nun tutuklanmas\u0131, T\u00fcrkiye\u2019de siyasi tansiyonu daha da y\u00fckseltirken, \u00f6n\u00fcm\u00fczdeki g\u00fcnlerde ya\u015fanacak geli\u015fmeler merakla bekleniyor.<\/p>\n","protected":false},"excerpt":{"rendered":"<p>Ekrem \u0130mamo\u011flu \u0130\u00e7in Tutuklama Karar\u0131 Verildi: T\u00fcrkiye\u2019de Siyasi Gerilim Y\u00fckseliyor \u0130stanbul B\u00fcy\u00fck\u015fehir Belediye Ba\u015fkan\u0131 Ekrem \u0130mamo\u011flu hakk\u0131nda y\u00fcr\u00fct\u00fclen iki ayr\u0131 soru\u015fturma kapsam\u0131nda savc\u0131l\u0131\u011f\u0131n tutuklama talebi mahkeme taraf\u0131ndan kabul edildi. Karar\u0131n ard\u0131ndan \u0130mamo\u011flu tutuklanarak cezaevine g\u00f6nderildi. Bu geli\u015fme, T\u00fcrkiye genelinde b\u00fcy\u00fck yank\u0131 uyand\u0131r\u0131rken, protestolar\u0131n daha da b\u00fcy\u00fcmesi bekleniyor. Mahkemeden \u015eok Karar: \u0130mamo\u011fluna Tutuklama karar\u0131 \u00c7ar\u015famba g\u00fcn\u00fc [&hellip;]<\/p>\n","protected":false},"author":2,"featured_media":1028,"comment_status":"open","ping_status":"open","sticky":false,"template":"","format":"standard","meta":{"footnotes":""},"categories":[18,11],"tags":[],"class_list":["post-1027","post","type-post","status-publish","format-standard","has-post-thumbnail","hentry","category-siyaset","category-turkiye"],"yoast_head":"<!-- This site is optimized with the Yoast SEO plugin v27.4 - https:\/\/yoast.com\/product\/yoast-seo-wordpress\/ -->\n<title>Ekrem \u0130mamo\u011flu \u0130\u00e7in Tutuklama Karar\u0131 Verildi: T\u00fcrkiye\u2019de Siyasi Gerilim Y\u00fckseliyor - Avrupal\u0131 T\u00fcrklerin en Yeni Haber Portal\u0131<\/title>\n<meta name=\"robots\" content=\"index, follow, max-snippet:-1, max-image-preview:large, max-video-preview:-1\" \/>\n<link rel=\"canonical\" href=\"https:\/\/avrupatv.eu\/index.php\/2025\/03\/23\/ekrem-imamoglu-icin-tutuklama-karari-verildi-turkiyede-siyasi-gerilim-yukseliyor\/\" \/>\n<meta property=\"og:locale\" content=\"tr_TR\" \/>\n<meta property=\"og:type\" content=\"article\" \/>\n<meta property=\"og:title\" content=\"Ekrem \u0130mamo\u011flu \u0130\u00e7in Tutuklama Karar\u0131 Verildi: T\u00fcrkiye\u2019de Siyasi Gerilim Y\u00fckseliyor - Avrupal\u0131 T\u00fcrklerin en Yeni Haber Portal\u0131\" \/>\n<meta property=\"og:description\" content=\"Ekrem \u0130mamo\u011flu \u0130\u00e7in Tutuklama Karar\u0131 Verildi: T\u00fcrkiye\u2019de Siyasi Gerilim Y\u00fckseliyor \u0130stanbul B\u00fcy\u00fck\u015fehir Belediye Ba\u015fkan\u0131 Ekrem \u0130mamo\u011flu hakk\u0131nda y\u00fcr\u00fct\u00fclen iki ayr\u0131 soru\u015fturma kapsam\u0131nda savc\u0131l\u0131\u011f\u0131n tutuklama talebi mahkeme taraf\u0131ndan kabul edildi. Karar\u0131n ard\u0131ndan \u0130mamo\u011flu tutuklanarak cezaevine g\u00f6nderildi. Bu geli\u015fme, T\u00fcrkiye genelinde b\u00fcy\u00fck yank\u0131 uyand\u0131r\u0131rken, protestolar\u0131n daha da b\u00fcy\u00fcmesi bekleniyor. Mahkemeden \u015eok Karar: \u0130mamo\u011fluna Tutuklama karar\u0131 \u00c7ar\u015famba g\u00fcn\u00fc [&hellip;]\" \/>\n<meta property=\"og:url\" content=\"https:\/\/avrupatv.eu\/index.php\/2025\/03\/23\/ekrem-imamoglu-icin-tutuklama-karari-verildi-turkiyede-siyasi-gerilim-yukseliyor\/\" \/>\n<meta property=\"og:site_name\" content=\"Avrupal\u0131 T\u00fcrklerin en Yeni Haber Portal\u0131\" \/>\n<meta property=\"article:published_time\" content=\"2025-03-23T01:01:25+00:00\" \/>\n<meta property=\"og:image\" content=\"https:\/\/avrupatv.eu\/wp-content\/uploads\/2025\/03\/1200xauto-1.webp\" \/>\n\t<meta property=\"og:image:width\" content=\"800\" \/>\n\t<meta property=\"og:image:height\" content=\"508\" \/>\n\t<meta property=\"og:image:type\" content=\"image\/webp\" \/>\n<meta name=\"author\" content=\"Onur Akpinar\" \/>\n<meta name=\"twitter:card\" content=\"summary_large_image\" \/>\n<meta name=\"twitter:label1\" content=\"Yazan:\" \/>\n\t<meta name=\"twitter:data1\" content=\"Onur Akpinar\" \/>\n\t<meta name=\"twitter:label2\" content=\"Tahmini okuma s\u00fcresi\" \/>\n\t<meta name=\"twitter:data2\" content=\"2 dakika\" \/>\n<script type=\"application\/ld+json\" class=\"yoast-schema-graph\">{\"@context\":\"https:\\\/\\\/schema.org\",\"@graph\":[{\"@type\":\"Article\",\"@id\":\"https:\\\/\\\/avrupatv.eu\\\/index.php\\\/2025\\\/03\\\/23\\\/ekrem-imamoglu-icin-tutuklama-karari-verildi-turkiyede-siyasi-gerilim-yukseliyor\\\/#article\",\"isPartOf\":{\"@id\":\"https:\\\/\\\/avrupatv.eu\\\/index.php\\\/2025\\\/03\\\/23\\\/ekrem-imamoglu-icin-tutuklama-karari-verildi-turkiyede-siyasi-gerilim-yukseliyor\\\/\"},\"author\":{\"name\":\"Onur Akpinar\",\"@id\":\"https:\\\/\\\/avrupatv.eu\\\/#\\\/schema\\\/person\\\/d56afa5d5569da4029d483da36c0c17d\"},\"headline\":\"Ekrem \u0130mamo\u011flu \u0130\u00e7in Tutuklama Karar\u0131 Verildi: T\u00fcrkiye\u2019de Siyasi Gerilim Y\u00fckseliyor\",\"datePublished\":\"2025-03-23T01:01:25+00:00\",\"mainEntityOfPage\":{\"@id\":\"https:\\\/\\\/avrupatv.eu\\\/index.php\\\/2025\\\/03\\\/23\\\/ekrem-imamoglu-icin-tutuklama-karari-verildi-turkiyede-siyasi-gerilim-yukseliyor\\\/\"},\"wordCount\":404,\"commentCount\":0,\"publisher\":{\"@id\":\"https:\\\/\\\/avrupatv.eu\\\/#organization\"},\"image\":{\"@id\":\"https:\\\/\\\/avrupatv.eu\\\/index.php\\\/2025\\\/03\\\/23\\\/ekrem-imamoglu-icin-tutuklama-karari-verildi-turkiyede-siyasi-gerilim-yukseliyor\\\/#primaryimage\"},\"thumbnailUrl\":\"https:\\\/\\\/avrupatv.eu\\\/wp-content\\\/uploads\\\/2025\\\/03\\\/1200xauto-1.webp\",\"articleSection\":[\"Siyaset\",\"T\u00fcrkiye\"],\"inLanguage\":\"tr\",\"potentialAction\":[{\"@type\":\"CommentAction\",\"name\":\"Comment\",\"target\":[\"https:\\\/\\\/avrupatv.eu\\\/index.php\\\/2025\\\/03\\\/23\\\/ekrem-imamoglu-icin-tutuklama-karari-verildi-turkiyede-siyasi-gerilim-yukseliyor\\\/#respond\"]}]},{\"@type\":\"WebPage\",\"@id\":\"https:\\\/\\\/avrupatv.eu\\\/index.php\\\/2025\\\/03\\\/23\\\/ekrem-imamoglu-icin-tutuklama-karari-verildi-turkiyede-siyasi-gerilim-yukseliyor\\\/\",\"url\":\"https:\\\/\\\/avrupatv.eu\\\/index.php\\\/2025\\\/03\\\/23\\\/ekrem-imamoglu-icin-tutuklama-karari-verildi-turkiyede-siyasi-gerilim-yukseliyor\\\/\",\"name\":\"Ekrem \u0130mamo\u011flu \u0130\u00e7in Tutuklama Karar\u0131 Verildi: T\u00fcrkiye\u2019de Siyasi Gerilim Y\u00fckseliyor - Avrupal\u0131 T\u00fcrklerin en Yeni Haber Portal\u0131\",\"isPartOf\":{\"@id\":\"https:\\\/\\\/avrupatv.eu\\\/#website\"},\"primaryImageOfPage\":{\"@id\":\"https:\\\/\\\/avrupatv.eu\\\/index.php\\\/2025\\\/03\\\/23\\\/ekrem-imamoglu-icin-tutuklama-karari-verildi-turkiyede-siyasi-gerilim-yukseliyor\\\/#primaryimage\"},\"image\":{\"@id\":\"https:\\\/\\\/avrupatv.eu\\\/index.php\\\/2025\\\/03\\\/23\\\/ekrem-imamoglu-icin-tutuklama-karari-verildi-turkiyede-siyasi-gerilim-yukseliyor\\\/#primaryimage\"},\"thumbnailUrl\":\"https:\\\/\\\/avrupatv.eu\\\/wp-content\\\/uploads\\\/2025\\\/03\\\/1200xauto-1.webp\",\"datePublished\":\"2025-03-23T01:01:25+00:00\",\"breadcrumb\":{\"@id\":\"https:\\\/\\\/avrupatv.eu\\\/index.php\\\/2025\\\/03\\\/23\\\/ekrem-imamoglu-icin-tutuklama-karari-verildi-turkiyede-siyasi-gerilim-yukseliyor\\\/#breadcrumb\"},\"inLanguage\":\"tr\",\"potentialAction\":[{\"@type\":\"ReadAction\",\"target\":[\"https:\\\/\\\/avrupatv.eu\\\/index.php\\\/2025\\\/03\\\/23\\\/ekrem-imamoglu-icin-tutuklama-karari-verildi-turkiyede-siyasi-gerilim-yukseliyor\\\/\"]}]},{\"@type\":\"ImageObject\",\"inLanguage\":\"tr\",\"@id\":\"https:\\\/\\\/avrupatv.eu\\\/index.php\\\/2025\\\/03\\\/23\\\/ekrem-imamoglu-icin-tutuklama-karari-verildi-turkiyede-siyasi-gerilim-yukseliyor\\\/#primaryimage\",\"url\":\"https:\\\/\\\/avrupatv.eu\\\/wp-content\\\/uploads\\\/2025\\\/03\\\/1200xauto-1.webp\",\"contentUrl\":\"https:\\\/\\\/avrupatv.eu\\\/wp-content\\\/uploads\\\/2025\\\/03\\\/1200xauto-1.webp\",\"width\":800,\"height\":508},{\"@type\":\"BreadcrumbList\",\"@id\":\"https:\\\/\\\/avrupatv.eu\\\/index.php\\\/2025\\\/03\\\/23\\\/ekrem-imamoglu-icin-tutuklama-karari-verildi-turkiyede-siyasi-gerilim-yukseliyor\\\/#breadcrumb\",\"itemListElement\":[{\"@type\":\"ListItem\",\"position\":1,\"name\":\"Anasayfa\",\"item\":\"https:\\\/\\\/avrupatv.eu\\\/\"},{\"@type\":\"ListItem\",\"position\":2,\"name\":\"Ekrem \u0130mamo\u011flu \u0130\u00e7in Tutuklama Karar\u0131 Verildi: T\u00fcrkiye\u2019de Siyasi Gerilim Y\u00fckseliyor\"}]},{\"@type\":\"WebSite\",\"@id\":\"https:\\\/\\\/avrupatv.eu\\\/#website\",\"url\":\"https:\\\/\\\/avrupatv.eu\\\/\",\"name\":\"Avrupal\u0131 T\u00fcrklerin en Yeni Haber Portal\u0131\",\"description\":\"\",\"publisher\":{\"@id\":\"https:\\\/\\\/avrupatv.eu\\\/#organization\"},\"alternateName\":\"Avrupa tv\",\"potentialAction\":[{\"@type\":\"SearchAction\",\"target\":{\"@type\":\"EntryPoint\",\"urlTemplate\":\"https:\\\/\\\/avrupatv.eu\\\/?s={search_term_string}\"},\"query-input\":{\"@type\":\"PropertyValueSpecification\",\"valueRequired\":true,\"valueName\":\"search_term_string\"}}],\"inLanguage\":\"tr\"},{\"@type\":\"Organization\",\"@id\":\"https:\\\/\\\/avrupatv.eu\\\/#organization\",\"name\":\"Avrupa Haber\",\"url\":\"https:\\\/\\\/avrupatv.eu\\\/\",\"logo\":{\"@type\":\"ImageObject\",\"inLanguage\":\"tr\",\"@id\":\"https:\\\/\\\/avrupatv.eu\\\/#\\\/schema\\\/logo\\\/image\\\/\",\"url\":\"https:\\\/\\\/avrupatv.eu\\\/wp-content\\\/uploads\\\/2023\\\/10\\\/cropped-thumbnail_logo.png\",\"contentUrl\":\"https:\\\/\\\/avrupatv.eu\\\/wp-content\\\/uploads\\\/2023\\\/10\\\/cropped-thumbnail_logo.png\",\"width\":1025,\"height\":302,\"caption\":\"Avrupa Haber\"},\"image\":{\"@id\":\"https:\\\/\\\/avrupatv.eu\\\/#\\\/schema\\\/logo\\\/image\\\/\"}},{\"@type\":\"Person\",\"@id\":\"https:\\\/\\\/avrupatv.eu\\\/#\\\/schema\\\/person\\\/d56afa5d5569da4029d483da36c0c17d\",\"name\":\"Onur Akpinar\",\"image\":{\"@type\":\"ImageObject\",\"inLanguage\":\"tr\",\"@id\":\"https:\\\/\\\/secure.gravatar.com\\\/avatar\\\/67a1a0bdf34f82da209334e4684b7e7171a58a5a2b0a8f836b61044f5c1f5d6a?s=96&d=mm&r=g\",\"url\":\"https:\\\/\\\/secure.gravatar.com\\\/avatar\\\/67a1a0bdf34f82da209334e4684b7e7171a58a5a2b0a8f836b61044f5c1f5d6a?s=96&d=mm&r=g\",\"contentUrl\":\"https:\\\/\\\/secure.gravatar.com\\\/avatar\\\/67a1a0bdf34f82da209334e4684b7e7171a58a5a2b0a8f836b61044f5c1f5d6a?s=96&d=mm&r=g\",\"caption\":\"Onur Akpinar\"},\"url\":\"https:\\\/\\\/avrupatv.eu\\\/index.php\\\/author\\\/onur-akpinar\\\/\"}]}<\/script>\n<!-- \/ Yoast SEO plugin. -->","yoast_head_json":{"title":"Ekrem \u0130mamo\u011flu \u0130\u00e7in Tutuklama Karar\u0131 Verildi: T\u00fcrkiye\u2019de Siyasi Gerilim Y\u00fckseliyor - Avrupal\u0131 T\u00fcrklerin en Yeni Haber Portal\u0131","robots":{"index":"index","follow":"follow","max-snippet":"max-snippet:-1","max-image-preview":"max-image-preview:large","max-video-preview":"max-video-preview:-1"},"canonical":"https:\/\/avrupatv.eu\/index.php\/2025\/03\/23\/ekrem-imamoglu-icin-tutuklama-karari-verildi-turkiyede-siyasi-gerilim-yukseliyor\/","og_locale":"tr_TR","og_type":"article","og_title":"Ekrem \u0130mamo\u011flu \u0130\u00e7in Tutuklama Karar\u0131 Verildi: T\u00fcrkiye\u2019de Siyasi Gerilim Y\u00fckseliyor - Avrupal\u0131 T\u00fcrklerin en Yeni Haber Portal\u0131","og_description":"Ekrem \u0130mamo\u011flu \u0130\u00e7in Tutuklama Karar\u0131 Verildi: T\u00fcrkiye\u2019de Siyasi Gerilim Y\u00fckseliyor \u0130stanbul B\u00fcy\u00fck\u015fehir Belediye Ba\u015fkan\u0131 Ekrem \u0130mamo\u011flu hakk\u0131nda y\u00fcr\u00fct\u00fclen iki ayr\u0131 soru\u015fturma kapsam\u0131nda savc\u0131l\u0131\u011f\u0131n tutuklama talebi mahkeme taraf\u0131ndan kabul edildi. Karar\u0131n ard\u0131ndan \u0130mamo\u011flu tutuklanarak cezaevine g\u00f6nderildi. Bu geli\u015fme, T\u00fcrkiye genelinde b\u00fcy\u00fck yank\u0131 uyand\u0131r\u0131rken, protestolar\u0131n daha da b\u00fcy\u00fcmesi bekleniyor. Mahkemeden \u015eok Karar: \u0130mamo\u011fluna Tutuklama karar\u0131 \u00c7ar\u015famba g\u00fcn\u00fc [&hellip;]","og_url":"https:\/\/avrupatv.eu\/index.php\/2025\/03\/23\/ekrem-imamoglu-icin-tutuklama-karari-verildi-turkiyede-siyasi-gerilim-yukseliyor\/","og_site_name":"Avrupal\u0131 T\u00fcrklerin en Yeni Haber Portal\u0131","article_published_time":"2025-03-23T01:01:25+00:00","og_image":[{"width":800,"height":508,"url":"https:\/\/avrupatv.eu\/wp-content\/uploads\/2025\/03\/1200xauto-1.webp","type":"image\/webp"}],"author":"Onur Akpinar","twitter_card":"summary_large_image","twitter_misc":{"Yazan:":"Onur Akpinar","Tahmini okuma s\u00fcresi":"2 dakika"},"schema":{"@context":"https:\/\/schema.org","@graph":[{"@type":"Article","@id":"https:\/\/avrupatv.eu\/index.php\/2025\/03\/23\/ekrem-imamoglu-icin-tutuklama-karari-verildi-turkiyede-siyasi-gerilim-yukseliyor\/#article","isPartOf":{"@id":"https:\/\/avrupatv.eu\/index.php\/2025\/03\/23\/ekrem-imamoglu-icin-tutuklama-karari-verildi-turkiyede-siyasi-gerilim-yukseliyor\/"},"author":{"name":"Onur Akpinar","@id":"https:\/\/avrupatv.eu\/#\/schema\/person\/d56afa5d5569da4029d483da36c0c17d"},"headline":"Ekrem \u0130mamo\u011flu \u0130\u00e7in Tutuklama Karar\u0131 Verildi: T\u00fcrkiye\u2019de Siyasi Gerilim Y\u00fckseliyor","datePublished":"2025-03-23T01:01:25+00:00","mainEntityOfPage":{"@id":"https:\/\/avrupatv.eu\/index.php\/2025\/03\/23\/ekrem-imamoglu-icin-tutuklama-karari-verildi-turkiyede-siyasi-gerilim-yukseliyor\/"},"wordCount":404,"commentCount":0,"publisher":{"@id":"https:\/\/avrupatv.eu\/#organization"},"image":{"@id":"https:\/\/avrupatv.eu\/index.php\/2025\/03\/23\/ekrem-imamoglu-icin-tutuklama-karari-verildi-turkiyede-siyasi-gerilim-yukseliyor\/#primaryimage"},"thumbnailUrl":"https:\/\/avrupatv.eu\/wp-content\/uploads\/2025\/03\/1200xauto-1.webp","articleSection":["Siyaset","T\u00fcrkiye"],"inLanguage":"tr","potentialAction":[{"@type":"CommentAction","name":"Comment","target":["https:\/\/avrupatv.eu\/index.php\/2025\/03\/23\/ekrem-imamoglu-icin-tutuklama-karari-verildi-turkiyede-siyasi-gerilim-yukseliyor\/#respond"]}]},{"@type":"WebPage","@id":"https:\/\/avrupatv.eu\/index.php\/2025\/03\/23\/ekrem-imamoglu-icin-tutuklama-karari-verildi-turkiyede-siyasi-gerilim-yukseliyor\/","url":"https:\/\/avrupatv.eu\/index.php\/2025\/03\/23\/ekrem-imamoglu-icin-tutuklama-karari-verildi-turkiyede-siyasi-gerilim-yukseliyor\/","name":"Ekrem \u0130mamo\u011flu \u0130\u00e7in Tutuklama Karar\u0131 Verildi: T\u00fcrkiye\u2019de Siyasi Gerilim Y\u00fckseliyor - Avrupal\u0131 T\u00fcrklerin en Yeni Haber Portal\u0131","isPartOf":{"@id":"https:\/\/avrupatv.eu\/#website"},"primaryImageOfPage":{"@id":"https:\/\/avrupatv.eu\/index.php\/2025\/03\/23\/ekrem-imamoglu-icin-tutuklama-karari-verildi-turkiyede-siyasi-gerilim-yukseliyor\/#primaryimage"},"image":{"@id":"https:\/\/avrupatv.eu\/index.php\/2025\/03\/23\/ekrem-imamoglu-icin-tutuklama-karari-verildi-turkiyede-siyasi-gerilim-yukseliyor\/#primaryimage"},"thumbnailUrl":"https:\/\/avrupatv.eu\/wp-content\/uploads\/2025\/03\/1200xauto-1.webp","datePublished":"2025-03-23T01:01:25+00:00","breadcrumb":{"@id":"https:\/\/avrupatv.eu\/index.php\/2025\/03\/23\/ekrem-imamoglu-icin-tutuklama-karari-verildi-turkiyede-siyasi-gerilim-yukseliyor\/#breadcrumb"},"inLanguage":"tr","potentialAction":[{"@type":"ReadAction","target":["https:\/\/avrupatv.eu\/index.php\/2025\/03\/23\/ekrem-imamoglu-icin-tutuklama-karari-verildi-turkiyede-siyasi-gerilim-yukseliyor\/"]}]},{"@type":"ImageObject","inLanguage":"tr","@id":"https:\/\/avrupatv.eu\/index.php\/2025\/03\/23\/ekrem-imamoglu-icin-tutuklama-karari-verildi-turkiyede-siyasi-gerilim-yukseliyor\/#primaryimage","url":"https:\/\/avrupatv.eu\/wp-content\/uploads\/2025\/03\/1200xauto-1.webp","contentUrl":"https:\/\/avrupatv.eu\/wp-content\/uploads\/2025\/03\/1200xauto-1.webp","width":800,"height":508},{"@type":"BreadcrumbList","@id":"https:\/\/avrupatv.eu\/index.php\/2025\/03\/23\/ekrem-imamoglu-icin-tutuklama-karari-verildi-turkiyede-siyasi-gerilim-yukseliyor\/#breadcrumb","itemListElement":[{"@type":"ListItem","position":1,"name":"Anasayfa","item":"https:\/\/avrupatv.eu\/"},{"@type":"ListItem","position":2,"name":"Ekrem \u0130mamo\u011flu \u0130\u00e7in Tutuklama Karar\u0131 Verildi: T\u00fcrkiye\u2019de Siyasi Gerilim Y\u00fckseliyor"}]},{"@type":"WebSite","@id":"https:\/\/avrupatv.eu\/#website","url":"https:\/\/avrupatv.eu\/","name":"Avrupal\u0131 T\u00fcrklerin en Yeni Haber Portal\u0131","description":"","publisher":{"@id":"https:\/\/avrupatv.eu\/#organization"},"alternateName":"Avrupa tv","potentialAction":[{"@type":"SearchAction","target":{"@type":"EntryPoint","urlTemplate":"https:\/\/avrupatv.eu\/?s={search_term_string}"},"query-input":{"@type":"PropertyValueSpecification","valueRequired":true,"valueName":"search_term_string"}}],"inLanguage":"tr"},{"@type":"Organization","@id":"https:\/\/avrupatv.eu\/#organization","name":"Avrupa Haber","url":"https:\/\/avrupatv.eu\/","logo":{"@type":"ImageObject","inLanguage":"tr","@id":"https:\/\/avrupatv.eu\/#\/schema\/logo\/image\/","url":"https:\/\/avrupatv.eu\/wp-content\/uploads\/2023\/10\/cropped-thumbnail_logo.png","contentUrl":"https:\/\/avrupatv.eu\/wp-content\/uploads\/2023\/10\/cropped-thumbnail_logo.png","width":1025,"height":302,"caption":"Avrupa Haber"},"image":{"@id":"https:\/\/avrupatv.eu\/#\/schema\/logo\/image\/"}},{"@type":"Person","@id":"https:\/\/avrupatv.eu\/#\/schema\/person\/d56afa5d5569da4029d483da36c0c17d","name":"Onur Akpinar","image":{"@type":"ImageObject","inLanguage":"tr","@id":"https:\/\/secure.gravatar.com\/avatar\/67a1a0bdf34f82da209334e4684b7e7171a58a5a2b0a8f836b61044f5c1f5d6a?s=96&d=mm&r=g","url":"https:\/\/secure.gravatar.com\/avatar\/67a1a0bdf34f82da209334e4684b7e7171a58a5a2b0a8f836b61044f5c1f5d6a?s=96&d=mm&r=g","contentUrl":"https:\/\/secure.gravatar.com\/avatar\/67a1a0bdf34f82da209334e4684b7e7171a58a5a2b0a8f836b61044f5c1f5d6a?s=96&d=mm&r=g","caption":"Onur Akpinar"},"url":"https:\/\/avrupatv.eu\/index.php\/author\/onur-akpinar\/"}]}},"_links":{"self":[{"href":"https:\/\/avrupatv.eu\/index.php\/wp-json\/wp\/v2\/posts\/1027","targetHints":{"allow":["GET"]}}],"collection":[{"href":"https:\/\/avrupatv.eu\/index.php\/wp-json\/wp\/v2\/posts"}],"about":[{"href":"https:\/\/avrupatv.eu\/index.php\/wp-json\/wp\/v2\/types\/post"}],"author":[{"embeddable":true,"href":"https:\/\/avrupatv.eu\/index.php\/wp-json\/wp\/v2\/users\/2"}],"replies":[{"embeddable":true,"href":"https:\/\/avrupatv.eu\/index.php\/wp-json\/wp\/v2\/comments?post=1027"}],"version-history":[{"count":1,"href":"https:\/\/avrupatv.eu\/index.php\/wp-json\/wp\/v2\/posts\/1027\/revisions"}],"predecessor-version":[{"id":1029,"href":"https:\/\/avrupatv.eu\/index.php\/wp-json\/wp\/v2\/posts\/1027\/revisions\/1029"}],"wp:featuredmedia":[{"embeddable":true,"href":"https:\/\/avrupatv.eu\/index.php\/wp-json\/wp\/v2\/media\/1028"}],"wp:attachment":[{"href":"https:\/\/avrupatv.eu\/index.php\/wp-json\/wp\/v2\/media?parent=1027"}],"wp:term":[{"taxonomy":"category","embeddable":true,"href":"https:\/\/avrupatv.eu\/index.php\/wp-json\/wp\/v2\/categories?post=1027"},{"taxonomy":"post_tag","embeddable":true,"href":"https:\/\/avrupatv.eu\/index.php\/wp-json\/wp\/v2\/tags?post=1027"}],"curies":[{"name":"wp","href":"https:\/\/api.w.org\/{rel}","templated":true}]}}