{"id":101,"date":"2023-11-01T18:55:15","date_gmt":"2023-11-01T18:55:15","guid":{"rendered":"https:\/\/avrupatv.eu\/?p=101"},"modified":"2023-11-01T18:55:15","modified_gmt":"2023-11-01T18:55:15","slug":"israilin-cibaliya-multeci-kampi-bombardimani-geride-buyuk-bir-yikim-birakti","status":"publish","type":"post","link":"https:\/\/avrupatv.eu\/index.php\/2023\/11\/01\/israilin-cibaliya-multeci-kampi-bombardimani-geride-buyuk-bir-yikim-birakti\/","title":{"rendered":"\u0130srail&#8217;in Cibaliya M\u00fclteci Kamp\u0131 bombard\u0131man\u0131 geride b\u00fcy\u00fck bir y\u0131k\u0131m b\u0131rakt\u0131"},"content":{"rendered":"\n<p>\u0130srail ordusunun, d\u00fcn Gazze \u015eeridi\u2019nin kuzeyindeki Cibaliya M\u00fclteci Kamp\u0131\u2019na d\u00fczenledi\u011fi ve en az 100 ki\u015finin \u00f6ld\u00fcr\u00fcld\u00fc\u011f\u00fc, y\u00fczlercesinin ise yaraland\u0131\u011f\u0131 bombard\u0131man geride b\u00fcy\u00fck bir y\u0131k\u0131m b\u0131rakt\u0131.<\/p>\n\n\n\n<p>Daha \u00e7ok asbest ve sacdan yap\u0131lan evlerin bulundu\u011fu b\u00f6lgede ya\u015fayan Ahmed Ukka\u015fe, AA muhabirine yapt\u0131\u011f\u0131 a\u00e7\u0131klamada, &#8220;\u0130srail, sivillerin ya\u015fad\u0131\u011f\u0131 45 evi yerle bir etti.&#8221; dedi.<\/p>\n\n\n\n<ul class=\"wp-block-list\">\n<li><a href=\"https:\/\/www.aa.com.tr\/tr\/dunya\/israil-gazzenin-kuzeyindeki-cibaliya-multeci-kampini-yine-vurdu-onlarca-olu-ve-yarali-var\/3040103\" target=\"_blank\" rel=\"noreferrer noopener\"><strong>\u0130srail, Gazze&#8217;nin kuzeyindeki Cibaliya M\u00fclteci Kamp\u0131&#8217;n\u0131 yine vurdu: Onlarca \u00f6l\u00fc ve yaral\u0131 var<\/strong><\/a><\/li>\n\n\n\n<li><a href=\"https:\/\/www.aa.com.tr\/tr\/dunya\/israilin-gazzeye-saldirilarinda-3-bin-648i-cocuk-8-bin-796-kisi-oldu\/3039842\" target=\"_blank\" rel=\"noreferrer noopener\"><strong>\u0130srail&#8217;in Gazze&#8217;ye sald\u0131r\u0131lar\u0131nda 3 bin 648&#8217;i \u00e7ocuk 8 bin 796 ki\u015fi \u00f6ld\u00fc<\/strong><\/a><\/li>\n\n\n\n<li><strong><a href=\"https:\/\/www.aa.com.tr\/tr\/dunya\/israil-gucleri-gazze-de-henuz-bir-yasini-doldurmamis-133-bebegi-oldurdu\/3038573\" target=\"_blank\" rel=\"noreferrer noopener\">\u0130srail g\u00fc\u00e7leri, Gazze\u2019de hen\u00fcz bir ya\u015f\u0131n\u0131 doldurmam\u0131\u015f 133 bebe\u011fi \u00f6ld\u00fcrd\u00fc<\/a><\/strong><\/li>\n<\/ul>\n\n\n\n<p>Ukka\u015fe, &#8220;Bir\u00e7ok \u015fehidi enkazdan ellerimizle, k\u0131s\u0131tl\u0131 imkanlarla \u00e7\u0131kard\u0131k. Te\u00e7hizat\u0131m\u0131z yok, elektri\u011fimiz yok ve kimse bize yard\u0131m etmiyor.&#8221; diye konu\u015ftu.<\/p>\n\n\n\n<h3 class=\"wp-block-heading\">&#8220;Baz\u0131 cenazeleri evlerin \u00e7at\u0131lar\u0131nda par\u00e7alara ayr\u0131lm\u0131\u015f halde bulduk&#8221;<\/h3>\n\n\n\n<p>\u0130srail\u2019in vurdu\u011fu b\u00f6lgede enkaz alt\u0131nda 100&#8217;den fazla ki\u015finin oldu\u011funu s\u00f6yleyen Ukka\u015fe, &#8220;Baz\u0131 cenazeleri evlerin \u00e7at\u0131lar\u0131nda par\u00e7alara ayr\u0131lm\u0131\u015f halde bulduk.&#8221; ifadelerini kulland\u0131.<\/p>\n\n\n\n<p>Gazze&#8217;deki Sa\u011fl\u0131k Bakanl\u0131\u011f\u0131, d\u00fcn \u0130srail sava\u015f u\u00e7aklar\u0131n\u0131n Gazze \u015eeridi&#8217;nin kuzeyindeki Cibaliya M\u00fclteci Kamp\u0131&#8217;na sald\u0131r\u0131 d\u00fczenledi\u011fini duyurmu\u015ftu.<\/p>\n\n\n\n<figure class=\"wp-block-image\"><img decoding=\"async\" src=\"https:\/\/www.aa.com.tr\/uploads\/userFiles\/76bad36d-1411-48e8-a1ae-b65e58872c06\/03.02%2F19%2F9%2FAA-32600872.jpg\" alt=\"\"\/><\/figure>\n\n\n\n<p>Sald\u0131r\u0131da, kamptaki sivil yerle\u015fim yerlerinden 6 Blok Mahallesi&#8217;nin tamamen yerle bir edildi\u011fi, en az 100 ki\u015finin \u00f6ld\u00fcr\u00fcld\u00fc\u011f\u00fc a\u00e7\u0131klanm\u0131\u015ft\u0131.<\/p>\n\n\n\n<p>\u0130srail bombard\u0131man\u0131ndan sa\u011f kurtulanlar\u0131n g\u00f6t\u00fcr\u00fcld\u00fc\u011f\u00fc Endonezya Hastanesi yetkilileri de \u0130srail sald\u0131r\u0131s\u0131 nedeniyle \u00f6len veya yaralananlar\u0131n toplam say\u0131s\u0131n\u0131n yakla\u015f\u0131k 400 oldu\u011funu belirtmi\u015fti.<\/p>\n\n\n\n<h3 class=\"wp-block-heading\">BM, Bat\u0131 \u015eeria&#8217;da &#8220;ciddi \u015fekilde&#8221; artan yerle\u015fimci sald\u0131r\u0131lar\u0131na kar\u015f\u0131 uyard\u0131<\/h3>\n\n\n\n<p>BM \u0130nsani Yard\u0131m Koordinasyon Ofisi&#8217;nden (OCHA) yap\u0131lan yaz\u0131l\u0131 a\u00e7\u0131klamada, i\u015fgal alt\u0131ndaki Bat\u0131 \u015eeria&#8217;da 7 Ekim&#8217;den bu yana 820 Filistinlinin yerinden edildi\u011fi, \u0130srailli yerle\u015fimcilerin sald\u0131r\u0131lar\u0131n\u0131n g\u00fcnde ortalama 3&#8217;ten 7&#8217;ye \u00e7\u0131kt\u0131\u011f\u0131 bildirildi.<\/p>\n\n\n\n<p>A\u00e7\u0131klamada, bu d\u00f6nemde Filistinlilere y\u00f6nelik 171 yerle\u015fimci sald\u0131r\u0131s\u0131 kaydedildi\u011fi bilgisi verildi.<\/p>\n\n\n\n<p>Yerle\u015fimcilerin can ve mal kayb\u0131na yol a\u00e7an sald\u0131r\u0131lar\u0131n yan\u0131 s\u0131ra Filistinlilerin hareket serbestisini de engelledi\u011fi belirtilen a\u00e7\u0131klamada, k\u0131s\u0131tlamalar nedeniyle insani yard\u0131m hizmetinin de durduruldu\u011fu aktar\u0131ld\u0131.<\/p>\n\n\n\n<p>A\u00e7\u0131klamada, yerle\u015fimcilerin ate\u015fli silahlar da kullanarak, Filistinlileri tehdit etmeyi s\u00fcrd\u00fcrd\u00fc\u011f\u00fc vurguland\u0131.<\/p>\n\n\n\n<h3 class=\"wp-block-heading\">BM Acil Yard\u0131m Koordinat\u00f6r\u00fc Griffiths, \u0130srail&#8217;in Cibaliya M\u00fclteci Kamp\u0131&#8217;na sald\u0131r\u0131s\u0131na tepki g\u00f6sterdi<\/h3>\n\n\n\n<p>\u200b\u200b\u200b\u200b\u200b\u200b\u200bGriffiths, \u0130srail ve i\u015fgal alt\u0131ndaki Filistin topraklar\u0131nda yapt\u0131\u011f\u0131 iki g\u00fcnl\u00fck incelemelerin ard\u0131ndan yaz\u0131l\u0131 a\u00e7\u0131klamada bulundu.<\/p>\n\n\n\n<p>B\u00f6lgedeki acil insani duruma i\u015faret eden Griffiths, &#8220;Gazze&#8217;de Cibaliya M\u00fclteci Kamp\u0131&#8217;na yap\u0131lan son sald\u0131r\u0131lar\u0131n ard\u0131ndan \u00e7ok say\u0131da sivilin \u00f6ld\u00fc\u011f\u00fc bildirildi. Bu, sava\u015f\u0131n giderek daha korkun\u00e7 insani sonu\u00e7lar do\u011furacak \u015fekilde daha da \u00fcrk\u00fct\u00fcc\u00fc bir a\u015famaya girdi\u011fi, Gazze halk\u0131n\u0131n ba\u015f\u0131na gelen son vah\u015fettir.&#8221; ifadesini kulland\u0131.<\/p>\n\n\n\n<p>Griffiths, \u0130srail taraf\u0131nda hayat\u0131n\u0131 kaybeden 1400&#8217;den fazla ki\u015finin 200&#8217;den fazla rehinenin yak\u0131nlar\u0131n\u0131n &#8220;ac\u0131 i\u00e7inde ya\u015famaya devam etti\u011fini, Gazze&#8217;de ise &#8220;kad\u0131n ve \u00e7ocuklar dahil&#8221; sivillerin &#8220;bombalanarak \u00f6ld\u00fcr\u00fcld\u00fc\u011f\u00fcn\u00fc&#8221; vurgulad\u0131.<\/p>\n\n\n\n<p>7 Ekim ve sonras\u0131n\u0131n, milyonlarca insan\u0131n hayat\u0131nda &#8220;silinmez izler&#8221; b\u0131rakt\u0131\u011f\u0131n\u0131 belirten Griffiths, &#8220;Gazze&#8217;de kad\u0131nlar, \u00e7ocuklar ve erkekler a\u00e7 b\u0131rak\u0131l\u0131yor, travma ya\u015f\u0131yor ve bombalanarak \u00f6ld\u00fcr\u00fcl\u00fcyor. (Gazze halk\u0131) \u0130nsanl\u0131\u011fa olan t\u00fcm inan\u00e7lar\u0131n\u0131 ve gelece\u011fe dair t\u00fcm umutlar\u0131n\u0131 kaybetmi\u015flerdir. Umutsuzluklar\u0131 g\u00f6zle g\u00f6r\u00fcl\u00fcr d\u00fczeyde.&#8221; ifadesini kulland\u0131.<\/p>\n\n\n\n<h3 class=\"wp-block-heading\">&#8220;Bu b\u00f6yle devam edemez&#8221;<\/h3>\n\n\n\n<p>Griffiths, \u0130srail&#8217;in sald\u0131r\u0131lar\u0131 sonucu Bat\u0131 \u015eeria&#8217;da da &#8220;\u00f6l\u00fc say\u0131s\u0131n\u0131n artt\u0131\u011f\u0131n\u0131&#8221; vurgulayarak &#8220;Bu arada d\u00fcnya harekete ge\u00e7emiyor veya harekete ge\u00e7mek istemiyor gibi g\u00f6r\u00fcn\u00fcyor. Bu b\u00f6yle devam edemez. Ad\u0131m de\u011fi\u015fikli\u011fine ihtiyac\u0131m\u0131z var.&#8221; de\u011ferlendirmesinde bulundu.<\/p>\n\n\n\n<p>&#8220;Sava\u015f kurallar\u0131na sayg\u0131y\u0131 sa\u011flamak, \u00e7at\u0131\u015fmay\u0131 hafifletmek ve yay\u0131lmay\u0131 \u00f6nlemek i\u00e7in n\u00fcfuz sahibi olanlar\u0131n bu n\u00fcfuzu kullanmalar\u0131na ihtiyac\u0131m\u0131z var.&#8221; ifadesini kullanan Griifiths, harekete ge\u00e7ilmemesi halinde bunun b\u00f6lgenin \u00e7ok \u00f6tesinde sonu\u00e7lar\u0131 olaca\u011f\u0131n\u0131 s\u00f6ylerken &#8220;\u00c7\u00fcnk\u00fc bu k\u00fcresel bir kriz.&#8221; diye ekledi.<\/p>\n\n\n\n<p>Rehinelerin &#8220;derhal ve ko\u015fulsuz&#8221; serbest b\u0131rak\u0131lmas\u0131 gere\u011fini vurgulayan Grifftihs, &#8220;Hayatta kalmak i\u00e7in gerekli olan maddeleri g\u00fcvenli, an\u0131nda ve geni\u015f \u00f6l\u00e7ekte sa\u011flayabilmemiz gerekiyor. Zorlu m\u00fczakerelerin ard\u0131ndan \u015fu ana kadar Gazze&#8217;ye ge\u00e7en 200&#8217;den fazla kamyon bir miktar rahatlama sa\u011fl\u0131yor ancak yeterli de\u011fil.&#8221; a\u00e7\u0131klamas\u0131nda bulundu.<\/p>\n\n\n\n<p>Kaynak: Anadolu Ajans\u0131<\/p>\n","protected":false},"excerpt":{"rendered":"<p>\u0130srail ordusunun, d\u00fcn Gazze \u015eeridi\u2019nin kuzeyindeki Cibaliya M\u00fclteci Kamp\u0131\u2019na d\u00fczenledi\u011fi ve en az 100 ki\u015finin \u00f6ld\u00fcr\u00fcld\u00fc\u011f\u00fc, y\u00fczlercesinin ise yaraland\u0131\u011f\u0131 bombard\u0131man geride b\u00fcy\u00fck bir y\u0131k\u0131m b\u0131rakt\u0131. Daha \u00e7ok asbest ve sacdan yap\u0131lan evlerin bulundu\u011fu b\u00f6lgede ya\u015fayan Ahmed Ukka\u015fe, AA muhabirine yapt\u0131\u011f\u0131 a\u00e7\u0131klamada, &#8220;\u0130srail, sivillerin ya\u015fad\u0131\u011f\u0131 45 evi yerle bir etti.&#8221; dedi. Ukka\u015fe, &#8220;Bir\u00e7ok \u015fehidi enkazdan ellerimizle, [&hellip;]<\/p>\n","protected":false},"author":2,"featured_media":102,"comment_status":"open","ping_status":"open","sticky":false,"template":"","format":"standard","meta":{"footnotes":""},"categories":[1,6,7],"tags":[],"class_list":["post-101","post","type-post","status-publish","format-standard","has-post-thumbnail","hentry","category-blog","category-dunya","category-savas"],"yoast_head":"<!-- This site is optimized with the Yoast SEO plugin v27.4 - https:\/\/yoast.com\/product\/yoast-seo-wordpress\/ -->\n<title>\u0130srail&#039;in Cibaliya M\u00fclteci Kamp\u0131 bombard\u0131man\u0131 geride b\u00fcy\u00fck bir y\u0131k\u0131m b\u0131rakt\u0131 - Avrupal\u0131 T\u00fcrklerin en Yeni Haber Portal\u0131<\/title>\n<meta name=\"robots\" content=\"index, follow, max-snippet:-1, max-image-preview:large, max-video-preview:-1\" \/>\n<link rel=\"canonical\" href=\"https:\/\/avrupatv.eu\/index.php\/2023\/11\/01\/israilin-cibaliya-multeci-kampi-bombardimani-geride-buyuk-bir-yikim-birakti\/\" \/>\n<meta property=\"og:locale\" content=\"tr_TR\" \/>\n<meta property=\"og:type\" content=\"article\" \/>\n<meta property=\"og:title\" content=\"\u0130srail&#039;in Cibaliya M\u00fclteci Kamp\u0131 bombard\u0131man\u0131 geride b\u00fcy\u00fck bir y\u0131k\u0131m b\u0131rakt\u0131 - Avrupal\u0131 T\u00fcrklerin en Yeni Haber Portal\u0131\" \/>\n<meta property=\"og:description\" content=\"\u0130srail ordusunun, d\u00fcn Gazze \u015eeridi\u2019nin kuzeyindeki Cibaliya M\u00fclteci Kamp\u0131\u2019na d\u00fczenledi\u011fi ve en az 100 ki\u015finin \u00f6ld\u00fcr\u00fcld\u00fc\u011f\u00fc, y\u00fczlercesinin ise yaraland\u0131\u011f\u0131 bombard\u0131man geride b\u00fcy\u00fck bir y\u0131k\u0131m b\u0131rakt\u0131. Daha \u00e7ok asbest ve sacdan yap\u0131lan evlerin bulundu\u011fu b\u00f6lgede ya\u015fayan Ahmed Ukka\u015fe, AA muhabirine yapt\u0131\u011f\u0131 a\u00e7\u0131klamada, &#8220;\u0130srail, sivillerin ya\u015fad\u0131\u011f\u0131 45 evi yerle bir etti.&#8221; dedi. Ukka\u015fe, &#8220;Bir\u00e7ok \u015fehidi enkazdan ellerimizle, [&hellip;]\" \/>\n<meta property=\"og:url\" content=\"https:\/\/avrupatv.eu\/index.php\/2023\/11\/01\/israilin-cibaliya-multeci-kampi-bombardimani-geride-buyuk-bir-yikim-birakti\/\" \/>\n<meta property=\"og:site_name\" content=\"Avrupal\u0131 T\u00fcrklerin en Yeni Haber Portal\u0131\" \/>\n<meta property=\"article:published_time\" content=\"2023-11-01T18:55:15+00:00\" \/>\n<meta property=\"og:image\" content=\"https:\/\/avrupatv.eu\/wp-content\/uploads\/2023\/11\/03.02_19_9_AA-32600860.jpg\" \/>\n\t<meta property=\"og:image:width\" content=\"750\" \/>\n\t<meta property=\"og:image:height\" content=\"500\" \/>\n\t<meta property=\"og:image:type\" content=\"image\/jpeg\" \/>\n<meta name=\"author\" content=\"Onur Akpinar\" \/>\n<meta name=\"twitter:card\" content=\"summary_large_image\" \/>\n<meta name=\"twitter:label1\" content=\"Yazan:\" \/>\n\t<meta name=\"twitter:data1\" content=\"Onur Akpinar\" \/>\n\t<meta name=\"twitter:label2\" content=\"Tahmini okuma s\u00fcresi\" \/>\n\t<meta name=\"twitter:data2\" content=\"3 dakika\" \/>\n<script type=\"application\/ld+json\" class=\"yoast-schema-graph\">{\"@context\":\"https:\\\/\\\/schema.org\",\"@graph\":[{\"@type\":\"Article\",\"@id\":\"https:\\\/\\\/avrupatv.eu\\\/index.php\\\/2023\\\/11\\\/01\\\/israilin-cibaliya-multeci-kampi-bombardimani-geride-buyuk-bir-yikim-birakti\\\/#article\",\"isPartOf\":{\"@id\":\"https:\\\/\\\/avrupatv.eu\\\/index.php\\\/2023\\\/11\\\/01\\\/israilin-cibaliya-multeci-kampi-bombardimani-geride-buyuk-bir-yikim-birakti\\\/\"},\"author\":{\"name\":\"Onur Akpinar\",\"@id\":\"https:\\\/\\\/avrupatv.eu\\\/#\\\/schema\\\/person\\\/d56afa5d5569da4029d483da36c0c17d\"},\"headline\":\"\u0130srail&#8217;in Cibaliya M\u00fclteci Kamp\u0131 bombard\u0131man\u0131 geride b\u00fcy\u00fck bir y\u0131k\u0131m b\u0131rakt\u0131\",\"datePublished\":\"2023-11-01T18:55:15+00:00\",\"mainEntityOfPage\":{\"@id\":\"https:\\\/\\\/avrupatv.eu\\\/index.php\\\/2023\\\/11\\\/01\\\/israilin-cibaliya-multeci-kampi-bombardimani-geride-buyuk-bir-yikim-birakti\\\/\"},\"wordCount\":829,\"commentCount\":1,\"publisher\":{\"@id\":\"https:\\\/\\\/avrupatv.eu\\\/#organization\"},\"image\":{\"@id\":\"https:\\\/\\\/avrupatv.eu\\\/index.php\\\/2023\\\/11\\\/01\\\/israilin-cibaliya-multeci-kampi-bombardimani-geride-buyuk-bir-yikim-birakti\\\/#primaryimage\"},\"thumbnailUrl\":\"https:\\\/\\\/avrupatv.eu\\\/wp-content\\\/uploads\\\/2023\\\/11\\\/03.02_19_9_AA-32600860.jpg\",\"articleSection\":[\"Blog\",\"D\u00fcnya\",\"Sava\u015f\"],\"inLanguage\":\"tr\",\"potentialAction\":[{\"@type\":\"CommentAction\",\"name\":\"Comment\",\"target\":[\"https:\\\/\\\/avrupatv.eu\\\/index.php\\\/2023\\\/11\\\/01\\\/israilin-cibaliya-multeci-kampi-bombardimani-geride-buyuk-bir-yikim-birakti\\\/#respond\"]}]},{\"@type\":\"WebPage\",\"@id\":\"https:\\\/\\\/avrupatv.eu\\\/index.php\\\/2023\\\/11\\\/01\\\/israilin-cibaliya-multeci-kampi-bombardimani-geride-buyuk-bir-yikim-birakti\\\/\",\"url\":\"https:\\\/\\\/avrupatv.eu\\\/index.php\\\/2023\\\/11\\\/01\\\/israilin-cibaliya-multeci-kampi-bombardimani-geride-buyuk-bir-yikim-birakti\\\/\",\"name\":\"\u0130srail'in Cibaliya M\u00fclteci Kamp\u0131 bombard\u0131man\u0131 geride b\u00fcy\u00fck bir y\u0131k\u0131m b\u0131rakt\u0131 - Avrupal\u0131 T\u00fcrklerin en Yeni Haber Portal\u0131\",\"isPartOf\":{\"@id\":\"https:\\\/\\\/avrupatv.eu\\\/#website\"},\"primaryImageOfPage\":{\"@id\":\"https:\\\/\\\/avrupatv.eu\\\/index.php\\\/2023\\\/11\\\/01\\\/israilin-cibaliya-multeci-kampi-bombardimani-geride-buyuk-bir-yikim-birakti\\\/#primaryimage\"},\"image\":{\"@id\":\"https:\\\/\\\/avrupatv.eu\\\/index.php\\\/2023\\\/11\\\/01\\\/israilin-cibaliya-multeci-kampi-bombardimani-geride-buyuk-bir-yikim-birakti\\\/#primaryimage\"},\"thumbnailUrl\":\"https:\\\/\\\/avrupatv.eu\\\/wp-content\\\/uploads\\\/2023\\\/11\\\/03.02_19_9_AA-32600860.jpg\",\"datePublished\":\"2023-11-01T18:55:15+00:00\",\"breadcrumb\":{\"@id\":\"https:\\\/\\\/avrupatv.eu\\\/index.php\\\/2023\\\/11\\\/01\\\/israilin-cibaliya-multeci-kampi-bombardimani-geride-buyuk-bir-yikim-birakti\\\/#breadcrumb\"},\"inLanguage\":\"tr\",\"potentialAction\":[{\"@type\":\"ReadAction\",\"target\":[\"https:\\\/\\\/avrupatv.eu\\\/index.php\\\/2023\\\/11\\\/01\\\/israilin-cibaliya-multeci-kampi-bombardimani-geride-buyuk-bir-yikim-birakti\\\/\"]}]},{\"@type\":\"ImageObject\",\"inLanguage\":\"tr\",\"@id\":\"https:\\\/\\\/avrupatv.eu\\\/index.php\\\/2023\\\/11\\\/01\\\/israilin-cibaliya-multeci-kampi-bombardimani-geride-buyuk-bir-yikim-birakti\\\/#primaryimage\",\"url\":\"https:\\\/\\\/avrupatv.eu\\\/wp-content\\\/uploads\\\/2023\\\/11\\\/03.02_19_9_AA-32600860.jpg\",\"contentUrl\":\"https:\\\/\\\/avrupatv.eu\\\/wp-content\\\/uploads\\\/2023\\\/11\\\/03.02_19_9_AA-32600860.jpg\",\"width\":750,\"height\":500},{\"@type\":\"BreadcrumbList\",\"@id\":\"https:\\\/\\\/avrupatv.eu\\\/index.php\\\/2023\\\/11\\\/01\\\/israilin-cibaliya-multeci-kampi-bombardimani-geride-buyuk-bir-yikim-birakti\\\/#breadcrumb\",\"itemListElement\":[{\"@type\":\"ListItem\",\"position\":1,\"name\":\"Anasayfa\",\"item\":\"https:\\\/\\\/avrupatv.eu\\\/\"},{\"@type\":\"ListItem\",\"position\":2,\"name\":\"\u0130srail&#8217;in Cibaliya M\u00fclteci Kamp\u0131 bombard\u0131man\u0131 geride b\u00fcy\u00fck bir y\u0131k\u0131m b\u0131rakt\u0131\"}]},{\"@type\":\"WebSite\",\"@id\":\"https:\\\/\\\/avrupatv.eu\\\/#website\",\"url\":\"https:\\\/\\\/avrupatv.eu\\\/\",\"name\":\"Avrupal\u0131 T\u00fcrklerin en Yeni Haber Portal\u0131\",\"description\":\"\",\"publisher\":{\"@id\":\"https:\\\/\\\/avrupatv.eu\\\/#organization\"},\"alternateName\":\"Avrupa tv\",\"potentialAction\":[{\"@type\":\"SearchAction\",\"target\":{\"@type\":\"EntryPoint\",\"urlTemplate\":\"https:\\\/\\\/avrupatv.eu\\\/?s={search_term_string}\"},\"query-input\":{\"@type\":\"PropertyValueSpecification\",\"valueRequired\":true,\"valueName\":\"search_term_string\"}}],\"inLanguage\":\"tr\"},{\"@type\":\"Organization\",\"@id\":\"https:\\\/\\\/avrupatv.eu\\\/#organization\",\"name\":\"Avrupa Haber\",\"url\":\"https:\\\/\\\/avrupatv.eu\\\/\",\"logo\":{\"@type\":\"ImageObject\",\"inLanguage\":\"tr\",\"@id\":\"https:\\\/\\\/avrupatv.eu\\\/#\\\/schema\\\/logo\\\/image\\\/\",\"url\":\"https:\\\/\\\/avrupatv.eu\\\/wp-content\\\/uploads\\\/2023\\\/10\\\/cropped-thumbnail_logo.png\",\"contentUrl\":\"https:\\\/\\\/avrupatv.eu\\\/wp-content\\\/uploads\\\/2023\\\/10\\\/cropped-thumbnail_logo.png\",\"width\":1025,\"height\":302,\"caption\":\"Avrupa Haber\"},\"image\":{\"@id\":\"https:\\\/\\\/avrupatv.eu\\\/#\\\/schema\\\/logo\\\/image\\\/\"}},{\"@type\":\"Person\",\"@id\":\"https:\\\/\\\/avrupatv.eu\\\/#\\\/schema\\\/person\\\/d56afa5d5569da4029d483da36c0c17d\",\"name\":\"Onur Akpinar\",\"image\":{\"@type\":\"ImageObject\",\"inLanguage\":\"tr\",\"@id\":\"https:\\\/\\\/secure.gravatar.com\\\/avatar\\\/67a1a0bdf34f82da209334e4684b7e7171a58a5a2b0a8f836b61044f5c1f5d6a?s=96&d=mm&r=g\",\"url\":\"https:\\\/\\\/secure.gravatar.com\\\/avatar\\\/67a1a0bdf34f82da209334e4684b7e7171a58a5a2b0a8f836b61044f5c1f5d6a?s=96&d=mm&r=g\",\"contentUrl\":\"https:\\\/\\\/secure.gravatar.com\\\/avatar\\\/67a1a0bdf34f82da209334e4684b7e7171a58a5a2b0a8f836b61044f5c1f5d6a?s=96&d=mm&r=g\",\"caption\":\"Onur Akpinar\"},\"url\":\"https:\\\/\\\/avrupatv.eu\\\/index.php\\\/author\\\/onur-akpinar\\\/\"}]}<\/script>\n<!-- \/ Yoast SEO plugin. -->","yoast_head_json":{"title":"\u0130srail'in Cibaliya M\u00fclteci Kamp\u0131 bombard\u0131man\u0131 geride b\u00fcy\u00fck bir y\u0131k\u0131m b\u0131rakt\u0131 - Avrupal\u0131 T\u00fcrklerin en Yeni Haber Portal\u0131","robots":{"index":"index","follow":"follow","max-snippet":"max-snippet:-1","max-image-preview":"max-image-preview:large","max-video-preview":"max-video-preview:-1"},"canonical":"https:\/\/avrupatv.eu\/index.php\/2023\/11\/01\/israilin-cibaliya-multeci-kampi-bombardimani-geride-buyuk-bir-yikim-birakti\/","og_locale":"tr_TR","og_type":"article","og_title":"\u0130srail'in Cibaliya M\u00fclteci Kamp\u0131 bombard\u0131man\u0131 geride b\u00fcy\u00fck bir y\u0131k\u0131m b\u0131rakt\u0131 - Avrupal\u0131 T\u00fcrklerin en Yeni Haber Portal\u0131","og_description":"\u0130srail ordusunun, d\u00fcn Gazze \u015eeridi\u2019nin kuzeyindeki Cibaliya M\u00fclteci Kamp\u0131\u2019na d\u00fczenledi\u011fi ve en az 100 ki\u015finin \u00f6ld\u00fcr\u00fcld\u00fc\u011f\u00fc, y\u00fczlercesinin ise yaraland\u0131\u011f\u0131 bombard\u0131man geride b\u00fcy\u00fck bir y\u0131k\u0131m b\u0131rakt\u0131. Daha \u00e7ok asbest ve sacdan yap\u0131lan evlerin bulundu\u011fu b\u00f6lgede ya\u015fayan Ahmed Ukka\u015fe, AA muhabirine yapt\u0131\u011f\u0131 a\u00e7\u0131klamada, &#8220;\u0130srail, sivillerin ya\u015fad\u0131\u011f\u0131 45 evi yerle bir etti.&#8221; dedi. Ukka\u015fe, &#8220;Bir\u00e7ok \u015fehidi enkazdan ellerimizle, [&hellip;]","og_url":"https:\/\/avrupatv.eu\/index.php\/2023\/11\/01\/israilin-cibaliya-multeci-kampi-bombardimani-geride-buyuk-bir-yikim-birakti\/","og_site_name":"Avrupal\u0131 T\u00fcrklerin en Yeni Haber Portal\u0131","article_published_time":"2023-11-01T18:55:15+00:00","og_image":[{"width":750,"height":500,"url":"https:\/\/avrupatv.eu\/wp-content\/uploads\/2023\/11\/03.02_19_9_AA-32600860.jpg","type":"image\/jpeg"}],"author":"Onur Akpinar","twitter_card":"summary_large_image","twitter_misc":{"Yazan:":"Onur Akpinar","Tahmini okuma s\u00fcresi":"3 dakika"},"schema":{"@context":"https:\/\/schema.org","@graph":[{"@type":"Article","@id":"https:\/\/avrupatv.eu\/index.php\/2023\/11\/01\/israilin-cibaliya-multeci-kampi-bombardimani-geride-buyuk-bir-yikim-birakti\/#article","isPartOf":{"@id":"https:\/\/avrupatv.eu\/index.php\/2023\/11\/01\/israilin-cibaliya-multeci-kampi-bombardimani-geride-buyuk-bir-yikim-birakti\/"},"author":{"name":"Onur Akpinar","@id":"https:\/\/avrupatv.eu\/#\/schema\/person\/d56afa5d5569da4029d483da36c0c17d"},"headline":"\u0130srail&#8217;in Cibaliya M\u00fclteci Kamp\u0131 bombard\u0131man\u0131 geride b\u00fcy\u00fck bir y\u0131k\u0131m b\u0131rakt\u0131","datePublished":"2023-11-01T18:55:15+00:00","mainEntityOfPage":{"@id":"https:\/\/avrupatv.eu\/index.php\/2023\/11\/01\/israilin-cibaliya-multeci-kampi-bombardimani-geride-buyuk-bir-yikim-birakti\/"},"wordCount":829,"commentCount":1,"publisher":{"@id":"https:\/\/avrupatv.eu\/#organization"},"image":{"@id":"https:\/\/avrupatv.eu\/index.php\/2023\/11\/01\/israilin-cibaliya-multeci-kampi-bombardimani-geride-buyuk-bir-yikim-birakti\/#primaryimage"},"thumbnailUrl":"https:\/\/avrupatv.eu\/wp-content\/uploads\/2023\/11\/03.02_19_9_AA-32600860.jpg","articleSection":["Blog","D\u00fcnya","Sava\u015f"],"inLanguage":"tr","potentialAction":[{"@type":"CommentAction","name":"Comment","target":["https:\/\/avrupatv.eu\/index.php\/2023\/11\/01\/israilin-cibaliya-multeci-kampi-bombardimani-geride-buyuk-bir-yikim-birakti\/#respond"]}]},{"@type":"WebPage","@id":"https:\/\/avrupatv.eu\/index.php\/2023\/11\/01\/israilin-cibaliya-multeci-kampi-bombardimani-geride-buyuk-bir-yikim-birakti\/","url":"https:\/\/avrupatv.eu\/index.php\/2023\/11\/01\/israilin-cibaliya-multeci-kampi-bombardimani-geride-buyuk-bir-yikim-birakti\/","name":"\u0130srail'in Cibaliya M\u00fclteci Kamp\u0131 bombard\u0131man\u0131 geride b\u00fcy\u00fck bir y\u0131k\u0131m b\u0131rakt\u0131 - Avrupal\u0131 T\u00fcrklerin en Yeni Haber Portal\u0131","isPartOf":{"@id":"https:\/\/avrupatv.eu\/#website"},"primaryImageOfPage":{"@id":"https:\/\/avrupatv.eu\/index.php\/2023\/11\/01\/israilin-cibaliya-multeci-kampi-bombardimani-geride-buyuk-bir-yikim-birakti\/#primaryimage"},"image":{"@id":"https:\/\/avrupatv.eu\/index.php\/2023\/11\/01\/israilin-cibaliya-multeci-kampi-bombardimani-geride-buyuk-bir-yikim-birakti\/#primaryimage"},"thumbnailUrl":"https:\/\/avrupatv.eu\/wp-content\/uploads\/2023\/11\/03.02_19_9_AA-32600860.jpg","datePublished":"2023-11-01T18:55:15+00:00","breadcrumb":{"@id":"https:\/\/avrupatv.eu\/index.php\/2023\/11\/01\/israilin-cibaliya-multeci-kampi-bombardimani-geride-buyuk-bir-yikim-birakti\/#breadcrumb"},"inLanguage":"tr","potentialAction":[{"@type":"ReadAction","target":["https:\/\/avrupatv.eu\/index.php\/2023\/11\/01\/israilin-cibaliya-multeci-kampi-bombardimani-geride-buyuk-bir-yikim-birakti\/"]}]},{"@type":"ImageObject","inLanguage":"tr","@id":"https:\/\/avrupatv.eu\/index.php\/2023\/11\/01\/israilin-cibaliya-multeci-kampi-bombardimani-geride-buyuk-bir-yikim-birakti\/#primaryimage","url":"https:\/\/avrupatv.eu\/wp-content\/uploads\/2023\/11\/03.02_19_9_AA-32600860.jpg","contentUrl":"https:\/\/avrupatv.eu\/wp-content\/uploads\/2023\/11\/03.02_19_9_AA-32600860.jpg","width":750,"height":500},{"@type":"BreadcrumbList","@id":"https:\/\/avrupatv.eu\/index.php\/2023\/11\/01\/israilin-cibaliya-multeci-kampi-bombardimani-geride-buyuk-bir-yikim-birakti\/#breadcrumb","itemListElement":[{"@type":"ListItem","position":1,"name":"Anasayfa","item":"https:\/\/avrupatv.eu\/"},{"@type":"ListItem","position":2,"name":"\u0130srail&#8217;in Cibaliya M\u00fclteci Kamp\u0131 bombard\u0131man\u0131 geride b\u00fcy\u00fck bir y\u0131k\u0131m b\u0131rakt\u0131"}]},{"@type":"WebSite","@id":"https:\/\/avrupatv.eu\/#website","url":"https:\/\/avrupatv.eu\/","name":"Avrupal\u0131 T\u00fcrklerin en Yeni Haber Portal\u0131","description":"","publisher":{"@id":"https:\/\/avrupatv.eu\/#organization"},"alternateName":"Avrupa tv","potentialAction":[{"@type":"SearchAction","target":{"@type":"EntryPoint","urlTemplate":"https:\/\/avrupatv.eu\/?s={search_term_string}"},"query-input":{"@type":"PropertyValueSpecification","valueRequired":true,"valueName":"search_term_string"}}],"inLanguage":"tr"},{"@type":"Organization","@id":"https:\/\/avrupatv.eu\/#organization","name":"Avrupa Haber","url":"https:\/\/avrupatv.eu\/","logo":{"@type":"ImageObject","inLanguage":"tr","@id":"https:\/\/avrupatv.eu\/#\/schema\/logo\/image\/","url":"https:\/\/avrupatv.eu\/wp-content\/uploads\/2023\/10\/cropped-thumbnail_logo.png","contentUrl":"https:\/\/avrupatv.eu\/wp-content\/uploads\/2023\/10\/cropped-thumbnail_logo.png","width":1025,"height":302,"caption":"Avrupa Haber"},"image":{"@id":"https:\/\/avrupatv.eu\/#\/schema\/logo\/image\/"}},{"@type":"Person","@id":"https:\/\/avrupatv.eu\/#\/schema\/person\/d56afa5d5569da4029d483da36c0c17d","name":"Onur Akpinar","image":{"@type":"ImageObject","inLanguage":"tr","@id":"https:\/\/secure.gravatar.com\/avatar\/67a1a0bdf34f82da209334e4684b7e7171a58a5a2b0a8f836b61044f5c1f5d6a?s=96&d=mm&r=g","url":"https:\/\/secure.gravatar.com\/avatar\/67a1a0bdf34f82da209334e4684b7e7171a58a5a2b0a8f836b61044f5c1f5d6a?s=96&d=mm&r=g","contentUrl":"https:\/\/secure.gravatar.com\/avatar\/67a1a0bdf34f82da209334e4684b7e7171a58a5a2b0a8f836b61044f5c1f5d6a?s=96&d=mm&r=g","caption":"Onur Akpinar"},"url":"https:\/\/avrupatv.eu\/index.php\/author\/onur-akpinar\/"}]}},"_links":{"self":[{"href":"https:\/\/avrupatv.eu\/index.php\/wp-json\/wp\/v2\/posts\/101","targetHints":{"allow":["GET"]}}],"collection":[{"href":"https:\/\/avrupatv.eu\/index.php\/wp-json\/wp\/v2\/posts"}],"about":[{"href":"https:\/\/avrupatv.eu\/index.php\/wp-json\/wp\/v2\/types\/post"}],"author":[{"embeddable":true,"href":"https:\/\/avrupatv.eu\/index.php\/wp-json\/wp\/v2\/users\/2"}],"replies":[{"embeddable":true,"href":"https:\/\/avrupatv.eu\/index.php\/wp-json\/wp\/v2\/comments?post=101"}],"version-history":[{"count":0,"href":"https:\/\/avrupatv.eu\/index.php\/wp-json\/wp\/v2\/posts\/101\/revisions"}],"wp:featuredmedia":[{"embeddable":true,"href":"https:\/\/avrupatv.eu\/index.php\/wp-json\/wp\/v2\/media\/102"}],"wp:attachment":[{"href":"https:\/\/avrupatv.eu\/index.php\/wp-json\/wp\/v2\/media?parent=101"}],"wp:term":[{"taxonomy":"category","embeddable":true,"href":"https:\/\/avrupatv.eu\/index.php\/wp-json\/wp\/v2\/categories?post=101"},{"taxonomy":"post_tag","embeddable":true,"href":"https:\/\/avrupatv.eu\/index.php\/wp-json\/wp\/v2\/tags?post=101"}],"curies":[{"name":"wp","href":"https:\/\/api.w.org\/{rel}","templated":true}]}}